{"id":67465,"date":"2016-03-07T08:49:10","date_gmt":"2016-03-07T11:49:10","guid":{"rendered":"http:\/\/www.eltrabajo.cl\/portal\/?p=67465"},"modified":"2016-03-07T08:49:10","modified_gmt":"2016-03-07T11:49:10","slug":"estudio-afirma-que-no-hay-presencia-de-metales-pesados-en-rio-aconcagua","status":"publish","type":"post","link":"https:\/\/eltrabajo.cl\/portal\/estudio-afirma-que-no-hay-presencia-de-metales-pesados-en-rio-aconcagua\/","title":{"rendered":"Estudio afirma que no hay presencia de metales pesados en r\u00edo Aconcagua"},"content":{"rendered":"<figure id=\"attachment_67466\" aria-describedby=\"caption-attachment-67466\" style=\"width: 530px\" class=\"wp-caption alignleft\"><a href=\"http:\/\/www.eltrabajo.cl\/portal\/estudio-afirma-que-no-hay-presencia-de-metales-pesados-en-rio-aconcagua\/estudio_agua1\/\" rel=\"attachment wp-att-67466\"><img data-recalc-dims=\"1\" loading=\"lazy\" decoding=\"async\" class=\"size-full wp-image-67466\" src=\"https:\/\/i0.wp.com\/www.eltrabajo.cl\/portal\/wp-content\/uploads\/2016\/03\/estudio_agua1.jpg?resize=530%2C349\" alt=\"Las muestras se tomaron en 12 puntos de la zona de Aconcagua, con el fin de investigar las condiciones en que qued\u00f3 el agua luego del derrame. \" width=\"530\" height=\"349\" srcset=\"https:\/\/i0.wp.com\/eltrabajo.cl\/portal\/wp-content\/uploads\/2016\/03\/estudio_agua1.jpg?w=530&amp;ssl=1 530w, https:\/\/i0.wp.com\/eltrabajo.cl\/portal\/wp-content\/uploads\/2016\/03\/estudio_agua1.jpg?resize=200%2C132&amp;ssl=1 200w, https:\/\/i0.wp.com\/eltrabajo.cl\/portal\/wp-content\/uploads\/2016\/03\/estudio_agua1.jpg?resize=300%2C198&amp;ssl=1 300w, https:\/\/i0.wp.com\/eltrabajo.cl\/portal\/wp-content\/uploads\/2016\/03\/estudio_agua1.jpg?resize=228%2C150&amp;ssl=1 228w, https:\/\/i0.wp.com\/eltrabajo.cl\/portal\/wp-content\/uploads\/2016\/03\/estudio_agua1.jpg?resize=400%2C263&amp;ssl=1 400w\" sizes=\"auto, (max-width: 530px) 100vw, 530px\" \/><\/a><figcaption id=\"caption-attachment-67466\" class=\"wp-caption-text\">Las muestras se tomaron en 12 puntos de la zona de Aconcagua, con el fin de investigar las condiciones en que qued\u00f3 el agua luego del derrame.<\/figcaption><\/figure>\n<p><strong>Realizado por la Universidad Cat\u00f3lica de Valpara\u00edso:<\/strong><\/p>\n<p><strong>LOS ANDES.-<\/strong> El estudio encargado por el municipio al N\u00facleo de Biotecnolog\u00eda Curauma de la Universidad Cat\u00f3lica de Valpara\u00edso, no detect\u00f3 la presencia de metales pesados en las aguas del r\u00edo Aconcagua tras el derrame de concentrado de cobre ocurrido la semana pasada.<br \/>\nLos resultados de este estudio fueron dados a conocer a la opini\u00f3n p\u00fablica en el Centro Cultural de Los Andes donde estuvo presente el alcalde Mauricio Navarro.<\/p>\n<figure id=\"attachment_67467\" aria-describedby=\"caption-attachment-67467\" style=\"width: 300px\" class=\"wp-caption alignleft\"><a href=\"http:\/\/www.eltrabajo.cl\/portal\/estudio-afirma-que-no-hay-presencia-de-metales-pesados-en-rio-aconcagua\/rolando-chamy\/\" rel=\"attachment wp-att-67467\"><img data-recalc-dims=\"1\" loading=\"lazy\" decoding=\"async\" class=\"size-medium wp-image-67467\" src=\"https:\/\/i0.wp.com\/www.eltrabajo.cl\/portal\/wp-content\/uploads\/2016\/03\/Rolando-Chamy-300x198.jpg?resize=300%2C198\" alt=\"Rolando Chamy, director del N\u00facleo de Biotecnolog\u00eda de la PUC, se\u00f1al\u00f3 que los no hab\u00eda presencia de metales pesados en concentraciones que haga sobrepasar la norma y que sean un peligro para la ciudadan\u00eda.\" width=\"300\" height=\"198\" srcset=\"https:\/\/i0.wp.com\/eltrabajo.cl\/portal\/wp-content\/uploads\/2016\/03\/Rolando-Chamy.jpg?resize=300%2C198&amp;ssl=1 300w, https:\/\/i0.wp.com\/eltrabajo.cl\/portal\/wp-content\/uploads\/2016\/03\/Rolando-Chamy.jpg?resize=200%2C132&amp;ssl=1 200w, https:\/\/i0.wp.com\/eltrabajo.cl\/portal\/wp-content\/uploads\/2016\/03\/Rolando-Chamy.jpg?resize=228%2C150&amp;ssl=1 228w, https:\/\/i0.wp.com\/eltrabajo.cl\/portal\/wp-content\/uploads\/2016\/03\/Rolando-Chamy.jpg?resize=400%2C263&amp;ssl=1 400w, https:\/\/i0.wp.com\/eltrabajo.cl\/portal\/wp-content\/uploads\/2016\/03\/Rolando-Chamy.jpg?w=530&amp;ssl=1 530w\" sizes=\"auto, (max-width: 300px) 100vw, 300px\" \/><\/a><figcaption id=\"caption-attachment-67467\" class=\"wp-caption-text\">Rolando Chamy, director del N\u00facleo de Biotecnolog\u00eda de la PUC, se\u00f1al\u00f3 que los no hab\u00eda presencia de metales pesados en concentraciones que haga sobrepasar la norma y que sean un peligro para la ciudadan\u00eda.<\/figcaption><\/figure>\n<p>El director del N\u00facleo de Biotecnolog\u00eda de la PUC, Rolando Chamy, indic\u00f3 que los d\u00edas viernes 26, s\u00e1bado 27 y lunes 29 de febrero se tomaron muestras en diferentes puntos de la cuenca del r\u00edo no arrojando resultados positivos respecto a la presencia de cinco metales pesados que pudieran estar generando contaminaci\u00f3n a causa del derrame.<br \/>\n\u201cLos an\u00e1lisis dio como conclusi\u00f3n que no hab\u00eda presencia de ninguno de estos metales en concentraciones que haga sobrepasar la norma y por lo tanto creo que es importante darle tranquilidad a la poblaci\u00f3n que en estos momentos tanto el agua potable como agua de regad\u00edo cumplen con las normas m\u00ednimas exigidas\u201d, subray\u00f3 Chamy.<br \/>\nRemarc\u00f3 que las aguas del r\u00edo no presentan ning\u00fan tipo de contaminaci\u00f3n, no obstante que aclar\u00f3 que estos muestreos del agua corresponden a los realizados el pasado fin de semana y no con posterioridad inmediata al derrame, \u201cpero lo importante es que ahora el agua potable como de regad\u00edo cumple con las normas m\u00ednimas para su consumo\u201d.<br \/>\nRolando Chamy dijo que se tomaron muestras 12 punto de la zona de Aconcagua correspondientes al Canal de regad\u00edo Escuela de R\u00edo Blanco \u2013 Escuela de R\u00edo Blanco \u2013 R\u00edo Blanco aguas abajo del derrame \u2013 R\u00edo Blanco aguas arriba del derrame \u2013 Club de campo \u2013 Bocatoma \u2013 Riecillo \u2013 Los Peumos \u2013 Local comercial casa Zofra \u2013 Villa Minera Andina San Guido 273 \u2013 Villa El Horizonte, Luis Bossay 107 y finalmente en APR El Sauce.<br \/>\n\u201cCada una de las muestras fue ingresada a los laboratorios de la Universidad, en donde se midi\u00f3 la presencia de Cobre, Ars\u00e9nico, Cadmio y Plomo, componentes que pudieran estar en concentraciones mayores a las permitidas como consecuencia del derrame\u201d, expuso.<br \/>\nA\u00f1adi\u00f3 que es muy dif\u00edcil de prever cuales habr\u00edan sido los resultados si estas mediciones se hubieran hecho inmediatamente despu\u00e9s del derrame, \u201cpues estar preparado para hacer un estudio en forma inmediata es imposible. Creo que ese concentrado se diluy\u00f3 en el gran caudal de agua que tra\u00eda el r\u00edo, es decir la cantidad de concentrado en referencia a la cantidad de agua termin\u00f3 en una diluci\u00f3n, quiero indicar que si en Los Andes hay diluci\u00f3n, hacia la costa mayor debe ser la diluci\u00f3n.\u201d<\/p>\n<p><strong>NORMA NACIONAL<\/strong><br \/>\nEn nuestro pa\u00eds, la calidad del agua se rige por las distintas normas elaboradas por el Instituto de Nacional de Normalizaci\u00f3n (INN). Los resultados obtenidos tras estos estudios indican que la calidad del agua est\u00e1 bajo de los par\u00e1metros exigidos por la norma sobre la calidad del agua. Por lo tanto no existe ning\u00fan inconveniente para que la poblaci\u00f3n de Los Andes y alrededores utilice el agua disponible, para los fines que estime conveniente.<br \/>\nCabe destacar que la calidad del agua, proveniente de cualquier servicio de abastecimiento debe cumplir con la norma chilena NCh 409\/1 of. 2005, la cual establece los requisitos bacteriol\u00f3gicos, f\u00edsicos y qu\u00edmicos que debe cumplir para que pueda ser consumida por la poblaci\u00f3n en todo el territorio nacional.<br \/>\nEn relaci\u00f3n del agua de regad\u00edo, debe cumplir con la norma chilena NCh 1333. Of 1978, modificada en 1987, la que fija un criterio de calidad del agua de acuerdo a los requerimientos cient\u00edficos referidos a aspectos f\u00edsicos, qu\u00edmicos y biol\u00f3gicos y seg\u00fan su uso determinado.<\/p>\n<p><strong>ACCIONES DE MITIGACI\u00d3N<\/strong><br \/>\nPor su parte, el alcalde Mauricio Navarro, subray\u00f3 que Codelco cometi\u00f3 una falta grave con este derrame y como municipio buscar\u00e1n las acciones compensatorias que corresponda, \u201cporque ha provocado un da\u00f1o en la flora y fauna, principalmente en la sensaci\u00f3n de inseguridad de la comunidad andina\u201d.<br \/>\n\u201cAfortunadamente este estudio de la Universidad Cat\u00f3lica de Valpara\u00edso da cuenta que al d\u00eda de hoy nuestra agua se encuentra libre de contaminantes pesados, pero independiente de ello nosotros como municipio vamos a continuar en el an\u00e1lisis muestral del R\u00edo Aconcagua en los pr\u00f3ximos tiempos; vamos a crear una comisi\u00f3n de sustentabilidad que tenga a cargo precisamente entre otras cosas poder verificar que contamos con niveles adecuados de contaminantes que producen las faenas de Codelco\u201d, plante\u00f3.<br \/>\nA\u00f1adi\u00f3 que tambi\u00e9n debe ser reparado el da\u00f1o que sufrieron 6.500 familias que estuvieron sin suministro de agua potable por cerca de 15 horas, lo que adem\u00e1s gener\u00f3 una enorme incertidumbre respecto de la calidad de la misma, \u201cpor lo que estos perjuicios deben ser reparados y la forma de repararlos es precisamente a trav\u00e9s de la acci\u00f3n de un da\u00f1o ambiental que como municipio vamos a interponer ante Codelco ya que nos parece que es la forma c\u00f3mo podemos, por una parte, evitar que en lo sucesivo vuelvan situaciones similares y por otro lado compensar adecuadamente a la comunidad que se vio afectada por la negligencia de Codelco en el cuidado y mantenci\u00f3n de esta ca\u00f1er\u00eda\u201d.<br \/>\nEn este sentido el alcalde afirm\u00f3 que una alternativa ser\u00eda el traslado de la planta de filtros para evitar nuevos riesgos de derrame de concentrado.<\/p>\n","protected":false},"excerpt":{"rendered":"<p>Realizado por la Universidad Cat\u00f3lica de Valpara\u00edso: LOS ANDES.- El estudio encargado por el municipio al N\u00facleo de Biotecnolog\u00eda Curauma de la Universidad Cat\u00f3lica de Valpara\u00edso, no detect\u00f3 la presencia de metales&#8230;<\/p>\n","protected":false},"author":1,"featured_media":67466,"comment_status":"open","ping_status":"open","sticky":false,"template":"","format":"standard","meta":{"advanced_seo_description":"","jetpack_seo_html_title":"","jetpack_seo_noindex":false,"_jetpack_memberships_contains_paid_content":false,"footnotes":""},"categories":[1],"tags":[],"class_list":["post-67465","post","type-post","status-publish","format-standard","has-post-thumbnail","hentry","category-cronica"],"jetpack_featured_media_url":"https:\/\/i0.wp.com\/eltrabajo.cl\/portal\/wp-content\/uploads\/2016\/03\/estudio_agua1.jpg?fit=530%2C349&ssl=1","jetpack_sharing_enabled":true,"jetpack_likes_enabled":true,"jetpack-related-posts":[],"_links":{"self":[{"href":"https:\/\/eltrabajo.cl\/portal\/wp-json\/wp\/v2\/posts\/67465","targetHints":{"allow":["GET"]}}],"collection":[{"href":"https:\/\/eltrabajo.cl\/portal\/wp-json\/wp\/v2\/posts"}],"about":[{"href":"https:\/\/eltrabajo.cl\/portal\/wp-json\/wp\/v2\/types\/post"}],"author":[{"embeddable":true,"href":"https:\/\/eltrabajo.cl\/portal\/wp-json\/wp\/v2\/users\/1"}],"replies":[{"embeddable":true,"href":"https:\/\/eltrabajo.cl\/portal\/wp-json\/wp\/v2\/comments?post=67465"}],"version-history":[{"count":0,"href":"https:\/\/eltrabajo.cl\/portal\/wp-json\/wp\/v2\/posts\/67465\/revisions"}],"wp:featuredmedia":[{"embeddable":true,"href":"https:\/\/eltrabajo.cl\/portal\/wp-json\/wp\/v2\/media\/67466"}],"wp:attachment":[{"href":"https:\/\/eltrabajo.cl\/portal\/wp-json\/wp\/v2\/media?parent=67465"}],"wp:term":[{"taxonomy":"category","embeddable":true,"href":"https:\/\/eltrabajo.cl\/portal\/wp-json\/wp\/v2\/categories?post=67465"},{"taxonomy":"post_tag","embeddable":true,"href":"https:\/\/eltrabajo.cl\/portal\/wp-json\/wp\/v2\/tags?post=67465"}],"curies":[{"name":"wp","href":"https:\/\/api.w.org\/{rel}","templated":true}]}}