{"id":67479,"date":"2016-03-07T08:57:30","date_gmt":"2016-03-07T11:57:30","guid":{"rendered":"http:\/\/www.eltrabajo.cl\/portal\/?p=67479"},"modified":"2016-03-07T08:57:30","modified_gmt":"2016-03-07T11:57:30","slug":"camerata-aconcagua-ofrecio-un-banquete-medieval-a-los-sanfelipenos","status":"publish","type":"post","link":"https:\/\/eltrabajo.cl\/portal\/camerata-aconcagua-ofrecio-un-banquete-medieval-a-los-sanfelipenos\/","title":{"rendered":"Camerata Aconcagua ofreci\u00f3 un Banquete Medieval a los sanfelipe\u00f1os"},"content":{"rendered":"<p><strong>M\u00fasica antigua sigue recuperando espacio en nuestro valle:<\/strong><\/p>\n<p>\u00bfAlguna vez nos hemos preguntado c\u00f3mo eran las canciones que se cantaban en el mundo en la Edad Media? No hab\u00eda radio, televisi\u00f3n, Internet ni m\u00e9todos para grabar sonidos ni im\u00e1genes, lo m\u00e1s probable es que todas esas creaciones art\u00edsticas se perdieron en el tiempo y tengamos que seguir conform\u00e1ndonos con la m\u00fasica cl\u00e1sica y moderna.<\/p>\n<p><strong>A MENOS QUE\u2026<\/strong><br \/>\nA menos que s\u00ed existiera alguna manera de escribir esas melod\u00edas y composiciones art\u00edsticas, para que en nuestra era podamos escucharlas. Eso es lo que ocurri\u00f3. Muchos monjes de la \u00e9poca recibieron la orden de escribir las creaciones que los viajeros llegaban a las capillas espa\u00f1olas en la \u00e9poca de Los Moros en Espa\u00f1a, raz\u00f3n por lo cual se combinan acentos \u00e1rabes y espa\u00f1oles en los Codex que existen a\u00fan hoy en d\u00eda, hablamos de Codex escritos en 1215, por decir una fecha entre tantas.<br \/>\nFue con esa intenci\u00f3n, la de interpretar para los sanfelipe\u00f1os esas canciones tan antiguas y tan especiales, que los seis artistas de Camerata Aconcagua ofrecieron el concierto Banquete Medieval, en donde interpretaron exquisitas melod\u00edas y canciones, en su idioma original, temas de la cultura Sefard\u00ed; m\u00fasica celta y varias joyas musicales del Libro Rojo de Monserrat.<\/p>\n<p><strong>PUREZA MUSICAL<\/strong><br \/>\nDiario El Trabajo pudo tomar registro el s\u00e1bado a las 19:30 horas de este concierto, \u00abnosotros buscamos compartir con nuestro p\u00fablico toda la fuerza y valor hist\u00f3rico cultural de la m\u00fasica antigua. Para ello usamos instrumentos de la \u00e9poca como guitarra barroca; vihuela renacentista; citola; flauta barroca; clavec\u00edn y percusiones de la \u00e9poca, \u00e1rabes, occidentales y sefard\u00edes\u00bb, coment\u00f3 el director de Camerata Aconcagua, Jorge Gaete Calder\u00f3n.<br \/>\nEsta agrupaci\u00f3n musical naci\u00f3 en 2007, es sanfelipe\u00f1a y \u00absomos la \u00fanica que cubre el vac\u00edo de exponentes de este importante periodo hist\u00f3rico, en donde se entremezclan corrientes tan dicot\u00f3micas como el determinismo y el humanismo de culturas tan diversas como el cristianismo; el juda\u00edsmo y el islamismo\u00bb, agreg\u00f3 Gaete.<br \/>\nEn este concierto se presentaron temas escogidos con lo mejor del medioevo, la devoci\u00f3n y alegr\u00eda de su gente. Los trabajos de Camerata Aconcagua abarcan el periodo entre el siglo XI al siglo XVIII. Los interesados en audicionar con Camerata Aconcagua, pueden llamar al fono 99814 5665.<br \/>\n<strong>Roberto Gonz\u00e1lez Short<\/strong><br \/>\n<strong>rgonzalez@eltrabajo.cl<\/strong><\/p>\n<div class=\"tiled-gallery type-rectangular tiled-gallery-unresized\" data-original-width=\"640\" data-carousel-extra='null' itemscope itemtype=\"http:\/\/schema.org\/ImageGallery\" > <div class=\"gallery-row\" style=\"width: 640px; height: 283px;\" data-original-width=\"640\" data-original-height=\"283\" > <div class=\"gallery-group images-1\" style=\"width: 428px; height: 283px;\" data-original-width=\"428\" data-original-height=\"283\" > <div class=\"tiled-gallery-item tiled-gallery-item-large\" itemprop=\"associatedMedia\" itemscope itemtype=\"http:\/\/schema.org\/ImageObject\"> <a href=\"https:\/\/eltrabajo.cl\/portal\/camerata-aconcagua-ofrecio-un-banquete-medieval-a-los-sanfelipenos\/camerata2\/\" border=\"0\" itemprop=\"url\"> <meta itemprop=\"width\" content=\"424\"> <meta itemprop=\"height\" content=\"279\"> <img decoding=\"async\" class=\"\" data-attachment-id=\"67480\" data-orig-file=\"https:\/\/eltrabajo.cl\/portal\/wp-content\/uploads\/2016\/03\/Camerata2.jpg\" data-orig-size=\"530,349\" data-comments-opened=\"1\" data-image-meta=\"{&quot;aperture&quot;:&quot;0&quot;,&quot;credit&quot;:&quot;&quot;,&quot;camera&quot;:&quot;&quot;,&quot;caption&quot;:&quot;&quot;,&quot;created_timestamp&quot;:&quot;0&quot;,&quot;copyright&quot;:&quot;&quot;,&quot;focal_length&quot;:&quot;0&quot;,&quot;iso&quot;:&quot;0&quot;,&quot;shutter_speed&quot;:&quot;0&quot;,&quot;title&quot;:&quot;&quot;,&quot;orientation&quot;:&quot;0&quot;}\" data-image-title=\"UN VERDADERO BANQUETE.- Camerata Aconcagua ofreci\u00f3 el concierto Banquete Medieval, en donde interpretaron temas de la cultura Sefard\u00ed; m\u00fasica celta y varias joyas musicales del Libro Rojo de Monserrat.\" data-image-description=\"&lt;p&gt;UN VERDADERO BANQUETE.- Camerata Aconcagua ofreci\u00f3 el concierto Banquete Medieval, en donde interpretaron temas de la cultura Sefard\u00ed; m\u00fasica celta y varias joyas musicales del Libro Rojo de Monserrat.&lt;\/p&gt; \" data-medium-file=\"https:\/\/i0.wp.com\/eltrabajo.cl\/portal\/wp-content\/uploads\/2016\/03\/Camerata2.jpg?fit=300%2C198&#038;ssl=1\" data-large-file=\"https:\/\/i0.wp.com\/eltrabajo.cl\/portal\/wp-content\/uploads\/2016\/03\/Camerata2.jpg?fit=530%2C349&#038;ssl=1\" src=\"https:\/\/i0.wp.com\/eltrabajo.cl\/portal\/wp-content\/uploads\/2016\/03\/Camerata2.jpg?w=424&#038;h=279&#038;ssl=1\" srcset=\"https:\/\/i0.wp.com\/eltrabajo.cl\/portal\/wp-content\/uploads\/2016\/03\/Camerata2.jpg?w=530&amp;ssl=1 530w, https:\/\/i0.wp.com\/eltrabajo.cl\/portal\/wp-content\/uploads\/2016\/03\/Camerata2.jpg?resize=200%2C132&amp;ssl=1 200w, https:\/\/i0.wp.com\/eltrabajo.cl\/portal\/wp-content\/uploads\/2016\/03\/Camerata2.jpg?resize=300%2C198&amp;ssl=1 300w, https:\/\/i0.wp.com\/eltrabajo.cl\/portal\/wp-content\/uploads\/2016\/03\/Camerata2.jpg?resize=228%2C150&amp;ssl=1 228w, https:\/\/i0.wp.com\/eltrabajo.cl\/portal\/wp-content\/uploads\/2016\/03\/Camerata2.jpg?resize=400%2C263&amp;ssl=1 400w\" width=\"424\" height=\"279\" loading=\"lazy\" data-original-width=\"424\" data-original-height=\"279\" itemprop=\"http:\/\/schema.org\/image\" title=\"UN VERDADERO BANQUETE.- Camerata Aconcagua ofreci\u00f3 el concierto Banquete Medieval, en donde interpretaron temas de la cultura Sefard\u00ed; m\u00fasica celta y varias joyas musicales del Libro Rojo de Monserrat.\" alt=\"UN VERDADERO BANQUETE.- Camerata Aconcagua ofreci\u00f3 el concierto Banquete Medieval, en donde interpretaron temas de la cultura Sefard\u00ed; m\u00fasica celta y varias joyas musicales del Libro Rojo de Monserrat.\" style=\"width: 424px; height: 279px;\" \/> <\/a> <div class=\"tiled-gallery-caption\" itemprop=\"caption description\"> UN VERDADERO BANQUETE.- Camerata Aconcagua ofreci\u00f3 el concierto Banquete Medieval, en donde interpretaron temas de la cultura Sefard\u00ed; m\u00fasica celta y varias joyas musicales del Libro Rojo de Monserrat. <\/div> <\/div> <\/div> <!-- close group --> <div class=\"gallery-group images-2\" style=\"width: 212px; height: 283px;\" data-original-width=\"212\" data-original-height=\"283\" > <div class=\"tiled-gallery-item tiled-gallery-item-small\" itemprop=\"associatedMedia\" itemscope itemtype=\"http:\/\/schema.org\/ImageObject\"> <a href=\"https:\/\/eltrabajo.cl\/portal\/camerata-aconcagua-ofrecio-un-banquete-medieval-a-los-sanfelipenos\/camerata33\/\" border=\"0\" itemprop=\"url\"> <meta itemprop=\"width\" content=\"208\"> <meta itemprop=\"height\" content=\"138\"> <img decoding=\"async\" class=\"\" data-attachment-id=\"67481\" data-orig-file=\"https:\/\/eltrabajo.cl\/portal\/wp-content\/uploads\/2016\/03\/Camerata33.jpg\" data-orig-size=\"530,350\" data-comments-opened=\"1\" data-image-meta=\"{&quot;aperture&quot;:&quot;0&quot;,&quot;credit&quot;:&quot;&quot;,&quot;camera&quot;:&quot;&quot;,&quot;caption&quot;:&quot;&quot;,&quot;created_timestamp&quot;:&quot;0&quot;,&quot;copyright&quot;:&quot;&quot;,&quot;focal_length&quot;:&quot;0&quot;,&quot;iso&quot;:&quot;0&quot;,&quot;shutter_speed&quot;:&quot;0&quot;,&quot;title&quot;:&quot;&quot;,&quot;orientation&quot;:&quot;0&quot;}\" data-image-title=\"CAMERATA ACONCAGUA.- Ellos son: Gladys Hern\u00e1ndez, Ximena Gonz\u00e1lez, Norma Ulloa, Carolina Iturrieta, Jorge Gaete y Lorena Fern\u00e1ndez.\" data-image-description=\"&lt;p&gt;CAMERATA ACONCAGUA.- Ellos son: Gladys Hern\u00e1ndez, Ximena Gonz\u00e1lez, Norma Ulloa, Carolina Iturrieta, Jorge Gaete y Lorena Fern\u00e1ndez. &lt;\/p&gt; \" data-medium-file=\"https:\/\/i0.wp.com\/eltrabajo.cl\/portal\/wp-content\/uploads\/2016\/03\/Camerata33.jpg?fit=300%2C198&#038;ssl=1\" data-large-file=\"https:\/\/i0.wp.com\/eltrabajo.cl\/portal\/wp-content\/uploads\/2016\/03\/Camerata33.jpg?fit=530%2C350&#038;ssl=1\" src=\"https:\/\/i0.wp.com\/eltrabajo.cl\/portal\/wp-content\/uploads\/2016\/03\/Camerata33.jpg?w=208&#038;h=138&#038;ssl=1\" srcset=\"https:\/\/i0.wp.com\/eltrabajo.cl\/portal\/wp-content\/uploads\/2016\/03\/Camerata33.jpg?w=530&amp;ssl=1 530w, https:\/\/i0.wp.com\/eltrabajo.cl\/portal\/wp-content\/uploads\/2016\/03\/Camerata33.jpg?resize=200%2C132&amp;ssl=1 200w, https:\/\/i0.wp.com\/eltrabajo.cl\/portal\/wp-content\/uploads\/2016\/03\/Camerata33.jpg?resize=300%2C198&amp;ssl=1 300w, https:\/\/i0.wp.com\/eltrabajo.cl\/portal\/wp-content\/uploads\/2016\/03\/Camerata33.jpg?resize=227%2C150&amp;ssl=1 227w, https:\/\/i0.wp.com\/eltrabajo.cl\/portal\/wp-content\/uploads\/2016\/03\/Camerata33.jpg?resize=400%2C264&amp;ssl=1 400w\" width=\"208\" height=\"138\" loading=\"lazy\" data-original-width=\"208\" data-original-height=\"138\" itemprop=\"http:\/\/schema.org\/image\" title=\"CAMERATA ACONCAGUA.- Ellos son: Gladys Hern\u00e1ndez, Ximena Gonz\u00e1lez, Norma Ulloa, Carolina Iturrieta, Jorge Gaete y Lorena Fern\u00e1ndez.\" alt=\"CAMERATA ACONCAGUA.- Ellos son: Gladys Hern\u00e1ndez, Ximena Gonz\u00e1lez, Norma Ulloa, Carolina Iturrieta, Jorge Gaete y Lorena Fern\u00e1ndez.\" style=\"width: 208px; height: 138px;\" \/> <\/a> <div class=\"tiled-gallery-caption\" itemprop=\"caption description\"> CAMERATA ACONCAGUA.- Ellos son: Gladys Hern\u00e1ndez, Ximena Gonz\u00e1lez, Norma Ulloa, Carolina Iturrieta, Jorge Gaete y Lorena Fern\u00e1ndez. <\/div> <\/div> <div class=\"tiled-gallery-item tiled-gallery-item-small\" itemprop=\"associatedMedia\" itemscope itemtype=\"http:\/\/schema.org\/ImageObject\"> <a href=\"https:\/\/eltrabajo.cl\/portal\/camerata-aconcagua-ofrecio-un-banquete-medieval-a-los-sanfelipenos\/jorge-gaete\/\" border=\"0\" itemprop=\"url\"> <meta itemprop=\"width\" content=\"208\"> <meta itemprop=\"height\" content=\"137\"> <img decoding=\"async\" class=\"\" data-attachment-id=\"67482\" data-orig-file=\"https:\/\/eltrabajo.cl\/portal\/wp-content\/uploads\/2016\/03\/Jorge-Gaete.jpg\" data-orig-size=\"530,349\" data-comments-opened=\"1\" data-image-meta=\"{&quot;aperture&quot;:&quot;0&quot;,&quot;credit&quot;:&quot;&quot;,&quot;camera&quot;:&quot;&quot;,&quot;caption&quot;:&quot;&quot;,&quot;created_timestamp&quot;:&quot;0&quot;,&quot;copyright&quot;:&quot;&quot;,&quot;focal_length&quot;:&quot;0&quot;,&quot;iso&quot;:&quot;0&quot;,&quot;shutter_speed&quot;:&quot;0&quot;,&quot;title&quot;:&quot;&quot;,&quot;orientation&quot;:&quot;0&quot;}\" data-image-title=\"Director de Camerata Aconcagua, Jorge Gaete Calder\u00f3n.\" data-image-description=\"&lt;p&gt;Director de Camerata Aconcagua, Jorge Gaete Calder\u00f3n.&lt;\/p&gt; \" data-medium-file=\"https:\/\/i0.wp.com\/eltrabajo.cl\/portal\/wp-content\/uploads\/2016\/03\/Jorge-Gaete.jpg?fit=300%2C198&#038;ssl=1\" data-large-file=\"https:\/\/i0.wp.com\/eltrabajo.cl\/portal\/wp-content\/uploads\/2016\/03\/Jorge-Gaete.jpg?fit=530%2C349&#038;ssl=1\" src=\"https:\/\/i0.wp.com\/eltrabajo.cl\/portal\/wp-content\/uploads\/2016\/03\/Jorge-Gaete.jpg?w=208&#038;h=137&#038;ssl=1\" srcset=\"https:\/\/i0.wp.com\/eltrabajo.cl\/portal\/wp-content\/uploads\/2016\/03\/Jorge-Gaete.jpg?w=530&amp;ssl=1 530w, https:\/\/i0.wp.com\/eltrabajo.cl\/portal\/wp-content\/uploads\/2016\/03\/Jorge-Gaete.jpg?resize=200%2C132&amp;ssl=1 200w, https:\/\/i0.wp.com\/eltrabajo.cl\/portal\/wp-content\/uploads\/2016\/03\/Jorge-Gaete.jpg?resize=300%2C198&amp;ssl=1 300w, https:\/\/i0.wp.com\/eltrabajo.cl\/portal\/wp-content\/uploads\/2016\/03\/Jorge-Gaete.jpg?resize=228%2C150&amp;ssl=1 228w, https:\/\/i0.wp.com\/eltrabajo.cl\/portal\/wp-content\/uploads\/2016\/03\/Jorge-Gaete.jpg?resize=400%2C263&amp;ssl=1 400w\" width=\"208\" height=\"137\" loading=\"lazy\" data-original-width=\"208\" data-original-height=\"137\" itemprop=\"http:\/\/schema.org\/image\" title=\"Director de Camerata Aconcagua, Jorge Gaete Calder\u00f3n.\" alt=\"Director de Camerata Aconcagua, Jorge Gaete Calder\u00f3n.\" style=\"width: 208px; height: 137px;\" \/> <\/a> <div class=\"tiled-gallery-caption\" itemprop=\"caption description\"> Director de Camerata Aconcagua, Jorge Gaete Calder\u00f3n. <\/div> <\/div> <\/div> <!-- close group --> <\/div> <!-- close row --> <div class=\"gallery-row\" style=\"width: 640px; height: 424px;\" data-original-width=\"640\" data-original-height=\"424\" > <div class=\"gallery-group images-1\" style=\"width: 640px; height: 424px;\" data-original-width=\"640\" data-original-height=\"424\" > <div class=\"tiled-gallery-item tiled-gallery-item-large\" itemprop=\"associatedMedia\" itemscope itemtype=\"http:\/\/schema.org\/ImageObject\"> <a href=\"https:\/\/eltrabajo.cl\/portal\/camerata-aconcagua-ofrecio-un-banquete-medieval-a-los-sanfelipenos\/norma-ulloa\/\" border=\"0\" itemprop=\"url\"> <meta itemprop=\"width\" content=\"636\"> <meta itemprop=\"height\" content=\"420\"> <img decoding=\"async\" class=\"\" data-attachment-id=\"67483\" data-orig-file=\"https:\/\/eltrabajo.cl\/portal\/wp-content\/uploads\/2016\/03\/Norma-Ulloa.jpg\" data-orig-size=\"530,350\" data-comments-opened=\"1\" data-image-meta=\"{&quot;aperture&quot;:&quot;0&quot;,&quot;credit&quot;:&quot;&quot;,&quot;camera&quot;:&quot;&quot;,&quot;caption&quot;:&quot;&quot;,&quot;created_timestamp&quot;:&quot;0&quot;,&quot;copyright&quot;:&quot;&quot;,&quot;focal_length&quot;:&quot;0&quot;,&quot;iso&quot;:&quot;0&quot;,&quot;shutter_speed&quot;:&quot;0&quot;,&quot;title&quot;:&quot;&quot;,&quot;orientation&quot;:&quot;0&quot;}\" data-image-title=\"TALENTO TRASANDINO.- Norma Ulloa, cantante argentina que desde hace tres a\u00f1os brilla en nuestro valle.\" data-image-description=\"&lt;p&gt;TALENTO TRASANDINO.- Norma Ulloa, cantante argentina que desde hace tres a\u00f1os brilla en nuestro valle.&lt;\/p&gt; \" data-medium-file=\"https:\/\/i0.wp.com\/eltrabajo.cl\/portal\/wp-content\/uploads\/2016\/03\/Norma-Ulloa.jpg?fit=300%2C198&#038;ssl=1\" data-large-file=\"https:\/\/i0.wp.com\/eltrabajo.cl\/portal\/wp-content\/uploads\/2016\/03\/Norma-Ulloa.jpg?fit=530%2C350&#038;ssl=1\" src=\"https:\/\/i0.wp.com\/eltrabajo.cl\/portal\/wp-content\/uploads\/2016\/03\/Norma-Ulloa.jpg?w=636&#038;h=420&#038;ssl=1\" srcset=\"https:\/\/i0.wp.com\/eltrabajo.cl\/portal\/wp-content\/uploads\/2016\/03\/Norma-Ulloa.jpg?w=530&amp;ssl=1 530w, https:\/\/i0.wp.com\/eltrabajo.cl\/portal\/wp-content\/uploads\/2016\/03\/Norma-Ulloa.jpg?resize=200%2C132&amp;ssl=1 200w, https:\/\/i0.wp.com\/eltrabajo.cl\/portal\/wp-content\/uploads\/2016\/03\/Norma-Ulloa.jpg?resize=300%2C198&amp;ssl=1 300w, https:\/\/i0.wp.com\/eltrabajo.cl\/portal\/wp-content\/uploads\/2016\/03\/Norma-Ulloa.jpg?resize=227%2C150&amp;ssl=1 227w, https:\/\/i0.wp.com\/eltrabajo.cl\/portal\/wp-content\/uploads\/2016\/03\/Norma-Ulloa.jpg?resize=400%2C264&amp;ssl=1 400w\" width=\"636\" height=\"420\" loading=\"lazy\" data-original-width=\"636\" data-original-height=\"420\" itemprop=\"http:\/\/schema.org\/image\" title=\"TALENTO TRASANDINO.- Norma Ulloa, cantante argentina que desde hace tres a\u00f1os brilla en nuestro valle.\" alt=\"TALENTO TRASANDINO.- Norma Ulloa, cantante argentina que desde hace tres a\u00f1os brilla en nuestro valle.\" style=\"width: 636px; height: 420px;\" \/> <\/a> <div class=\"tiled-gallery-caption\" itemprop=\"caption description\"> TALENTO TRASANDINO.- Norma Ulloa, cantante argentina que desde hace tres a\u00f1os brilla en nuestro valle. <\/div> <\/div> <\/div> <!-- close group --> <\/div> <!-- close row --> <\/div>\n","protected":false},"excerpt":{"rendered":"<p>M\u00fasica antigua sigue recuperando espacio en nuestro valle: \u00bfAlguna vez nos hemos preguntado c\u00f3mo eran las canciones que se cantaban en el mundo en la Edad Media? No hab\u00eda radio, televisi\u00f3n, Internet&#8230;<\/p>\n","protected":false},"author":1,"featured_media":67481,"comment_status":"open","ping_status":"open","sticky":false,"template":"","format":"standard","meta":{"advanced_seo_description":"","jetpack_seo_html_title":"","jetpack_seo_noindex":false,"_jetpack_memberships_contains_paid_content":false,"footnotes":""},"categories":[20],"tags":[],"class_list":["post-67479","post","type-post","status-publish","format-standard","has-post-thumbnail","hentry","category-arte-y-cultura"],"jetpack_featured_media_url":"https:\/\/i0.wp.com\/eltrabajo.cl\/portal\/wp-content\/uploads\/2016\/03\/Camerata33.jpg?fit=530%2C350&ssl=1","jetpack_sharing_enabled":true,"jetpack_likes_enabled":true,"jetpack-related-posts":[],"_links":{"self":[{"href":"https:\/\/eltrabajo.cl\/portal\/wp-json\/wp\/v2\/posts\/67479","targetHints":{"allow":["GET"]}}],"collection":[{"href":"https:\/\/eltrabajo.cl\/portal\/wp-json\/wp\/v2\/posts"}],"about":[{"href":"https:\/\/eltrabajo.cl\/portal\/wp-json\/wp\/v2\/types\/post"}],"author":[{"embeddable":true,"href":"https:\/\/eltrabajo.cl\/portal\/wp-json\/wp\/v2\/users\/1"}],"replies":[{"embeddable":true,"href":"https:\/\/eltrabajo.cl\/portal\/wp-json\/wp\/v2\/comments?post=67479"}],"version-history":[{"count":0,"href":"https:\/\/eltrabajo.cl\/portal\/wp-json\/wp\/v2\/posts\/67479\/revisions"}],"wp:featuredmedia":[{"embeddable":true,"href":"https:\/\/eltrabajo.cl\/portal\/wp-json\/wp\/v2\/media\/67481"}],"wp:attachment":[{"href":"https:\/\/eltrabajo.cl\/portal\/wp-json\/wp\/v2\/media?parent=67479"}],"wp:term":[{"taxonomy":"category","embeddable":true,"href":"https:\/\/eltrabajo.cl\/portal\/wp-json\/wp\/v2\/categories?post=67479"},{"taxonomy":"post_tag","embeddable":true,"href":"https:\/\/eltrabajo.cl\/portal\/wp-json\/wp\/v2\/tags?post=67479"}],"curies":[{"name":"wp","href":"https:\/\/api.w.org\/{rel}","templated":true}]}}