{"id":67493,"date":"2016-03-07T09:06:45","date_gmt":"2016-03-07T12:06:45","guid":{"rendered":"http:\/\/www.eltrabajo.cl\/portal\/?p=67493"},"modified":"2016-03-07T09:06:46","modified_gmt":"2016-03-07T12:06:46","slug":"un-trotamundos-que-siempre-lleva-consigo-nuestro-diario-el-trabajo","status":"publish","type":"post","link":"https:\/\/eltrabajo.cl\/portal\/un-trotamundos-que-siempre-lleva-consigo-nuestro-diario-el-trabajo\/","title":{"rendered":"Un trotamundos que siempre lleva consigo nuestro Diario El Trabajo"},"content":{"rendered":"<figure id=\"attachment_67494\" aria-describedby=\"caption-attachment-67494\" style=\"width: 530px\" class=\"wp-caption alignleft\"><a href=\"http:\/\/www.eltrabajo.cl\/portal\/un-trotamundos-que-siempre-lleva-consigo-nuestro-diario-el-trabajo\/libertad1\/\" rel=\"attachment wp-att-67494\"><img data-recalc-dims=\"1\" loading=\"lazy\" decoding=\"async\" class=\"size-full wp-image-67494\" src=\"https:\/\/i0.wp.com\/www.eltrabajo.cl\/portal\/wp-content\/uploads\/2016\/03\/Libertad1.jpg?resize=530%2C714\" alt=\"SIN FRONTERAS.- Aqu\u00ed tenemos a este trotamundos leyendo Diario El Trabajo al pie de la Estatua de la Libertad, en New York.\" width=\"530\" height=\"714\" srcset=\"https:\/\/i0.wp.com\/eltrabajo.cl\/portal\/wp-content\/uploads\/2016\/03\/Libertad1.jpg?w=530&amp;ssl=1 530w, https:\/\/i0.wp.com\/eltrabajo.cl\/portal\/wp-content\/uploads\/2016\/03\/Libertad1.jpg?resize=111%2C150&amp;ssl=1 111w, https:\/\/i0.wp.com\/eltrabajo.cl\/portal\/wp-content\/uploads\/2016\/03\/Libertad1.jpg?resize=223%2C300&amp;ssl=1 223w, https:\/\/i0.wp.com\/eltrabajo.cl\/portal\/wp-content\/uploads\/2016\/03\/Libertad1.jpg?resize=400%2C539&amp;ssl=1 400w\" sizes=\"auto, (max-width: 530px) 100vw, 530px\" \/><\/a><figcaption id=\"caption-attachment-67494\" class=\"wp-caption-text\">SIN FRONTERAS.- Aqu\u00ed tenemos a este trotamundos leyendo Diario El Trabajo al pie de la Estatua de la Libertad, en New York.<\/figcaption><\/figure>\n<p><strong>En sus viajes por el mundo los comparte a personas que visita:<\/strong><\/p>\n<p>Para nadie es un secreto que el conocid\u00edsimo profesor Helmut Kauffmann Chivano es uno de los m\u00e1s destacados columnistas de Diario El Trabajo, quien todos los lunes al igual que hoy, en la p\u00e1gina 2 de este ejemplar que usted tienen en sus manos, expone para nuestros lectores los m\u00e1s variados e interesantes planteamientos de Opini\u00f3n desde hace muchos a\u00f1os.<br \/>\nSin embargo, lo que pocos saben es que \u00e9l tambi\u00e9n es un trotamundos de primer nivel, pues paralelo a su rol de educador y director de distintos centros educativos en nuestra provincia, \u00e9l regularmente viaja a ex\u00f3ticos lugares del mundo y a famosas ciudades del planeta.<\/p>\n<p><strong>VIAJAR Y SO\u00d1AR<\/strong><br \/>\n\u00abCreo que la vida siempre nos ofrece un pu\u00f1ado de oportunidades cada d\u00eda, pienso que debemos aprovecharlas y disfrutar de lo que ella nos obsequia, viv\u00ed y trabaj\u00e9 en Isla de Pascua por 17 a\u00f1os, la vida tambi\u00e9n me ha permitido hacer Televisi\u00f3n, Radio y prensa escrita, amo lo que hago y apoyo a mis estudiantes para que ellos puedan tambi\u00e9n enfocarse en lo que m\u00e1s anhelan y puedan alcanzarlo\u00bb, coment\u00f3 Kauffmann a Diario El Trabajo tras su regreso de New York City, EE.UU.<br \/>\nPero lo cierto en el caso de nuestro columnista es que \u00e9l no viaja solo, siempre le acompa\u00f1an familiares o estudiantes, y siempre tambi\u00e9n lleva ejemplares de Diario El Trabajo para compartir con las personas a quien visita o conoce en sus viajes, es por ello que compartimos con nuestros lectores algunas de las fotograf\u00edas en donde nuestro medio se funde con los escenarios internacionales visitados por Helmut, a quien hoy p\u00fablicamente le agradecemos su fidelidad y atenciones para con el diario m\u00e1s vendido en todo el Valle Aconcagua.<\/p>\n<figure id=\"attachment_67495\" aria-describedby=\"caption-attachment-67495\" style=\"width: 530px\" class=\"wp-caption alignleft\"><a href=\"http:\/\/www.eltrabajo.cl\/portal\/un-trotamundos-que-siempre-lleva-consigo-nuestro-diario-el-trabajo\/pascua1-2\/\" rel=\"attachment wp-att-67495\"><img data-recalc-dims=\"1\" loading=\"lazy\" decoding=\"async\" class=\"size-full wp-image-67495\" src=\"https:\/\/i0.wp.com\/www.eltrabajo.cl\/portal\/wp-content\/uploads\/2016\/03\/Pascua1.jpg?resize=530%2C659\" alt=\"LECTORES Y VIAJEROS.- Como lo muestra est\u00e1 gr\u00e1fica, Helmut llev\u00f3 a varios de sus estudiantes a Isla de Pascua, lo pasaron regio y dedicaron sus ratos libres en leer Diario El Trabajo al pie de los imponentes moais de la isla.\" width=\"530\" height=\"659\" srcset=\"https:\/\/i0.wp.com\/eltrabajo.cl\/portal\/wp-content\/uploads\/2016\/03\/Pascua1.jpg?w=530&amp;ssl=1 530w, https:\/\/i0.wp.com\/eltrabajo.cl\/portal\/wp-content\/uploads\/2016\/03\/Pascua1.jpg?resize=121%2C150&amp;ssl=1 121w, https:\/\/i0.wp.com\/eltrabajo.cl\/portal\/wp-content\/uploads\/2016\/03\/Pascua1.jpg?resize=241%2C300&amp;ssl=1 241w, https:\/\/i0.wp.com\/eltrabajo.cl\/portal\/wp-content\/uploads\/2016\/03\/Pascua1.jpg?resize=400%2C497&amp;ssl=1 400w\" sizes=\"auto, (max-width: 530px) 100vw, 530px\" \/><\/a><figcaption id=\"caption-attachment-67495\" class=\"wp-caption-text\">LECTORES Y VIAJEROS.- Como lo muestra est\u00e1 gr\u00e1fica, Helmut llev\u00f3 a varios de sus estudiantes a Isla de Pascua, lo pasaron regio y dedicaron sus ratos libres en leer Diario El Trabajo al pie de los imponentes moais de la isla.<\/figcaption><\/figure>\n","protected":false},"excerpt":{"rendered":"<p>En sus viajes por el mundo los comparte a personas que visita: Para nadie es un secreto que el conocid\u00edsimo profesor Helmut Kauffmann Chivano es uno de los m\u00e1s destacados columnistas de&#8230;<\/p>\n","protected":false},"author":1,"featured_media":67496,"comment_status":"open","ping_status":"open","sticky":false,"template":"","format":"standard","meta":{"advanced_seo_description":"","jetpack_seo_html_title":"","jetpack_seo_noindex":false,"_jetpack_memberships_contains_paid_content":false,"footnotes":""},"categories":[15],"tags":[],"class_list":["post-67493","post","type-post","status-publish","format-standard","has-post-thumbnail","hentry","category-comunidad"],"jetpack_featured_media_url":"https:\/\/i0.wp.com\/eltrabajo.cl\/portal\/wp-content\/uploads\/2016\/03\/portada-sugerida.jpg?fit=530%2C392&ssl=1","jetpack_sharing_enabled":true,"jetpack_likes_enabled":true,"jetpack-related-posts":[],"_links":{"self":[{"href":"https:\/\/eltrabajo.cl\/portal\/wp-json\/wp\/v2\/posts\/67493","targetHints":{"allow":["GET"]}}],"collection":[{"href":"https:\/\/eltrabajo.cl\/portal\/wp-json\/wp\/v2\/posts"}],"about":[{"href":"https:\/\/eltrabajo.cl\/portal\/wp-json\/wp\/v2\/types\/post"}],"author":[{"embeddable":true,"href":"https:\/\/eltrabajo.cl\/portal\/wp-json\/wp\/v2\/users\/1"}],"replies":[{"embeddable":true,"href":"https:\/\/eltrabajo.cl\/portal\/wp-json\/wp\/v2\/comments?post=67493"}],"version-history":[{"count":0,"href":"https:\/\/eltrabajo.cl\/portal\/wp-json\/wp\/v2\/posts\/67493\/revisions"}],"wp:featuredmedia":[{"embeddable":true,"href":"https:\/\/eltrabajo.cl\/portal\/wp-json\/wp\/v2\/media\/67496"}],"wp:attachment":[{"href":"https:\/\/eltrabajo.cl\/portal\/wp-json\/wp\/v2\/media?parent=67493"}],"wp:term":[{"taxonomy":"category","embeddable":true,"href":"https:\/\/eltrabajo.cl\/portal\/wp-json\/wp\/v2\/categories?post=67493"},{"taxonomy":"post_tag","embeddable":true,"href":"https:\/\/eltrabajo.cl\/portal\/wp-json\/wp\/v2\/tags?post=67493"}],"curies":[{"name":"wp","href":"https:\/\/api.w.org\/{rel}","templated":true}]}}