{"id":67499,"date":"2016-03-07T09:08:16","date_gmt":"2016-03-07T12:08:16","guid":{"rendered":"http:\/\/www.eltrabajo.cl\/portal\/?p=67499"},"modified":"2016-03-07T09:08:16","modified_gmt":"2016-03-07T12:08:16","slug":"lo-capturan-ebrio-conduciendo-vehiculo-robado-en-direccion-a-la-costa","status":"publish","type":"post","link":"https:\/\/eltrabajo.cl\/portal\/lo-capturan-ebrio-conduciendo-vehiculo-robado-en-direccion-a-la-costa\/","title":{"rendered":"Lo capturan ebrio conduciendo veh\u00edculo robado en direcci\u00f3n a la costa"},"content":{"rendered":"<figure id=\"attachment_67500\" aria-describedby=\"caption-attachment-67500\" style=\"width: 530px\" class=\"wp-caption alignleft\"><a href=\"http:\/\/www.eltrabajo.cl\/portal\/lo-capturan-ebrio-conduciendo-vehiculo-robado-en-direccion-a-la-costa\/conductor-detenido\/\" rel=\"attachment wp-att-67500\"><img data-recalc-dims=\"1\" loading=\"lazy\" decoding=\"async\" class=\"size-full wp-image-67500\" src=\"https:\/\/i0.wp.com\/www.eltrabajo.cl\/portal\/wp-content\/uploads\/2016\/03\/CONDUCTOR-DETENIDO.jpg?resize=530%2C349\" alt=\"El conductor de 22 a\u00f1os de edad fue detenido conduciendo ebrio un veh\u00edculo robado desde San Felipe.\" width=\"530\" height=\"349\" srcset=\"https:\/\/i0.wp.com\/eltrabajo.cl\/portal\/wp-content\/uploads\/2016\/03\/CONDUCTOR-DETENIDO.jpg?w=530&amp;ssl=1 530w, https:\/\/i0.wp.com\/eltrabajo.cl\/portal\/wp-content\/uploads\/2016\/03\/CONDUCTOR-DETENIDO.jpg?resize=200%2C132&amp;ssl=1 200w, https:\/\/i0.wp.com\/eltrabajo.cl\/portal\/wp-content\/uploads\/2016\/03\/CONDUCTOR-DETENIDO.jpg?resize=300%2C198&amp;ssl=1 300w, https:\/\/i0.wp.com\/eltrabajo.cl\/portal\/wp-content\/uploads\/2016\/03\/CONDUCTOR-DETENIDO.jpg?resize=228%2C150&amp;ssl=1 228w, https:\/\/i0.wp.com\/eltrabajo.cl\/portal\/wp-content\/uploads\/2016\/03\/CONDUCTOR-DETENIDO.jpg?resize=400%2C263&amp;ssl=1 400w\" sizes=\"auto, (max-width: 530px) 100vw, 530px\" \/><\/a><figcaption id=\"caption-attachment-67500\" class=\"wp-caption-text\">El conductor de 22 a\u00f1os de edad fue detenido conduciendo ebrio un veh\u00edculo robado desde San Felipe.<\/figcaption><\/figure>\n<p><strong>Carabineros intercept\u00f3 m\u00f3vil justo en Peaje Las Vegas de Llay Llay:<\/strong><\/p>\n<p>La v\u00edctima hab\u00eda dejado estacionado su m\u00f3vil en calle Traslavi\u00f1a esquina Freire mientras disfrutaba en un concurrido pub, percat\u00e1ndose horas m\u00e1s tarde del robo. La polic\u00eda uniformada arrest\u00f3 a un adulto y un menor de 15 a\u00f1os.<br \/>\nEn el Peaje Las Vegas de Llay Llay, Carabineros arrest\u00f3 a dos sujetos, entre ellos un menor de edad, que momentos antes habr\u00edan robado un veh\u00edculo estacionado en las afueras de un concurrido pub ubicado en calle Freire esquina Traslavi\u00f1a en San Felipe, en horas de la madrugada de este s\u00e1bado.<br \/>\nEl il\u00edcito qued\u00f3 al descubierto luego que su propietario, tras abandonar el local comercial, se percat\u00f3 de la sustracci\u00f3n de su m\u00f3vil marca Hyundai color gris, placa patente GT HY 45, denunciando el robo inmediatamente a Carabineros.<br \/>\nEl Capit\u00e1n de Carabineros, Osvaldo Villarroel inform\u00f3 que luego de la recepci\u00f3n de esta denuncia, el veh\u00edculo fue interceptado en el Peaje Las Vegas a eso de las 05:00 la madrugada por el personal de la Siat de la polic\u00eda uniformada. Los efectivos encontraron al conductor en estado de ebriedad, y luego de practicarle un examen respiratorio, se comprob\u00f3 que manten\u00eda 1.44 gramos de alcohol por litro de sangre.<br \/>\n\u201cSe hace el encargo a todos los dispositivos del servicio nocturno, en un control vehicular en el Peaje Las Vegas se logra interceptar el veh\u00edculo donde se procede a la detenci\u00f3n de sus dos ocupantes de 22 a\u00f1os de edad y un menor de 15 a\u00f1os\u201d, afirm\u00f3 el oficial policial.<br \/>\nLos imputados fueron individualizados con las iniciales M.M.C.A. y el menor de 15 a\u00f1os de edad J.S.S.S., ambos domiciliados en la comuna de San Felipe, careciendo de antecedentes policiales pret\u00e9ritos, quedando a disposici\u00f3n de la Fiscal\u00eda por el delito de receptaci\u00f3n.<br \/>\nAsimismo el autom\u00f3vil recuperado no presentaba da\u00f1os en su carrocer\u00eda, siendo devuelto a su verdadero propietario.<br \/>\n<strong>Pablo Salinas Sald\u00edas<\/strong><\/p>\n","protected":false},"excerpt":{"rendered":"<p>Carabineros intercept\u00f3 m\u00f3vil justo en Peaje Las Vegas de Llay Llay: La v\u00edctima hab\u00eda dejado estacionado su m\u00f3vil en calle Traslavi\u00f1a esquina Freire mientras disfrutaba en un concurrido pub, percat\u00e1ndose horas m\u00e1s&#8230;<\/p>\n","protected":false},"author":1,"featured_media":67500,"comment_status":"open","ping_status":"open","sticky":false,"template":"","format":"standard","meta":{"advanced_seo_description":"","jetpack_seo_html_title":"","jetpack_seo_noindex":false,"_jetpack_memberships_contains_paid_content":false,"footnotes":""},"categories":[21],"tags":[],"class_list":["post-67499","post","type-post","status-publish","format-standard","has-post-thumbnail","hentry","category-policial"],"jetpack_featured_media_url":"https:\/\/i0.wp.com\/eltrabajo.cl\/portal\/wp-content\/uploads\/2016\/03\/CONDUCTOR-DETENIDO.jpg?fit=530%2C349&ssl=1","jetpack_sharing_enabled":true,"jetpack_likes_enabled":true,"jetpack-related-posts":[],"_links":{"self":[{"href":"https:\/\/eltrabajo.cl\/portal\/wp-json\/wp\/v2\/posts\/67499","targetHints":{"allow":["GET"]}}],"collection":[{"href":"https:\/\/eltrabajo.cl\/portal\/wp-json\/wp\/v2\/posts"}],"about":[{"href":"https:\/\/eltrabajo.cl\/portal\/wp-json\/wp\/v2\/types\/post"}],"author":[{"embeddable":true,"href":"https:\/\/eltrabajo.cl\/portal\/wp-json\/wp\/v2\/users\/1"}],"replies":[{"embeddable":true,"href":"https:\/\/eltrabajo.cl\/portal\/wp-json\/wp\/v2\/comments?post=67499"}],"version-history":[{"count":0,"href":"https:\/\/eltrabajo.cl\/portal\/wp-json\/wp\/v2\/posts\/67499\/revisions"}],"wp:featuredmedia":[{"embeddable":true,"href":"https:\/\/eltrabajo.cl\/portal\/wp-json\/wp\/v2\/media\/67500"}],"wp:attachment":[{"href":"https:\/\/eltrabajo.cl\/portal\/wp-json\/wp\/v2\/media?parent=67499"}],"wp:term":[{"taxonomy":"category","embeddable":true,"href":"https:\/\/eltrabajo.cl\/portal\/wp-json\/wp\/v2\/categories?post=67499"},{"taxonomy":"post_tag","embeddable":true,"href":"https:\/\/eltrabajo.cl\/portal\/wp-json\/wp\/v2\/tags?post=67499"}],"curies":[{"name":"wp","href":"https:\/\/api.w.org\/{rel}","templated":true}]}}