{"id":67503,"date":"2016-03-07T09:09:55","date_gmt":"2016-03-07T12:09:55","guid":{"rendered":"http:\/\/www.eltrabajo.cl\/portal\/?p=67503"},"modified":"2016-03-07T09:09:55","modified_gmt":"2016-03-07T12:09:55","slug":"patrulla-de-carabineros-choca-con-camioneta-en-avenida-yungay","status":"publish","type":"post","link":"https:\/\/eltrabajo.cl\/portal\/patrulla-de-carabineros-choca-con-camioneta-en-avenida-yungay\/","title":{"rendered":"Patrulla de Carabineros choca con camioneta en avenida Yungay"},"content":{"rendered":"<figure id=\"attachment_67504\" aria-describedby=\"caption-attachment-67504\" style=\"width: 530px\" class=\"wp-caption alignleft\"><a href=\"http:\/\/www.eltrabajo.cl\/portal\/patrulla-de-carabineros-choca-con-camioneta-en-avenida-yungay\/patrulla-chocada\/\" rel=\"attachment wp-att-67504\"><img data-recalc-dims=\"1\" loading=\"lazy\" decoding=\"async\" class=\"size-full wp-image-67504\" src=\"https:\/\/i0.wp.com\/www.eltrabajo.cl\/portal\/wp-content\/uploads\/2016\/03\/Patrulla-chocada.jpg?resize=530%2C350\" alt=\"La Patrulla de Carabineros impact\u00f3 contra la camioneta la tarde de ayer domingo en avenida Yungay esquina Chacabuco en San Felipe.\" width=\"530\" height=\"350\" srcset=\"https:\/\/i0.wp.com\/eltrabajo.cl\/portal\/wp-content\/uploads\/2016\/03\/Patrulla-chocada.jpg?w=530&amp;ssl=1 530w, https:\/\/i0.wp.com\/eltrabajo.cl\/portal\/wp-content\/uploads\/2016\/03\/Patrulla-chocada.jpg?resize=200%2C132&amp;ssl=1 200w, https:\/\/i0.wp.com\/eltrabajo.cl\/portal\/wp-content\/uploads\/2016\/03\/Patrulla-chocada.jpg?resize=300%2C198&amp;ssl=1 300w, https:\/\/i0.wp.com\/eltrabajo.cl\/portal\/wp-content\/uploads\/2016\/03\/Patrulla-chocada.jpg?resize=227%2C150&amp;ssl=1 227w, https:\/\/i0.wp.com\/eltrabajo.cl\/portal\/wp-content\/uploads\/2016\/03\/Patrulla-chocada.jpg?resize=400%2C264&amp;ssl=1 400w\" sizes=\"auto, (max-width: 530px) 100vw, 530px\" \/><\/a><figcaption id=\"caption-attachment-67504\" class=\"wp-caption-text\">La Patrulla de Carabineros impact\u00f3 contra la camioneta la tarde de ayer domingo en avenida Yungay esquina Chacabuco en San Felipe.<\/figcaption><\/figure>\n<p><strong>Ambos conductores aseguran que cruzaron con luz verde:<\/strong><\/p>\n<p>Dicha intersecci\u00f3n, que habitualmente es escenario de accidentes de tr\u00e1nsito, se encuentra bajo peritaje de la Siat de la polic\u00eda uniformada. Ambos conductores fueron sometidos a ex\u00e1menes de alcoholemia.<br \/>\nCon lesiones leves resultaron dos funcionarios de Carabineros luego de protagonizar una colisi\u00f3n entre el radiopatrulla en que viajaban y una camioneta, hecho ocurrido en la intersecci\u00f3n de avenidas Chacabuco y Yungay de San Felipe, cerca de las 13:15 horas de ayer domingo.<br \/>\nSeg\u00fan la versi\u00f3n de Carabineros, la patrulla RP 36 15 que circulaba por avenida Yungay en direcci\u00f3n al sur, se detuvo a la espera de luz verde del sem\u00e1foro; no obstante al continuar la marcha, impactaron a una camioneta de color blanca patente UT 37 23 abordada por un hombre, una mujer y un lactante.<br \/>\n\u201cLos funcionarios y testigos del lugar se\u00f1alan que habr\u00eda sido la camioneta que avanz\u00f3 con luz roja. Sin embargo el conductor civil se\u00f1ala lo contrario, asegurando haber continuado la marcha con luz verde\u201d, indic\u00f3 el Capit\u00e1n de Carabineros, Osvaldo Villarroel.<br \/>\nA ra\u00edz de este accidente de tr\u00e1nsito concurrieron al lugar los peritos de la Siat de Carabineros para la elaboraci\u00f3n de un informe que buscar\u00e1 determinar las causas basales del choque y sus responsables.<br \/>\nEl oficial policial agreg\u00f3 que los funcionarios resultaron levemente lesionados, mientras que los tripulantes que abordaban la camioneta resultaron sin lesiones.<br \/>\nAsimismo la polic\u00eda uniformada mencion\u00f3 que el lactante que se encontraba al interior del m\u00f3vil no manten\u00eda la silla obligatoria para el traslado de menores.<br \/>\nAmbos conductores involucrados fueron sometidos a ex\u00e1menes para determinar la alcoholemia de rigor, entregando los antecedentes al Juzgado de Polic\u00eda Local.<br \/>\n<strong>Pablo Salinas Sald\u00edas<\/strong><\/p>\n","protected":false},"excerpt":{"rendered":"<p>Ambos conductores aseguran que cruzaron con luz verde: Dicha intersecci\u00f3n, que habitualmente es escenario de accidentes de tr\u00e1nsito, se encuentra bajo peritaje de la Siat de la polic\u00eda uniformada. Ambos conductores fueron&#8230;<\/p>\n","protected":false},"author":1,"featured_media":67504,"comment_status":"open","ping_status":"open","sticky":false,"template":"","format":"standard","meta":{"advanced_seo_description":"","jetpack_seo_html_title":"","jetpack_seo_noindex":false,"_jetpack_memberships_contains_paid_content":false,"footnotes":""},"categories":[21],"tags":[],"class_list":["post-67503","post","type-post","status-publish","format-standard","has-post-thumbnail","hentry","category-policial"],"jetpack_featured_media_url":"https:\/\/i0.wp.com\/eltrabajo.cl\/portal\/wp-content\/uploads\/2016\/03\/Patrulla-chocada.jpg?fit=530%2C350&ssl=1","jetpack_sharing_enabled":true,"jetpack_likes_enabled":true,"jetpack-related-posts":[],"_links":{"self":[{"href":"https:\/\/eltrabajo.cl\/portal\/wp-json\/wp\/v2\/posts\/67503","targetHints":{"allow":["GET"]}}],"collection":[{"href":"https:\/\/eltrabajo.cl\/portal\/wp-json\/wp\/v2\/posts"}],"about":[{"href":"https:\/\/eltrabajo.cl\/portal\/wp-json\/wp\/v2\/types\/post"}],"author":[{"embeddable":true,"href":"https:\/\/eltrabajo.cl\/portal\/wp-json\/wp\/v2\/users\/1"}],"replies":[{"embeddable":true,"href":"https:\/\/eltrabajo.cl\/portal\/wp-json\/wp\/v2\/comments?post=67503"}],"version-history":[{"count":0,"href":"https:\/\/eltrabajo.cl\/portal\/wp-json\/wp\/v2\/posts\/67503\/revisions"}],"wp:featuredmedia":[{"embeddable":true,"href":"https:\/\/eltrabajo.cl\/portal\/wp-json\/wp\/v2\/media\/67504"}],"wp:attachment":[{"href":"https:\/\/eltrabajo.cl\/portal\/wp-json\/wp\/v2\/media?parent=67503"}],"wp:term":[{"taxonomy":"category","embeddable":true,"href":"https:\/\/eltrabajo.cl\/portal\/wp-json\/wp\/v2\/categories?post=67503"},{"taxonomy":"post_tag","embeddable":true,"href":"https:\/\/eltrabajo.cl\/portal\/wp-json\/wp\/v2\/tags?post=67503"}],"curies":[{"name":"wp","href":"https:\/\/api.w.org\/{rel}","templated":true}]}}