{"id":67507,"date":"2016-03-07T09:11:25","date_gmt":"2016-03-07T12:11:25","guid":{"rendered":"http:\/\/www.eltrabajo.cl\/portal\/?p=67507"},"modified":"2016-03-07T09:11:25","modified_gmt":"2016-03-07T12:11:25","slug":"a-mano-armada-encapuchados-asaltan-supermercado-para-robar-dinero","status":"publish","type":"post","link":"https:\/\/eltrabajo.cl\/portal\/a-mano-armada-encapuchados-asaltan-supermercado-para-robar-dinero\/","title":{"rendered":"A mano armada encapuchados asaltan supermercado para robar dinero"},"content":{"rendered":"<figure id=\"attachment_67508\" aria-describedby=\"caption-attachment-67508\" style=\"width: 530px\" class=\"wp-caption alignleft\"><a href=\"http:\/\/www.eltrabajo.cl\/portal\/a-mano-armada-encapuchados-asaltan-supermercado-para-robar-dinero\/a-cuenta-3\/\" rel=\"attachment wp-att-67508\"><img data-recalc-dims=\"1\" loading=\"lazy\" decoding=\"async\" class=\"size-full wp-image-67508\" src=\"https:\/\/i0.wp.com\/www.eltrabajo.cl\/portal\/wp-content\/uploads\/2016\/03\/A-cuenta.jpg?resize=530%2C349\" alt=\"El supermercado A Cuenta en avenida Maip\u00fa de San Felipe.\" width=\"530\" height=\"349\" srcset=\"https:\/\/i0.wp.com\/eltrabajo.cl\/portal\/wp-content\/uploads\/2016\/03\/A-cuenta.jpg?w=530&amp;ssl=1 530w, https:\/\/i0.wp.com\/eltrabajo.cl\/portal\/wp-content\/uploads\/2016\/03\/A-cuenta.jpg?resize=200%2C132&amp;ssl=1 200w, https:\/\/i0.wp.com\/eltrabajo.cl\/portal\/wp-content\/uploads\/2016\/03\/A-cuenta.jpg?resize=300%2C198&amp;ssl=1 300w, https:\/\/i0.wp.com\/eltrabajo.cl\/portal\/wp-content\/uploads\/2016\/03\/A-cuenta.jpg?resize=228%2C150&amp;ssl=1 228w, https:\/\/i0.wp.com\/eltrabajo.cl\/portal\/wp-content\/uploads\/2016\/03\/A-cuenta.jpg?resize=400%2C263&amp;ssl=1 400w\" sizes=\"auto, (max-width: 530px) 100vw, 530px\" \/><\/a><figcaption id=\"caption-attachment-67508\" class=\"wp-caption-text\">El supermercado A Cuenta en avenida Maip\u00fa de San Felipe.<\/figcaption><\/figure>\n<p><strong>Maniataron a guardia y cuatro reponedores:<\/strong><br \/>\nLos sujetos irrumpieron utilizando pasamonta\u00f1as. El local a\u00fan no establece los montos sustra\u00eddos que deber\u00e1n ser informados a la Fiscal\u00eda de San Felipe.<br \/>\nEn horas de la madrugada de este s\u00e1bado, dos sujetos encapuchados irrumpieron en las dependencias del Supermercado A Cuenta de San Felipe, intimidando al guardia de seguridad y a otros cuatro reponedores.<br \/>\nLos delincuentes enca\u00f1onaron a los trabajadores con armas de fuego para maniatarlos y posteriormente robar una cantidad de dinero a\u00fan no determinada, para escapar sin que hasta el momento Carabineros logre su individualizaci\u00f3n.<br \/>\nSeg\u00fan los antecedentes, el delito habr\u00eda ocurrido luego que dos antisociales escalaran las rejas del cierre perimetral del supermercado ubicado en avenida Maip\u00fa; en el lugar intimidaron violentamente a los trabajadores con las armas de fuego y los amarraron para luego hurgar por las oficinas administrativas en b\u00fasqueda de dinero.<br \/>\nLa polic\u00eda uniformada sostuvo que despu\u00e9s de cometido el robo, los sujetos huyeron; y una vez que las v\u00edctimas lograron desatarse, pidieron auxilio a Carabineros que concurri\u00f3 hasta el sitio del suceso para iniciar las primeras diligencias del caso. Afortunadamente ninguno de los afectados result\u00f3 con heridas de consideraci\u00f3n producto de este asalto, desconoci\u00e9ndose adem\u00e1s si los antisociales habr\u00edan sustra\u00eddo otras especies pertenecientes al supermercado.<br \/>\nEl Capit\u00e1n de Carabineros, Osvaldo Villarroel, inform\u00f3 que el supermercado a\u00fan no ha definido los montos sustra\u00eddos debido a que se encuentra en proceso de arqueo, cifras que deber\u00e1n dar cuenta a la Fiscal\u00eda de San Felipe para la investigaci\u00f3n del caso.<br \/>\nVillarroel agreg\u00f3 que se est\u00e1 tratando de obtener el registro audiovisual de las c\u00e1maras de seguridad del recinto para intentar establecer las identidades de estos sujetos pese a que habr\u00edan actuado con pasamonta\u00f1as.<br \/>\n<strong>Pablo Salinas Sald\u00edas<\/strong><\/p>\n","protected":false},"excerpt":{"rendered":"<p>Maniataron a guardia y cuatro reponedores: Los sujetos irrumpieron utilizando pasamonta\u00f1as. El local a\u00fan no establece los montos sustra\u00eddos que deber\u00e1n ser informados a la Fiscal\u00eda de San Felipe. En horas de&#8230;<\/p>\n","protected":false},"author":1,"featured_media":67508,"comment_status":"open","ping_status":"open","sticky":false,"template":"","format":"standard","meta":{"advanced_seo_description":"","jetpack_seo_html_title":"","jetpack_seo_noindex":false,"_jetpack_memberships_contains_paid_content":false,"footnotes":""},"categories":[21],"tags":[],"class_list":["post-67507","post","type-post","status-publish","format-standard","has-post-thumbnail","hentry","category-policial"],"jetpack_featured_media_url":"https:\/\/i0.wp.com\/eltrabajo.cl\/portal\/wp-content\/uploads\/2016\/03\/A-cuenta.jpg?fit=530%2C349&ssl=1","jetpack_sharing_enabled":true,"jetpack_likes_enabled":true,"jetpack-related-posts":[],"_links":{"self":[{"href":"https:\/\/eltrabajo.cl\/portal\/wp-json\/wp\/v2\/posts\/67507","targetHints":{"allow":["GET"]}}],"collection":[{"href":"https:\/\/eltrabajo.cl\/portal\/wp-json\/wp\/v2\/posts"}],"about":[{"href":"https:\/\/eltrabajo.cl\/portal\/wp-json\/wp\/v2\/types\/post"}],"author":[{"embeddable":true,"href":"https:\/\/eltrabajo.cl\/portal\/wp-json\/wp\/v2\/users\/1"}],"replies":[{"embeddable":true,"href":"https:\/\/eltrabajo.cl\/portal\/wp-json\/wp\/v2\/comments?post=67507"}],"version-history":[{"count":0,"href":"https:\/\/eltrabajo.cl\/portal\/wp-json\/wp\/v2\/posts\/67507\/revisions"}],"wp:featuredmedia":[{"embeddable":true,"href":"https:\/\/eltrabajo.cl\/portal\/wp-json\/wp\/v2\/media\/67508"}],"wp:attachment":[{"href":"https:\/\/eltrabajo.cl\/portal\/wp-json\/wp\/v2\/media?parent=67507"}],"wp:term":[{"taxonomy":"category","embeddable":true,"href":"https:\/\/eltrabajo.cl\/portal\/wp-json\/wp\/v2\/categories?post=67507"},{"taxonomy":"post_tag","embeddable":true,"href":"https:\/\/eltrabajo.cl\/portal\/wp-json\/wp\/v2\/tags?post=67507"}],"curies":[{"name":"wp","href":"https:\/\/api.w.org\/{rel}","templated":true}]}}