{"id":6751,"date":"2011-11-28T09:01:39","date_gmt":"2011-11-28T13:01:39","guid":{"rendered":"http:\/\/www.eltrabajo.cl\/portal\/?p=6751"},"modified":"2011-11-28T09:01:39","modified_gmt":"2011-11-28T13:01:39","slug":"proyecto-de-reciclaje-y-lombricultura-culmino-exitosamente-en-santa-filomena","status":"publish","type":"post","link":"https:\/\/eltrabajo.cl\/portal\/proyecto-de-reciclaje-y-lombricultura-culmino-exitosamente-en-santa-filomena\/","title":{"rendered":"Proyecto de Reciclaje y Lombricultura culmin\u00f3 exitosamente en Santa Filomena"},"content":{"rendered":"<figure id=\"attachment_6754\" aria-describedby=\"caption-attachment-6754\" style=\"width: 600px\" class=\"wp-caption alignnone\"><a href=\"http:\/\/www.eltrabajo.cl\/portal\/archives\/6751\/cajas1-jpg-2\" rel=\"attachment wp-att-6754\"><img data-recalc-dims=\"1\" loading=\"lazy\" decoding=\"async\" class=\"size-full wp-image-6754\" title=\"Cajas1.jpg\" src=\"https:\/\/i0.wp.com\/www.eltrabajo.cl\/portal\/wp-content\/uploads\/2011\/11\/Cajas11.jpg1.jpg?resize=600%2C450\" alt=\"\" width=\"600\" height=\"450\" srcset=\"https:\/\/i0.wp.com\/eltrabajo.cl\/portal\/wp-content\/uploads\/2011\/11\/Cajas11.jpg1.jpg?w=600&amp;ssl=1 600w, https:\/\/i0.wp.com\/eltrabajo.cl\/portal\/wp-content\/uploads\/2011\/11\/Cajas11.jpg1.jpg?resize=200%2C150&amp;ssl=1 200w, https:\/\/i0.wp.com\/eltrabajo.cl\/portal\/wp-content\/uploads\/2011\/11\/Cajas11.jpg1.jpg?resize=300%2C225&amp;ssl=1 300w, https:\/\/i0.wp.com\/eltrabajo.cl\/portal\/wp-content\/uploads\/2011\/11\/Cajas11.jpg1.jpg?resize=150%2C112&amp;ssl=1 150w, https:\/\/i0.wp.com\/eltrabajo.cl\/portal\/wp-content\/uploads\/2011\/11\/Cajas11.jpg1.jpg?resize=400%2C300&amp;ssl=1 400w\" sizes=\"auto, (max-width: 600px) 100vw, 600px\" \/><\/a><figcaption id=\"caption-attachment-6754\" class=\"wp-caption-text\">Aunque ya la campa\u00f1a finaliz\u00f3, 150 familias establecieron como propios nuevos h\u00e1bitos de higiene y manejo de la basura, aprender a reciclar fue lo mejor que les pudo pasar. Las comunas involucradas son Santa Filomena, Jahuelito, Tabolango y El Zaino.<\/figcaption><\/figure>\n<p>Roberto Gonz\u00e1lez Short &#8211; <a href=\"mailto:rgonzalez@eltrabajo.cl\">rgonzalez@eltrabajo.cl<\/a>\u00a0\u00a0 Enviado Especial<\/p>\n<p><strong>SANTA MAR\u00cdA.-<\/strong> Tras un a\u00f1o de mucho trabajo, experimentaci\u00f3n y ganas de mejorar su estilo de vida, m\u00e1s de 150 familias de Santa Filomena dieron por concluido una campa\u00f1a de Reciclaje desarrollada por la Municipalidad de Santa Mar\u00eda, el Gobierno Regional de Valpara\u00edso y la Corporaci\u00f3n CIEM Aconcagua. Esta brigada de trabajos fue ejecutada por la Fundaci\u00f3n chilena Casa de Paz.<\/p>\n<p><strong>LAS CUATRO \u201cR\u201d<\/strong><\/p>\n<p>La campa\u00f1a llev\u00f3 como nombre \u201cSanta Mar\u00eda cuida su tierra\u201d y fue un proyecto postulado por los interesados al Gobierno Regional de Valpara\u00edso. Gracias a un plan de difusi\u00f3n, capacitaci\u00f3n y liderazgo, el proyecto busca incentivar y formar a toda la poblaci\u00f3n de esta comuna de la Quinta Regi\u00f3n para que se active y participe en la aplicaci\u00f3n de las cuatro \u201cR\u201d (reducci\u00f3n, reutilizaci\u00f3n, recuperaci\u00f3n y reciclaje) en establecimientos educativos, organizaciones sociales y hogares.<\/p>\n<p>El lanzamiento oficial de \u201cSanta Mar\u00eda cuida su tierra\u201d fue el 24 de marzo en la Escuela Julio Tejedor Z\u00fa\u00f1iga de Jahuelito, con un \u201cPlan Piloto\u201d que cambiar\u00e1 el estilo de vida de los vecinos de la comuna, mejorar\u00e1 la actividad agr\u00edcola y servir\u00e1 como ejemplo para otros lugares del pa\u00eds. Esta jornada finaliz\u00f3 el s\u00e1bado anterior en la multicancha de Santa Filomena.<\/p>\n<p>Por varias semanas, se difundi\u00f3 masivamente a trav\u00e9s de una estrategia puerta a puerta que busca involucrar a toda la comunidad, incluyendo a los trabajadores municipales, la comunidad y las autoridades comunales. Asimismo, se realiz\u00f3 una campa\u00f1a a trav\u00e9s de la radio comunitaria Orolonco, se imparti\u00f3 material promocional y se montaron obras de teatro as\u00ed como la realizaci\u00f3n de talleres para la comunidad de Jahuel, sus dos establecimientos educacionales y un grupo de funcionarios municipales.<\/p>\n<p><strong>FUNDACI\u00d3N CASA DE LA PAZ<\/strong><\/p>\n<p>Organizaci\u00f3n sin fines de lucro creada en 1983, cuyos principales ejes de acci\u00f3n han sido la promoci\u00f3n de la paz y la protecci\u00f3n ambiental. Su misi\u00f3n es educar, tender puentes y articular acuerdos entre comunidades, empresas y autoridades p\u00fablicas para impulsar el desarrollo sostenible. Esto se concreta a trav\u00e9s de iniciativas de apoyo a la participaci\u00f3n ciudadana, la educaci\u00f3n ambiental, la gesti\u00f3n ambiental local y las relaciones entre empresas y comunidades.<\/p>\n","protected":false},"excerpt":{"rendered":"<p>Roberto Gonz\u00e1lez Short &#8211; rgonzalez@eltrabajo.cl\u00a0\u00a0 Enviado Especial SANTA MAR\u00cdA.- Tras un a\u00f1o de mucho trabajo, experimentaci\u00f3n y ganas de mejorar su estilo de vida, m\u00e1s de 150 familias de Santa Filomena dieron&#8230;<\/p>\n","protected":false},"author":482,"featured_media":6754,"comment_status":"open","ping_status":"open","sticky":false,"template":"","format":"standard","meta":{"advanced_seo_description":"","jetpack_seo_html_title":"","jetpack_seo_noindex":false,"_jetpack_memberships_contains_paid_content":false,"footnotes":""},"categories":[15],"tags":[],"class_list":["post-6751","post","type-post","status-publish","format-standard","has-post-thumbnail","hentry","category-comunidad"],"jetpack_featured_media_url":"https:\/\/i0.wp.com\/eltrabajo.cl\/portal\/wp-content\/uploads\/2011\/11\/Cajas11.jpg1.jpg?fit=600%2C450&ssl=1","jetpack_sharing_enabled":true,"jetpack_likes_enabled":true,"jetpack-related-posts":[],"_links":{"self":[{"href":"https:\/\/eltrabajo.cl\/portal\/wp-json\/wp\/v2\/posts\/6751","targetHints":{"allow":["GET"]}}],"collection":[{"href":"https:\/\/eltrabajo.cl\/portal\/wp-json\/wp\/v2\/posts"}],"about":[{"href":"https:\/\/eltrabajo.cl\/portal\/wp-json\/wp\/v2\/types\/post"}],"author":[{"embeddable":true,"href":"https:\/\/eltrabajo.cl\/portal\/wp-json\/wp\/v2\/users\/482"}],"replies":[{"embeddable":true,"href":"https:\/\/eltrabajo.cl\/portal\/wp-json\/wp\/v2\/comments?post=6751"}],"version-history":[{"count":0,"href":"https:\/\/eltrabajo.cl\/portal\/wp-json\/wp\/v2\/posts\/6751\/revisions"}],"wp:featuredmedia":[{"embeddable":true,"href":"https:\/\/eltrabajo.cl\/portal\/wp-json\/wp\/v2\/media\/6754"}],"wp:attachment":[{"href":"https:\/\/eltrabajo.cl\/portal\/wp-json\/wp\/v2\/media?parent=6751"}],"wp:term":[{"taxonomy":"category","embeddable":true,"href":"https:\/\/eltrabajo.cl\/portal\/wp-json\/wp\/v2\/categories?post=6751"},{"taxonomy":"post_tag","embeddable":true,"href":"https:\/\/eltrabajo.cl\/portal\/wp-json\/wp\/v2\/tags?post=6751"}],"curies":[{"name":"wp","href":"https:\/\/api.w.org\/{rel}","templated":true}]}}