{"id":67516,"date":"2016-03-08T09:40:00","date_gmt":"2016-03-08T12:40:00","guid":{"rendered":"http:\/\/www.eltrabajo.cl\/portal\/?p=67516"},"modified":"2016-03-08T09:40:00","modified_gmt":"2016-03-08T12:40:00","slug":"cuerpo-de-bomberos-de-san-felipe-cumple-un-ano-mas-de-servicio-a-la-comunidad","status":"publish","type":"post","link":"https:\/\/eltrabajo.cl\/portal\/cuerpo-de-bomberos-de-san-felipe-cumple-un-ano-mas-de-servicio-a-la-comunidad\/","title":{"rendered":"Cuerpo de Bomberos de San Felipe cumple un a\u00f1o m\u00e1s de servicio a la comunidad"},"content":{"rendered":"<figure id=\"attachment_67517\" aria-describedby=\"caption-attachment-67517\" style=\"width: 300px\" class=\"wp-caption alignleft\"><img data-recalc-dims=\"1\" loading=\"lazy\" decoding=\"async\" class=\"wp-image-67517 size-medium\" src=\"https:\/\/i0.wp.com\/www.eltrabajo.cl\/portal\/wp-content\/uploads\/2016\/03\/Bomberos-San-Felipe-300x198.jpg?resize=300%2C198\" alt=\"As\u00ed se prepara la exposici\u00f3n bomberil que cada a\u00f1o se realiza en Plaza de Armas conmemorando un nuevo aniversario del Cuerpo de Bomberos de San Felipe.\" width=\"300\" height=\"198\" srcset=\"https:\/\/i0.wp.com\/eltrabajo.cl\/portal\/wp-content\/uploads\/2016\/03\/Bomberos-San-Felipe.jpg?resize=300%2C198&amp;ssl=1 300w, https:\/\/i0.wp.com\/eltrabajo.cl\/portal\/wp-content\/uploads\/2016\/03\/Bomberos-San-Felipe.jpg?resize=200%2C132&amp;ssl=1 200w, https:\/\/i0.wp.com\/eltrabajo.cl\/portal\/wp-content\/uploads\/2016\/03\/Bomberos-San-Felipe.jpg?resize=227%2C150&amp;ssl=1 227w, https:\/\/i0.wp.com\/eltrabajo.cl\/portal\/wp-content\/uploads\/2016\/03\/Bomberos-San-Felipe.jpg?resize=400%2C264&amp;ssl=1 400w, https:\/\/i0.wp.com\/eltrabajo.cl\/portal\/wp-content\/uploads\/2016\/03\/Bomberos-San-Felipe.jpg?w=530&amp;ssl=1 530w\" sizes=\"auto, (max-width: 300px) 100vw, 300px\" \/><figcaption id=\"caption-attachment-67517\" class=\"wp-caption-text\">As\u00ed se prepara la exposici\u00f3n bomberil que cada a\u00f1o se realiza en Plaza de Armas conmemorando un nuevo aniversario del Cuerpo de Bomberos de San Felipe.<\/figcaption><\/figure>\n<ul>\n<li><strong>Se han preparado distintas actividades que comenzar\u00e1 con la romer\u00eda el pr\u00f3ximo jueves y culminar\u00e1 el 19 de este mes con una exposici\u00f3n. el bautizo de los nuevos bomberos se realizar\u00e1 el domingo 13 a las 11 de la ma\u00f1ana.<\/strong><\/li>\n<\/ul>\n<p>Este viernes 11 de marzo el Cuerpo de Bomberos de San Felipe festejar\u00e1 su aniversario N\u00famero 133 y en el marco de la celebraci\u00f3n, se han preparado varias actividades en las que podr\u00e1n participar los vecinos de la comuna.<br \/>\nAs\u00ed lo inform\u00f3 el encargado de comunicaciones de la instituci\u00f3n, Ra\u00fal Astorga, quien asegur\u00f3 que \u201cel 10 de marzo desde las 20 horas haremos la romer\u00eda que organiza la 1\u00aa Compa\u00f1\u00eda que es la que est\u00e1 de aniversario por ser la fundadora del cuerpo de Bomberos y en donde van nuestros voluntarios con miembros del directorio general a rendirle tributo a los bomberos que fundaron la 1\u00aa Compa\u00f1\u00eda\u201d, expres\u00f3.<\/p>\n<figure id=\"attachment_67518\" aria-describedby=\"caption-attachment-67518\" style=\"width: 200px\" class=\"wp-caption alignright\"><img data-recalc-dims=\"1\" loading=\"lazy\" decoding=\"async\" class=\"wp-image-67518 size-thumbnail\" src=\"https:\/\/i0.wp.com\/www.eltrabajo.cl\/portal\/wp-content\/uploads\/2016\/03\/raul-astorga-1-200x133.jpg?resize=200%2C133\" alt=\"Ra\u00fal Astorga, encargado de comunicaciones de Bomberos.\" width=\"200\" height=\"133\" srcset=\"https:\/\/i0.wp.com\/eltrabajo.cl\/portal\/wp-content\/uploads\/2016\/03\/raul-astorga-1.jpg?resize=200%2C133&amp;ssl=1 200w, https:\/\/i0.wp.com\/eltrabajo.cl\/portal\/wp-content\/uploads\/2016\/03\/raul-astorga-1.jpg?resize=300%2C199&amp;ssl=1 300w, https:\/\/i0.wp.com\/eltrabajo.cl\/portal\/wp-content\/uploads\/2016\/03\/raul-astorga-1.jpg?resize=226%2C150&amp;ssl=1 226w, https:\/\/i0.wp.com\/eltrabajo.cl\/portal\/wp-content\/uploads\/2016\/03\/raul-astorga-1.jpg?resize=400%2C265&amp;ssl=1 400w, https:\/\/i0.wp.com\/eltrabajo.cl\/portal\/wp-content\/uploads\/2016\/03\/raul-astorga-1.jpg?w=528&amp;ssl=1 528w\" sizes=\"auto, (max-width: 200px) 100vw, 200px\" \/><figcaption id=\"caption-attachment-67518\" class=\"wp-caption-text\">Ra\u00fal Astorga, encargado de comunicaciones de Bomberos.<\/figcaption><\/figure>\n<p>El viernes 11 de marzo, a partir de las 19.30 horas se realizar\u00e1 la ceremonia solemne en el Sal\u00f3n de la 3\u00aa Compa\u00f1\u00eda en donde se recuerda el acta de fundaci\u00f3n y se entregan est\u00edmulos y reconocimientos a bomberos y particulares que colaboran con la instituci\u00f3n.<br \/>\nUna de las actividades que resulta m\u00e1s llamativa para la comunidad es la ceremonia de bautismo de los nuevos voluntarios, evento que se llevar\u00e1 a cabo el domingo 13 a contar de las 11 horas, actividad que seg\u00fan Astorga resulta muy atractiva de presenciar<br \/>\n\u201cInvito a que las familias vengan con sus ni\u00f1os, es un espect\u00e1culo digno de ver, es muy emocionante para nosotros cuando una persona deja de ser com\u00fan y corriente y pasa a ser Bombero. Hay agua, van a estar los carros, los ni\u00f1os disfrutan mucho de ese bautizo\u201d, deline\u00f3 el voluntario.<br \/>\nFinalmente, el 19 de marzo en la Plaza de Armas de San Felipe se realizar\u00e1 una suerte de exposici\u00f3n bomberil en donde se har\u00e1 demostraci\u00f3n de algunos ejercicios propios del combate contra el fuego y estar\u00e1n a disposici\u00f3n de los vecinos cada una de las unidades con las que cuenta la noble instituci\u00f3n, hecho que seg\u00fan Astorga \u201ctendremos a bomberos en acci\u00f3n, la gente se va poder subir a los carros, ponerse los cascos, que es algo que le gusta mucho a los ni\u00f1os\u201d, detall\u00f3.<br \/>\nEl aniversario del Cuerpo de Bomberos de San Felipe, llega justo en el momento en que en el parlamento se discuten las posibles sanciones que pueden llegar a tener las personas que realizan \u2018pitanzas\u2019 tanto a las centrales de comunicaciones de Carabineros como de Bomberos, hecho que para Astorga tiene suma relevancia ya que \u201cde 100 llamadas yo creo que el 60 % son llamadas falsas y lo m\u00e1s lamentable de todo esto es que son ni\u00f1os muy chiquitos y es ah\u00ed donde debe estar el recaudo de los familiares que deben explicar que un llamado verdadero puede implicar salvarle la vida a alguien\u201d, sentenci\u00f3.<\/p>\n","protected":false},"excerpt":{"rendered":"<p>Se han preparado distintas actividades que comenzar\u00e1 con la romer\u00eda el pr\u00f3ximo jueves y culminar\u00e1 el 19 de este mes con una exposici\u00f3n. el bautizo de los nuevos bomberos se realizar\u00e1 el&#8230;<\/p>\n","protected":false},"author":482,"featured_media":67517,"comment_status":"open","ping_status":"open","sticky":false,"template":"","format":"standard","meta":{"advanced_seo_description":"","jetpack_seo_html_title":"","jetpack_seo_noindex":false,"_jetpack_memberships_contains_paid_content":false,"footnotes":""},"categories":[15],"tags":[],"class_list":["post-67516","post","type-post","status-publish","format-standard","has-post-thumbnail","hentry","category-comunidad"],"jetpack_featured_media_url":"https:\/\/i0.wp.com\/eltrabajo.cl\/portal\/wp-content\/uploads\/2016\/03\/Bomberos-San-Felipe.jpg?fit=530%2C350&ssl=1","jetpack_sharing_enabled":true,"jetpack_likes_enabled":true,"jetpack-related-posts":[],"_links":{"self":[{"href":"https:\/\/eltrabajo.cl\/portal\/wp-json\/wp\/v2\/posts\/67516","targetHints":{"allow":["GET"]}}],"collection":[{"href":"https:\/\/eltrabajo.cl\/portal\/wp-json\/wp\/v2\/posts"}],"about":[{"href":"https:\/\/eltrabajo.cl\/portal\/wp-json\/wp\/v2\/types\/post"}],"author":[{"embeddable":true,"href":"https:\/\/eltrabajo.cl\/portal\/wp-json\/wp\/v2\/users\/482"}],"replies":[{"embeddable":true,"href":"https:\/\/eltrabajo.cl\/portal\/wp-json\/wp\/v2\/comments?post=67516"}],"version-history":[{"count":0,"href":"https:\/\/eltrabajo.cl\/portal\/wp-json\/wp\/v2\/posts\/67516\/revisions"}],"wp:featuredmedia":[{"embeddable":true,"href":"https:\/\/eltrabajo.cl\/portal\/wp-json\/wp\/v2\/media\/67517"}],"wp:attachment":[{"href":"https:\/\/eltrabajo.cl\/portal\/wp-json\/wp\/v2\/media?parent=67516"}],"wp:term":[{"taxonomy":"category","embeddable":true,"href":"https:\/\/eltrabajo.cl\/portal\/wp-json\/wp\/v2\/categories?post=67516"},{"taxonomy":"post_tag","embeddable":true,"href":"https:\/\/eltrabajo.cl\/portal\/wp-json\/wp\/v2\/tags?post=67516"}],"curies":[{"name":"wp","href":"https:\/\/api.w.org\/{rel}","templated":true}]}}