{"id":67520,"date":"2016-03-08T09:41:56","date_gmt":"2016-03-08T12:41:56","guid":{"rendered":"http:\/\/www.eltrabajo.cl\/portal\/?p=67520"},"modified":"2016-03-08T09:41:56","modified_gmt":"2016-03-08T12:41:56","slug":"fenats-aconcagua-celebra-hoy-el-dia-internacional-de-la-mujer","status":"publish","type":"post","link":"https:\/\/eltrabajo.cl\/portal\/fenats-aconcagua-celebra-hoy-el-dia-internacional-de-la-mujer\/","title":{"rendered":"Fenats Aconcagua celebra hoy el D\u00eda Internacional de la Mujer"},"content":{"rendered":"<figure id=\"attachment_67521\" aria-describedby=\"caption-attachment-67521\" style=\"width: 300px\" class=\"wp-caption alignleft\"><img data-recalc-dims=\"1\" loading=\"lazy\" decoding=\"async\" class=\"wp-image-67521 size-medium\" src=\"https:\/\/i0.wp.com\/www.eltrabajo.cl\/portal\/wp-content\/uploads\/2016\/03\/Fenats1-300x198.jpg?resize=300%2C198\" alt=\"FENATS ACONCAGUA.- Ellos son Luis Videla Oyanedel, Mirta Jim\u00e9nez Larragibel, Casandra Gonz\u00e1lez y Alejandro Aguilar, todos directivos de la Fenats Aconcagua.\" width=\"300\" height=\"198\" srcset=\"https:\/\/i0.wp.com\/eltrabajo.cl\/portal\/wp-content\/uploads\/2016\/03\/Fenats1.jpg?resize=300%2C198&amp;ssl=1 300w, https:\/\/i0.wp.com\/eltrabajo.cl\/portal\/wp-content\/uploads\/2016\/03\/Fenats1.jpg?resize=200%2C132&amp;ssl=1 200w, https:\/\/i0.wp.com\/eltrabajo.cl\/portal\/wp-content\/uploads\/2016\/03\/Fenats1.jpg?resize=228%2C150&amp;ssl=1 228w, https:\/\/i0.wp.com\/eltrabajo.cl\/portal\/wp-content\/uploads\/2016\/03\/Fenats1.jpg?resize=400%2C263&amp;ssl=1 400w, https:\/\/i0.wp.com\/eltrabajo.cl\/portal\/wp-content\/uploads\/2016\/03\/Fenats1.jpg?w=530&amp;ssl=1 530w\" sizes=\"auto, (max-width: 300px) 100vw, 300px\" \/><figcaption id=\"caption-attachment-67521\" class=\"wp-caption-text\">FENATS ACONCAGUA.- Ellos son Luis Videla Oyanedel, Mirta Jim\u00e9nez Larragibel, Casandra Gonz\u00e1lez y Alejandro Aguilar, todos directivos de la Fenats Aconcagua.<\/figcaption><\/figure>\n<p>Hoy es el D\u00eda Internacional de la Mujer, importante fecha que se celebra a nivel mundial y en San Felipe tambi\u00e9n se desarrollan distintas actividades por parte de varias instituciones de nuestra provincia. Fenats Aconcagua por ejemplo, anunci\u00f3 una actividad conmemorativa a las luchas que la Mujer ha desarrollado desde hace muchos a\u00f1os a favor de su g\u00e9nero.<\/p>\n<p><strong>C\u00d3MO Y CU\u00c1NDO<\/strong><br \/>\nEl D\u00eda Internacional de la Mujer, conmemora la lucha femenina por su participaci\u00f3n, en pie de igualdad con el hombre, en la sociedad y en su desarrollo \u00edntegro como persona. Se celebra el d\u00eda 8 de marzo. Es fiesta nacional en algunos pa\u00edses.<br \/>\nLa primera celebraci\u00f3n del D\u00eda Internacional de la Mujer tuvo lugar el 19 de marzo de 1911 en Alemania, Austria, Dinamarca y Suiza, y su conmemoraci\u00f3n se ha venido extendiendo, desde entonces, a numerosos pa\u00edses como Chile.<\/p>\n<figure id=\"attachment_67522\" aria-describedby=\"caption-attachment-67522\" style=\"width: 200px\" class=\"wp-caption alignright\"><img data-recalc-dims=\"1\" loading=\"lazy\" decoding=\"async\" class=\"wp-image-67522 size-thumbnail\" src=\"https:\/\/i0.wp.com\/www.eltrabajo.cl\/portal\/wp-content\/uploads\/2016\/03\/Casandra-Gonzalez-200x132.jpg?resize=200%2C132\" alt=\"Casandra Gonz\u00e1lez Hidalgo, presidente Fenats Aconcagua.\" width=\"200\" height=\"132\" srcset=\"https:\/\/i0.wp.com\/eltrabajo.cl\/portal\/wp-content\/uploads\/2016\/03\/Casandra-Gonzalez.jpg?resize=200%2C132&amp;ssl=1 200w, https:\/\/i0.wp.com\/eltrabajo.cl\/portal\/wp-content\/uploads\/2016\/03\/Casandra-Gonzalez.jpg?resize=300%2C198&amp;ssl=1 300w, https:\/\/i0.wp.com\/eltrabajo.cl\/portal\/wp-content\/uploads\/2016\/03\/Casandra-Gonzalez.jpg?resize=228%2C150&amp;ssl=1 228w, https:\/\/i0.wp.com\/eltrabajo.cl\/portal\/wp-content\/uploads\/2016\/03\/Casandra-Gonzalez.jpg?resize=400%2C263&amp;ssl=1 400w, https:\/\/i0.wp.com\/eltrabajo.cl\/portal\/wp-content\/uploads\/2016\/03\/Casandra-Gonzalez.jpg?w=530&amp;ssl=1 530w\" sizes=\"auto, (max-width: 200px) 100vw, 200px\" \/><figcaption id=\"caption-attachment-67522\" class=\"wp-caption-text\">Casandra Gonz\u00e1lez Hidalgo, presidente Fenats Aconcagua.<\/figcaption><\/figure>\n<p>En 1975 la Asamblea General de la Organizaci\u00f3n de las Naciones Unidas (ONU) declar\u00f3 el 8 de marzo como D\u00eda Internacional de la Mujer. Es por ello que Casandra Gonz\u00e1lez Hidalgo, presidente Fenats Aconcagua, visit\u00f3 nuestra Sala de Redacci\u00f3n para invitar personalmente a todos nuestros lectores unirse a esta actividad.<br \/>\n\u00abA las 10:30 horas en el Teatro Municipal de San Felipe estaremos realizando un acto especial para celebrar el D\u00eda Internacional de la Mujer, en donde estar\u00e1n participando funcionarios de distintas dependencias del Servicio de Salud Aconcagua, esperamos que tambi\u00e9n los sanfelipe\u00f1os puedan asistir, ya que siete damas recibir\u00e1n un reconocimiento especial en este d\u00eda tan especial\u00bb, explic\u00f3 Gonz\u00e1lez a Diario El Trabajo.<br \/>\nSeg\u00fan coment\u00f3 este dirigente, \u00abeste no es un acto de celebraci\u00f3n, es una conmemoraci\u00f3n solemne en donde se recuerda este movimiento de la Mujer en conquista de su emancipaci\u00f3n y apropiaci\u00f3n de sus derechos de igualdad\u00bb.<\/p>\n<p><strong>GRANDES LOGROS<\/strong><br \/>\nEl D\u00eda Internacional de la Mujer ha adquirido a lo largo del siglo XX una dimensi\u00f3n mundial para las mujeres del mundo. El movimiento internacional en defensa de los derechos de la mujer es creciente y es reforzado por la Organizaci\u00f3n de Naciones Unidas, que ha celebrado cuatro conferencias mundiales sobre la mujer y ha contribuido a que la conmemoraci\u00f3n del D\u00eda Internacional de la Mujer sea un punto de convergencia de las actividades coordinadas en favor de los derechos de la mujer y su participaci\u00f3n en la vida pol\u00edtica y econ\u00f3mica.<br \/>\n\u00abLos logros de la Mujer a lo largo de estos a\u00f1os est\u00e1n representados por ejemplo, en que sea una mujer la que est\u00e9 presidiendo la Fenats Chile; es una lucha por ser actores importantes en nuestra sociedad; tambi\u00e9n en estos d\u00edas entrar\u00e1 al Congreso el proyecto de ley para lograr tener el derecho a decidir sobre nuestro cuerpo como mujeres en relaci\u00f3n a la Ley de Aborto. Si bien es verdad que Chile es gobernado por una mujer, tambi\u00e9n es cierto que son muy pocas diputadas las que hay\u00bb, puntualiz\u00f3 la presidente de Fenats Aconcagua.<br \/>\n<strong>Roberto Gonz\u00e1lez Short<\/strong><br \/>\n<strong>rgonzalez@eltrabajo.cl<\/strong><\/p>\n","protected":false},"excerpt":{"rendered":"<p>Hoy es el D\u00eda Internacional de la Mujer, importante fecha que se celebra a nivel mundial y en San Felipe tambi\u00e9n se desarrollan distintas actividades por parte de varias instituciones de nuestra&#8230;<\/p>\n","protected":false},"author":482,"featured_media":67521,"comment_status":"open","ping_status":"open","sticky":false,"template":"","format":"standard","meta":{"advanced_seo_description":"","jetpack_seo_html_title":"","jetpack_seo_noindex":false,"_jetpack_memberships_contains_paid_content":false,"footnotes":""},"categories":[1],"tags":[],"class_list":["post-67520","post","type-post","status-publish","format-standard","has-post-thumbnail","hentry","category-cronica"],"jetpack_featured_media_url":"https:\/\/i0.wp.com\/eltrabajo.cl\/portal\/wp-content\/uploads\/2016\/03\/Fenats1.jpg?fit=530%2C349&ssl=1","jetpack_sharing_enabled":true,"jetpack_likes_enabled":true,"jetpack-related-posts":[],"_links":{"self":[{"href":"https:\/\/eltrabajo.cl\/portal\/wp-json\/wp\/v2\/posts\/67520","targetHints":{"allow":["GET"]}}],"collection":[{"href":"https:\/\/eltrabajo.cl\/portal\/wp-json\/wp\/v2\/posts"}],"about":[{"href":"https:\/\/eltrabajo.cl\/portal\/wp-json\/wp\/v2\/types\/post"}],"author":[{"embeddable":true,"href":"https:\/\/eltrabajo.cl\/portal\/wp-json\/wp\/v2\/users\/482"}],"replies":[{"embeddable":true,"href":"https:\/\/eltrabajo.cl\/portal\/wp-json\/wp\/v2\/comments?post=67520"}],"version-history":[{"count":0,"href":"https:\/\/eltrabajo.cl\/portal\/wp-json\/wp\/v2\/posts\/67520\/revisions"}],"wp:featuredmedia":[{"embeddable":true,"href":"https:\/\/eltrabajo.cl\/portal\/wp-json\/wp\/v2\/media\/67521"}],"wp:attachment":[{"href":"https:\/\/eltrabajo.cl\/portal\/wp-json\/wp\/v2\/media?parent=67520"}],"wp:term":[{"taxonomy":"category","embeddable":true,"href":"https:\/\/eltrabajo.cl\/portal\/wp-json\/wp\/v2\/categories?post=67520"},{"taxonomy":"post_tag","embeddable":true,"href":"https:\/\/eltrabajo.cl\/portal\/wp-json\/wp\/v2\/tags?post=67520"}],"curies":[{"name":"wp","href":"https:\/\/api.w.org\/{rel}","templated":true}]}}