{"id":67524,"date":"2016-03-08T09:44:29","date_gmt":"2016-03-08T12:44:29","guid":{"rendered":"http:\/\/www.eltrabajo.cl\/portal\/?p=67524"},"modified":"2016-03-08T09:44:29","modified_gmt":"2016-03-08T12:44:29","slug":"hoy-reinicia-programa-de-desparasitacion-en-villa-bernardo-cruz","status":"publish","type":"post","link":"https:\/\/eltrabajo.cl\/portal\/hoy-reinicia-programa-de-desparasitacion-en-villa-bernardo-cruz\/","title":{"rendered":"Hoy reinicia programa de desparasitaci\u00f3n en villa Bernardo Cruz"},"content":{"rendered":"<figure id=\"attachment_67526\" aria-describedby=\"caption-attachment-67526\" style=\"width: 300px\" class=\"wp-caption alignleft\"><img data-recalc-dims=\"1\" loading=\"lazy\" decoding=\"async\" class=\"wp-image-67526 size-medium\" src=\"https:\/\/i0.wp.com\/www.eltrabajo.cl\/portal\/wp-content\/uploads\/2016\/03\/operativo-3-1-300x198.jpg?resize=300%2C198\" alt=\"Un nuevo operativo de desparasitaci\u00f3n se realizar\u00e1 hoy martes en la villa Bernardo Cruz de San Felipe.\" width=\"300\" height=\"198\" srcset=\"https:\/\/i0.wp.com\/eltrabajo.cl\/portal\/wp-content\/uploads\/2016\/03\/operativo-3-1.jpg?resize=300%2C198&amp;ssl=1 300w, https:\/\/i0.wp.com\/eltrabajo.cl\/portal\/wp-content\/uploads\/2016\/03\/operativo-3-1.jpg?resize=200%2C132&amp;ssl=1 200w, https:\/\/i0.wp.com\/eltrabajo.cl\/portal\/wp-content\/uploads\/2016\/03\/operativo-3-1.jpg?resize=228%2C150&amp;ssl=1 228w, https:\/\/i0.wp.com\/eltrabajo.cl\/portal\/wp-content\/uploads\/2016\/03\/operativo-3-1.jpg?resize=400%2C263&amp;ssl=1 400w, https:\/\/i0.wp.com\/eltrabajo.cl\/portal\/wp-content\/uploads\/2016\/03\/operativo-3-1.jpg?w=530&amp;ssl=1 530w\" sizes=\"auto, (max-width: 300px) 100vw, 300px\" \/><figcaption id=\"caption-attachment-67526\" class=\"wp-caption-text\">Un nuevo operativo de desparasitaci\u00f3n se realizar\u00e1 hoy martes en la villa Bernardo Cruz de San Felipe.<\/figcaption><\/figure>\n<ul>\n<li><strong>Sectores de El Asiento, Nueva Algarrobal y villa 250 A\u00f1os ser\u00e1n visitados por el equipo municipal.<\/strong><\/li>\n<\/ul>\n<p>Hoy martes 8 de marzo, en horario matinal, se reiniciar\u00e1n los operativos de desparasitaci\u00f3n de perros en la comuna de San Felipe, teniendo como primer punto del calendario de esta semana el sector de la villa Bernardo Cruz.<br \/>\nLa informaci\u00f3n la entreg\u00f3 la encargada del Programa de Tenencia Responsable de Mascotas, Mariana Bravo, quien coment\u00f3 que durante la semana tambi\u00e9n se contemplan operativos similares en el sector de El Asiento, Poblaci\u00f3n Nueva Algarrobal y Villa 250 a\u00f1os.<br \/>\nPrecis\u00f3 que estos operativos no tienen costo para los vecinos, ya que el objetivo es atender los requerimientos de las comunidades.<br \/>\n\u201cVamos a estar durante las ma\u00f1anas, iniciando este martes en la Villa Bernardo Cruz. Es un operativo gratuito, que considera la desparasitaci\u00f3n de animales a trav\u00e9s de la boca, con antiparasitario interno y externo, por lo que eliminan los par\u00e1sitos internos y tambi\u00e9n las garrapatas y otros \u00e1caros que tanto les afectan durante la \u00e9poca de altas temperaturas\u201d, se\u00f1al\u00f3 Mariana Bravo.<br \/>\nLa profesional enfatiz\u00f3 que durante los meses de enero y febrero, se han desparasitado m\u00e1s de 700 mascotas en los operativos que se han realizado, destacando esta iniciativa impulsada por el alcalde Patricio Freire, en el marco del Programa de Tenencia Responsable de animales de compa\u00f1\u00eda.<br \/>\nA\u00f1adi\u00f3 que el programa se extender\u00e1 por todo marzo, mientras que en abril se reanudar\u00e1 el programa municipal de esterilizaci\u00f3n de mascotas, el que considera el sistema de copago, donde el due\u00f1o del animal cancela 10 mil pesos y el resto del costo de la intervenci\u00f3n corre por cuenta del municipio; aun cuando en este caso el programa considera la incorporaci\u00f3n de un chip identificatorio y una medalla QR.<br \/>\nMariana Bravo manifest\u00f3 que este a\u00f1o junto a estas acciones, se sumar\u00e1 un fuerte trabajo orientado a la educaci\u00f3n en torno a la tenencia responsable, precisando que se enfatizar\u00e1 esa labor en los establecimientos educacionales, as\u00ed como junto a la comunidad organizada.<br \/>\nPara esta semana, el calendario de operativos de desparasitaci\u00f3n contempla este martes 8 en villa Bernardo Cruz, el mi\u00e9rcoles 9 en El Asiento; jueves 10 en poblaci\u00f3n Nueva Agarrobal y viernes 11 de marzo en la villa 250 A\u00f1os.<\/p>\n","protected":false},"excerpt":{"rendered":"<p>Sectores de El Asiento, Nueva Algarrobal y villa 250 A\u00f1os ser\u00e1n visitados por el equipo municipal. Hoy martes 8 de marzo, en horario matinal, se reiniciar\u00e1n los operativos de desparasitaci\u00f3n de perros&#8230;<\/p>\n","protected":false},"author":482,"featured_media":67526,"comment_status":"open","ping_status":"open","sticky":false,"template":"","format":"standard","meta":{"advanced_seo_description":"","jetpack_seo_html_title":"","jetpack_seo_noindex":false,"_jetpack_memberships_contains_paid_content":false,"footnotes":""},"categories":[1],"tags":[],"class_list":["post-67524","post","type-post","status-publish","format-standard","has-post-thumbnail","hentry","category-cronica"],"jetpack_featured_media_url":"https:\/\/i0.wp.com\/eltrabajo.cl\/portal\/wp-content\/uploads\/2016\/03\/operativo-3-1.jpg?fit=530%2C349&ssl=1","jetpack_sharing_enabled":true,"jetpack_likes_enabled":true,"jetpack-related-posts":[],"_links":{"self":[{"href":"https:\/\/eltrabajo.cl\/portal\/wp-json\/wp\/v2\/posts\/67524","targetHints":{"allow":["GET"]}}],"collection":[{"href":"https:\/\/eltrabajo.cl\/portal\/wp-json\/wp\/v2\/posts"}],"about":[{"href":"https:\/\/eltrabajo.cl\/portal\/wp-json\/wp\/v2\/types\/post"}],"author":[{"embeddable":true,"href":"https:\/\/eltrabajo.cl\/portal\/wp-json\/wp\/v2\/users\/482"}],"replies":[{"embeddable":true,"href":"https:\/\/eltrabajo.cl\/portal\/wp-json\/wp\/v2\/comments?post=67524"}],"version-history":[{"count":0,"href":"https:\/\/eltrabajo.cl\/portal\/wp-json\/wp\/v2\/posts\/67524\/revisions"}],"wp:featuredmedia":[{"embeddable":true,"href":"https:\/\/eltrabajo.cl\/portal\/wp-json\/wp\/v2\/media\/67526"}],"wp:attachment":[{"href":"https:\/\/eltrabajo.cl\/portal\/wp-json\/wp\/v2\/media?parent=67524"}],"wp:term":[{"taxonomy":"category","embeddable":true,"href":"https:\/\/eltrabajo.cl\/portal\/wp-json\/wp\/v2\/categories?post=67524"},{"taxonomy":"post_tag","embeddable":true,"href":"https:\/\/eltrabajo.cl\/portal\/wp-json\/wp\/v2\/tags?post=67524"}],"curies":[{"name":"wp","href":"https:\/\/api.w.org\/{rel}","templated":true}]}}