{"id":67528,"date":"2016-03-08T09:45:39","date_gmt":"2016-03-08T12:45:39","guid":{"rendered":"http:\/\/www.eltrabajo.cl\/portal\/?p=67528"},"modified":"2016-03-08T09:45:39","modified_gmt":"2016-03-08T12:45:39","slug":"vertedero-la-hormiga-continua-en-funcionamiento-con-un-plan-de-cierre-que-podria-extenderse-hasta-el-2018","status":"publish","type":"post","link":"https:\/\/eltrabajo.cl\/portal\/vertedero-la-hormiga-continua-en-funcionamiento-con-un-plan-de-cierre-que-podria-extenderse-hasta-el-2018\/","title":{"rendered":"Vertedero La Hormiga contin\u00faa en funcionamiento con un plan de cierre que podr\u00eda extenderse hasta el 2018"},"content":{"rendered":"<figure id=\"attachment_67529\" aria-describedby=\"caption-attachment-67529\" style=\"width: 300px\" class=\"wp-caption alignleft\"><img data-recalc-dims=\"1\" loading=\"lazy\" decoding=\"async\" class=\"wp-image-67529 size-medium\" src=\"https:\/\/i0.wp.com\/www.eltrabajo.cl\/portal\/wp-content\/uploads\/2016\/03\/Mario-Mendez-Jefe-Oficina-Provincial-SEREMI-de-Salud-San-Felipe-300x198.jpg?resize=300%2C198\" alt=\"Mario M\u00e9ndez, jefe de la oficina provincial de la Seremi de Salud Aconcagua.\" width=\"300\" height=\"198\" srcset=\"https:\/\/i0.wp.com\/eltrabajo.cl\/portal\/wp-content\/uploads\/2016\/03\/Mario-Mendez-Jefe-Oficina-Provincial-SEREMI-de-Salud-San-Felipe.jpg?resize=300%2C198&amp;ssl=1 300w, https:\/\/i0.wp.com\/eltrabajo.cl\/portal\/wp-content\/uploads\/2016\/03\/Mario-Mendez-Jefe-Oficina-Provincial-SEREMI-de-Salud-San-Felipe.jpg?resize=200%2C132&amp;ssl=1 200w, https:\/\/i0.wp.com\/eltrabajo.cl\/portal\/wp-content\/uploads\/2016\/03\/Mario-Mendez-Jefe-Oficina-Provincial-SEREMI-de-Salud-San-Felipe.jpg?resize=228%2C150&amp;ssl=1 228w, https:\/\/i0.wp.com\/eltrabajo.cl\/portal\/wp-content\/uploads\/2016\/03\/Mario-Mendez-Jefe-Oficina-Provincial-SEREMI-de-Salud-San-Felipe.jpg?resize=400%2C263&amp;ssl=1 400w, https:\/\/i0.wp.com\/eltrabajo.cl\/portal\/wp-content\/uploads\/2016\/03\/Mario-Mendez-Jefe-Oficina-Provincial-SEREMI-de-Salud-San-Felipe.jpg?w=530&amp;ssl=1 530w\" sizes=\"auto, (max-width: 300px) 100vw, 300px\" \/><figcaption id=\"caption-attachment-67529\" class=\"wp-caption-text\">Mario M\u00e9ndez, jefe de la oficina provincial de la Seremi de Salud Aconcagua.<\/figcaption><\/figure>\n<ul>\n<li><strong>Una vez que culmine este proceso, s\u00f3lo debiera utilizarse el Centro Integral de Tratamiento de Residuos, m\u00e1s conocido como relleno sanitario y que al igual que el vertedero tambi\u00e9n es propiedad de la empresa GEA.<\/strong><\/li>\n<\/ul>\n<p>El jefe de la Oficina Provincial de la Seremi de Salud Aconcagua, Dr. Mario M\u00e9ndez, anunci\u00f3 que el vertedero de San Felipe continuar\u00e1 en funcionamiento al menos hasta fin de a\u00f1o, puesto que los planes de cierre de este tipo de lugares se extienden por un tiempo determinado y se encuentran con una autorizaci\u00f3n sanitaria vigente.<br \/>\nM\u00e9ndez inform\u00f3 que en contra de lo que cree el com\u00fan de la gente, el vertedero La Hormiga, de propiedad de la empresa GEA, cuenta con un plan de cierre que eventualmente podr\u00eda extenderse por los pr\u00f3ximos a\u00f1os ya que \u201cestos mecanismos han permitido que se entreguen autorizaciones cortas para funcionar en este caso hasta fines del 2016, donde se va evaluando estos procesos de cierre que no son cortos, a mediano plazo pero que efectivamente se va agotar el a\u00f1o 2017 o 2018\u201d, deline\u00f3.<br \/>\nEn este contexto, es importante consignar que tanto el vertedero, como el relleno sanitario o Centro de Tratamiento Integral de Residuos est\u00e1n a disposici\u00f3n de los camiones recolectores de basura y que en el caso del \u00faltimo, en San Felipe tambi\u00e9n es propiedad de la misma compa\u00f1\u00eda.<br \/>\nDe este modo, M\u00e9ndez agreg\u00f3 que \u201ca largo plazo estos vertederos van a estar sin funcionamiento y solamente van a operar los rellenos sanitarios, es decir aquellos que tienen resoluci\u00f3n de calificaci\u00f3n ambiental, que est\u00e1n autorizados ya no exclusivamente por el ministerio de salud sino que tambi\u00e9n por la nueva institucionalidad ambiental que obliga a las empresas a ingresar proyectos en el Servicio de Evaluaci\u00f3n Ambiental\u201d, puntualiz\u00f3.<br \/>\nRespecto de la posibilidad de que los camiones recolectores contin\u00faen depositando la basura en el vertedero y no realizando el respectivo tratamiento en el relleno sanitario, el facultativo fue claro en se\u00f1alar que \u201ceso podr\u00eda estar ocurriendo, dependiendo de los distintos tipos de contratos existentes, ah\u00ed nosotros no nos metemos, el contrato que disponga cada uno de los municipios u otras empresas que van a disponer ah\u00ed cu\u00e1les son los cobros y los lugares que deben utilizar, aun cuando los municipios debiesen contratar servicios de tratamiento de basura y no de disposici\u00f3n de esta en un vertedero que corresponde a una tecnolog\u00eda mucho m\u00e1s antigua, pero el plan de cierre tiene el esp\u00edritu de poder sellar adecuadamente estos sistemas para que dejen de funcionar y queden estabilizados en el tiempo\u201d.<br \/>\nM\u00e9ndez hizo referencia a esta tem\u00e1tica, a prop\u00f3sito de un video que circula en las redes sociales, en el cual, supuestamente se muestra a camiones de la empresa Proactiva depositando basura en el vertedero y en el mismo lugar la presencia de un grupo de personas que buscan entre medio de la basura utensilios y alimentos que puedan ser utilizados y consumidos respectivamente.<br \/>\nAnte esto, el profesional manifest\u00f3 que \u201cla dimensi\u00f3n nuestra est\u00e1 orientada a velar por la salud de las personas y esto no debiera estar ocurriendo, pero sabemos que es un fen\u00f3meno mundial del cual no estamos exentos, la verdad es que al ser los vertederos sistemas no tan tecnol\u00f3gicos y que no permiten una cobertura inmediata, se generan estas posibilidades y adem\u00e1s la dificultad enorme de poder controlar a estas personas en el sentido que no deben estar en ese lugar\u201d, enfatiz\u00f3.<br \/>\nLa autoridad asegura que al tratarse de empresas privadas, \u00e9stas debiesen encargarse de resguardar que este tipo de situaciones ocurra, sin embargo asume que es una tarea dif\u00edcil, argumentando que \u201ces un tema de car\u00e1cter social muy complejo y que deben ser \u00f3rganos del estado que en conjunto con las empresas, en este caso GEA, aborden la problem\u00e1tica para encontrar mecanismos para retirar a estas personas o formalizar su inclusi\u00f3n a la cadena productiva que se genera en ese lugar\u201d, concluy\u00f3.<\/p>\n","protected":false},"excerpt":{"rendered":"<p>Una vez que culmine este proceso, s\u00f3lo debiera utilizarse el Centro Integral de Tratamiento de Residuos, m\u00e1s conocido como relleno sanitario y que al igual que el vertedero tambi\u00e9n es propiedad de&#8230;<\/p>\n","protected":false},"author":482,"featured_media":67529,"comment_status":"open","ping_status":"open","sticky":false,"template":"","format":"standard","meta":{"advanced_seo_description":"","jetpack_seo_html_title":"","jetpack_seo_noindex":false,"_jetpack_memberships_contains_paid_content":false,"footnotes":""},"categories":[1],"tags":[],"class_list":["post-67528","post","type-post","status-publish","format-standard","has-post-thumbnail","hentry","category-cronica"],"jetpack_featured_media_url":"https:\/\/i0.wp.com\/eltrabajo.cl\/portal\/wp-content\/uploads\/2016\/03\/Mario-Mendez-Jefe-Oficina-Provincial-SEREMI-de-Salud-San-Felipe.jpg?fit=530%2C349&ssl=1","jetpack_sharing_enabled":true,"jetpack_likes_enabled":true,"jetpack-related-posts":[],"_links":{"self":[{"href":"https:\/\/eltrabajo.cl\/portal\/wp-json\/wp\/v2\/posts\/67528","targetHints":{"allow":["GET"]}}],"collection":[{"href":"https:\/\/eltrabajo.cl\/portal\/wp-json\/wp\/v2\/posts"}],"about":[{"href":"https:\/\/eltrabajo.cl\/portal\/wp-json\/wp\/v2\/types\/post"}],"author":[{"embeddable":true,"href":"https:\/\/eltrabajo.cl\/portal\/wp-json\/wp\/v2\/users\/482"}],"replies":[{"embeddable":true,"href":"https:\/\/eltrabajo.cl\/portal\/wp-json\/wp\/v2\/comments?post=67528"}],"version-history":[{"count":0,"href":"https:\/\/eltrabajo.cl\/portal\/wp-json\/wp\/v2\/posts\/67528\/revisions"}],"wp:featuredmedia":[{"embeddable":true,"href":"https:\/\/eltrabajo.cl\/portal\/wp-json\/wp\/v2\/media\/67529"}],"wp:attachment":[{"href":"https:\/\/eltrabajo.cl\/portal\/wp-json\/wp\/v2\/media?parent=67528"}],"wp:term":[{"taxonomy":"category","embeddable":true,"href":"https:\/\/eltrabajo.cl\/portal\/wp-json\/wp\/v2\/categories?post=67528"},{"taxonomy":"post_tag","embeddable":true,"href":"https:\/\/eltrabajo.cl\/portal\/wp-json\/wp\/v2\/tags?post=67528"}],"curies":[{"name":"wp","href":"https:\/\/api.w.org\/{rel}","templated":true}]}}