{"id":67531,"date":"2016-03-08T09:47:18","date_gmt":"2016-03-08T12:47:18","guid":{"rendered":"http:\/\/www.eltrabajo.cl\/portal\/?p=67531"},"modified":"2016-03-08T09:47:18","modified_gmt":"2016-03-08T12:47:18","slug":"alcalde-patricio-freire-presentara-manana-plan-de-desarrollo-comunal-pladeco","status":"publish","type":"post","link":"https:\/\/eltrabajo.cl\/portal\/alcalde-patricio-freire-presentara-manana-plan-de-desarrollo-comunal-pladeco\/","title":{"rendered":"Alcalde Patricio Freire presentar\u00e1 ma\u00f1ana Plan de Desarrollo Comunal, Pladeco"},"content":{"rendered":"<figure id=\"attachment_67532\" aria-describedby=\"caption-attachment-67532\" style=\"width: 300px\" class=\"wp-caption alignleft\"><img data-recalc-dims=\"1\" loading=\"lazy\" decoding=\"async\" class=\"wp-image-67532 size-medium\" src=\"https:\/\/i0.wp.com\/www.eltrabajo.cl\/portal\/wp-content\/uploads\/2016\/03\/FOTO-1-CLAUDIO-PAREDES-300x197.jpg?resize=300%2C197\" alt=\"Claudio Paredes, secretario de planificaci\u00f3n de la Municipalidad de San Felipe.\" width=\"300\" height=\"197\" srcset=\"https:\/\/i0.wp.com\/eltrabajo.cl\/portal\/wp-content\/uploads\/2016\/03\/FOTO-1-CLAUDIO-PAREDES.jpg?resize=300%2C197&amp;ssl=1 300w, https:\/\/i0.wp.com\/eltrabajo.cl\/portal\/wp-content\/uploads\/2016\/03\/FOTO-1-CLAUDIO-PAREDES.jpg?resize=200%2C131&amp;ssl=1 200w, https:\/\/i0.wp.com\/eltrabajo.cl\/portal\/wp-content\/uploads\/2016\/03\/FOTO-1-CLAUDIO-PAREDES.jpg?resize=228%2C150&amp;ssl=1 228w, https:\/\/i0.wp.com\/eltrabajo.cl\/portal\/wp-content\/uploads\/2016\/03\/FOTO-1-CLAUDIO-PAREDES.jpg?resize=400%2C263&amp;ssl=1 400w, https:\/\/i0.wp.com\/eltrabajo.cl\/portal\/wp-content\/uploads\/2016\/03\/FOTO-1-CLAUDIO-PAREDES.jpg?w=530&amp;ssl=1 530w\" sizes=\"auto, (max-width: 300px) 100vw, 300px\" \/><figcaption id=\"caption-attachment-67532\" class=\"wp-caption-text\">Claudio Paredes, secretario de planificaci\u00f3n de la Municipalidad de San Felipe.<\/figcaption><\/figure>\n<ul>\n<li><strong>Construcci\u00f3n del instrument\u00f3 cont\u00f3 con la participaci\u00f3n de m\u00e1s de mil vecinos de la comuna que a trav\u00e9s de talleres territoriales manifestaron necesidad de respuestas prioritarias en cultura, saneamiento sanitario, espacios p\u00fablicos y medio ambiente.<\/strong><\/li>\n<\/ul>\n<p>El Secretario de Planificaci\u00f3n Comunal, Secplac, de la Municipalidad de San Felipe, Claudio Paredes realiz\u00f3 la invitaci\u00f3n formal a todos los vecinos sanfelipe\u00f1os a lo que ser\u00e1 ma\u00f1ana mi\u00e9rcoles la presentaci\u00f3n del Plan de Desarrollo Comunal, Pladeco, que el alcalde Patricio Freire llevar\u00e1 a efecto a partir de las 19 horas en el Teatro Municipal.<br \/>\nSeg\u00fan Paredes, el Pladeco es un instrumento de planificaci\u00f3n muy importante que \u201cnos va a regir durante los pr\u00f3ximos 5 a\u00f1os y que ha sido trabajo en conjunto con la comunidad\u201d, desliz\u00f3, agregando que \u201ces un producto que nos permite visualizar hacia d\u00f3nde va ir la comuna y c\u00f3mo y con qu\u00e9 recursos vamos a funcionar durante los pr\u00f3ximos 5 a\u00f1os\u201d, deline\u00f3.<br \/>\nDe acuerdo a lo manifestado por el profesional, este proceso viene fragu\u00e1ndose desde el segundo semestre del a\u00f1o 2015 y en su etapa de construcci\u00f3n, tuvo la participaci\u00f3n de m\u00e1s de 1.000 personas quienes a trav\u00e9s de 13 talleres territoriales \u2013 en modalidad de entrevistas y focus group-, desarrollados en distintas zonas de la comuna, abordaron temas espec\u00edficos como Medio Ambiente, Bienestar de j\u00f3venes, Mujeres y Adultos Mayores, entre otros.<br \/>\n\u201cLo que corresponde ahora es la presentaci\u00f3n del producto, la imagen objetivo, los objetivos estrat\u00e9gicos relacionados con la proyecci\u00f3n de la comuna y los programas y proyectos que se van a realizar durante los pr\u00f3ximos 5 a\u00f1os\u201d, puntualiz\u00f3 Paredes.<br \/>\nEn relaci\u00f3n con las principales inquietudes que manifestaron los vecinos durante la etapa de elaboraci\u00f3n del Pladeco, el profesional detall\u00f3 que \u201cprincipalmente se\u00f1alaron el tema de saneamiento sanitario; proseguir con proyectos de agua potable y alcantarillado. En Segundo lugar, mejoramiento de espacios p\u00fablicos: \u00e1reas verdes y plazas. Algo muy importante que destacaron los vecinos es el hecho de seguir invirtiendo en cultura, por lo tanto, vamos a aumentar la inversi\u00f3n en ese \u00e1mbito\u201d, describi\u00f3.<br \/>\nFinalmente, algo que seg\u00fan Paredes no hab\u00eda aparecido con tanta fuerza en las planificaciones anteriores es el tema medioambiental. \u201cSe van a reforzar los aspectos medioambientales que corresponden a programas y estudios, de manera de dar cuenta de esta nueva necesidad que presentan los vecinos\u201d, remat\u00f3.<\/p>\n","protected":false},"excerpt":{"rendered":"<p>Construcci\u00f3n del instrument\u00f3 cont\u00f3 con la participaci\u00f3n de m\u00e1s de mil vecinos de la comuna que a trav\u00e9s de talleres territoriales manifestaron necesidad de respuestas prioritarias en cultura, saneamiento sanitario, espacios p\u00fablicos&#8230;<\/p>\n","protected":false},"author":482,"featured_media":67532,"comment_status":"open","ping_status":"open","sticky":false,"template":"","format":"standard","meta":{"advanced_seo_description":"","jetpack_seo_html_title":"","jetpack_seo_noindex":false,"_jetpack_memberships_contains_paid_content":false,"footnotes":""},"categories":[1],"tags":[],"class_list":["post-67531","post","type-post","status-publish","format-standard","has-post-thumbnail","hentry","category-cronica"],"jetpack_featured_media_url":"https:\/\/i0.wp.com\/eltrabajo.cl\/portal\/wp-content\/uploads\/2016\/03\/FOTO-1-CLAUDIO-PAREDES.jpg?fit=530%2C348&ssl=1","jetpack_sharing_enabled":true,"jetpack_likes_enabled":true,"jetpack-related-posts":[],"_links":{"self":[{"href":"https:\/\/eltrabajo.cl\/portal\/wp-json\/wp\/v2\/posts\/67531","targetHints":{"allow":["GET"]}}],"collection":[{"href":"https:\/\/eltrabajo.cl\/portal\/wp-json\/wp\/v2\/posts"}],"about":[{"href":"https:\/\/eltrabajo.cl\/portal\/wp-json\/wp\/v2\/types\/post"}],"author":[{"embeddable":true,"href":"https:\/\/eltrabajo.cl\/portal\/wp-json\/wp\/v2\/users\/482"}],"replies":[{"embeddable":true,"href":"https:\/\/eltrabajo.cl\/portal\/wp-json\/wp\/v2\/comments?post=67531"}],"version-history":[{"count":0,"href":"https:\/\/eltrabajo.cl\/portal\/wp-json\/wp\/v2\/posts\/67531\/revisions"}],"wp:featuredmedia":[{"embeddable":true,"href":"https:\/\/eltrabajo.cl\/portal\/wp-json\/wp\/v2\/media\/67532"}],"wp:attachment":[{"href":"https:\/\/eltrabajo.cl\/portal\/wp-json\/wp\/v2\/media?parent=67531"}],"wp:term":[{"taxonomy":"category","embeddable":true,"href":"https:\/\/eltrabajo.cl\/portal\/wp-json\/wp\/v2\/categories?post=67531"},{"taxonomy":"post_tag","embeddable":true,"href":"https:\/\/eltrabajo.cl\/portal\/wp-json\/wp\/v2\/tags?post=67531"}],"curies":[{"name":"wp","href":"https:\/\/api.w.org\/{rel}","templated":true}]}}