{"id":67534,"date":"2016-03-08T09:50:12","date_gmt":"2016-03-08T12:50:12","guid":{"rendered":"http:\/\/www.eltrabajo.cl\/portal\/?p=67534"},"modified":"2016-03-08T09:50:12","modified_gmt":"2016-03-08T12:50:12","slug":"trabajos-de-esval-en-av-maipu-terminarian-antes-de-semana-santa","status":"publish","type":"post","link":"https:\/\/eltrabajo.cl\/portal\/trabajos-de-esval-en-av-maipu-terminarian-antes-de-semana-santa\/","title":{"rendered":"Trabajos de Esval en Av. Maip\u00fa terminar\u00edan antes de Semana Santa"},"content":{"rendered":"<figure id=\"attachment_67535\" aria-describedby=\"caption-attachment-67535\" style=\"width: 300px\" class=\"wp-caption alignleft\"><img data-recalc-dims=\"1\" loading=\"lazy\" decoding=\"async\" class=\"wp-image-67535 size-medium\" src=\"https:\/\/i0.wp.com\/www.eltrabajo.cl\/portal\/wp-content\/uploads\/2016\/03\/Esval1-300x198.jpg?resize=300%2C198\" alt=\"ENORMES.- As\u00ed lucen los trabajos que la empresa contratada por Esval est\u00e1 desarrollando en avenida Maip\u00fa.\" width=\"300\" height=\"198\" srcset=\"https:\/\/i0.wp.com\/eltrabajo.cl\/portal\/wp-content\/uploads\/2016\/03\/Esval1.jpg?resize=300%2C198&amp;ssl=1 300w, https:\/\/i0.wp.com\/eltrabajo.cl\/portal\/wp-content\/uploads\/2016\/03\/Esval1.jpg?resize=200%2C132&amp;ssl=1 200w, https:\/\/i0.wp.com\/eltrabajo.cl\/portal\/wp-content\/uploads\/2016\/03\/Esval1.jpg?resize=227%2C150&amp;ssl=1 227w, https:\/\/i0.wp.com\/eltrabajo.cl\/portal\/wp-content\/uploads\/2016\/03\/Esval1.jpg?resize=400%2C264&amp;ssl=1 400w, https:\/\/i0.wp.com\/eltrabajo.cl\/portal\/wp-content\/uploads\/2016\/03\/Esval1.jpg?w=530&amp;ssl=1 530w\" sizes=\"auto, (max-width: 300px) 100vw, 300px\" \/><figcaption id=\"caption-attachment-67535\" class=\"wp-caption-text\">ENORMES.- As\u00ed lucen los trabajos que la empresa contratada por Esval est\u00e1 desarrollando en avenida Maip\u00fa.<\/figcaption><\/figure>\n<p>Pareciera que la paciencia de los sanfelipe\u00f1os afectados por la incomodidad que les generan las obras de reparaciones de Esval a lo largo de Avenida Maip\u00fa ya se les est\u00e1 acabando, ya que estos trabajos ten\u00edan que haber sido terminados en diciembre de 2015, pero sin embargo los grandes hoyos y cierres de calles siguen siendo la realidad hasta el presente.<br \/>\nEstos trabajos iniciaron en agosto de 2015 y comprende la interrupci\u00f3n de al menos 900 metros lineales, cerrando durante todos estos meses de manera parcial todas las calles que desembocan en la arteria.<br \/>\n\u00abLos trabajos se har\u00edan en dos etapas, el primer corte lo hicimos en enero, pese a que se hab\u00eda programado para diciembre, pero lo hicimos as\u00ed para no afectar las fiestas para el comercio. Lo que falta en este momento cerrar son los puntos de Prat, Condell y Santo Domingo, pens\u00e1bamos cerrar en febrero, pero tendremos que hacerlo extraoficialmente el s\u00e1bado 19 de marzo\u00bb, explic\u00f3 a Diario El Trabajo el subgerente zonal de Esval, Alejandro P\u00e9rez G\u00f3mez.<\/p>\n<p><strong>CORTE DE AGUA<\/strong><br \/>\nLa obra, seg\u00fan P\u00e9rez, estar\u00eda lista en un 90%. Este funcionario tambi\u00e9n anunci\u00f3 un corte de agua para el d\u00eda 19 de marzo a partir de las 15:00 horas, interrupci\u00f3n del servicio h\u00eddrico que se prolongar\u00eda hasta la madrugada del domingo 20.<br \/>\n\u00abDespu\u00e9s de ese corte estar\u00edamos dejando en observaci\u00f3n las tuber\u00edas, en unas 72 horas si no hubieran problemas, proceder\u00edamos a cerrar los hoyos, la idea es terminar todos los trabajos antes de Semana Santa\u00bb, agreg\u00f3 Alejandro.<br \/>\nAs\u00ed que, aunque la fecha exacta a\u00fan no es oficial, la verdad del caso es que viene, s\u00ed o s\u00ed, un corte de agua por varias horas en el sector. P\u00e9rez asegur\u00f3 a nuestro medio que la durabilidad de esa tuber\u00eda es de aproximadamente 40 a\u00f1os.<br \/>\n<strong>Roberto Gonz\u00e1lez Short<\/strong><br \/>\n<strong>rgonzalez@eltrabajo.cl<\/strong><\/p>\n<div class=\"tiled-gallery type-rectangular tiled-gallery-unresized\" data-original-width=\"640\" data-carousel-extra='null' itemscope itemtype=\"http:\/\/schema.org\/ImageGallery\" > <div class=\"gallery-row\" style=\"width: 640px; height: 211px;\" data-original-width=\"640\" data-original-height=\"211\" > <div class=\"gallery-group images-1\" style=\"width: 320px; height: 211px;\" data-original-width=\"320\" data-original-height=\"211\" > <div class=\"tiled-gallery-item tiled-gallery-item-large\" itemprop=\"associatedMedia\" itemscope itemtype=\"http:\/\/schema.org\/ImageObject\"> <a href=\"https:\/\/eltrabajo.cl\/portal\/trabajos-de-esval-en-av-maipu-terminarian-antes-de-semana-santa\/esval2-4\/\" border=\"0\" itemprop=\"url\"> <meta itemprop=\"width\" content=\"316\"> <meta itemprop=\"height\" content=\"207\"> <img decoding=\"async\" class=\"\" data-attachment-id=\"67537\" data-orig-file=\"https:\/\/eltrabajo.cl\/portal\/wp-content\/uploads\/2016\/03\/Esval2.jpg\" data-orig-size=\"530,348\" data-comments-opened=\"1\" data-image-meta=\"{&quot;aperture&quot;:&quot;0&quot;,&quot;credit&quot;:&quot;&quot;,&quot;camera&quot;:&quot;&quot;,&quot;caption&quot;:&quot;&quot;,&quot;created_timestamp&quot;:&quot;0&quot;,&quot;copyright&quot;:&quot;&quot;,&quot;focal_length&quot;:&quot;0&quot;,&quot;iso&quot;:&quot;0&quot;,&quot;shutter_speed&quot;:&quot;0&quot;,&quot;title&quot;:&quot;&quot;,&quot;orientation&quot;:&quot;0&quot;}\" data-image-title=\"Esval2\" data-image-description=\"&lt;p&gt;PRONTO ACABAR\u00c1.- Todo el flujo vehicular en esa parte de nuestra ciudad se ha visto afectado, el comercio tambi\u00e9n.&lt;\/p&gt; \" data-medium-file=\"https:\/\/i0.wp.com\/eltrabajo.cl\/portal\/wp-content\/uploads\/2016\/03\/Esval2.jpg?fit=300%2C197&#038;ssl=1\" data-large-file=\"https:\/\/i0.wp.com\/eltrabajo.cl\/portal\/wp-content\/uploads\/2016\/03\/Esval2.jpg?fit=530%2C348&#038;ssl=1\" src=\"https:\/\/i0.wp.com\/eltrabajo.cl\/portal\/wp-content\/uploads\/2016\/03\/Esval2.jpg?w=316&#038;h=207&#038;ssl=1\" srcset=\"https:\/\/i0.wp.com\/eltrabajo.cl\/portal\/wp-content\/uploads\/2016\/03\/Esval2.jpg?w=530&amp;ssl=1 530w, https:\/\/i0.wp.com\/eltrabajo.cl\/portal\/wp-content\/uploads\/2016\/03\/Esval2.jpg?resize=200%2C131&amp;ssl=1 200w, https:\/\/i0.wp.com\/eltrabajo.cl\/portal\/wp-content\/uploads\/2016\/03\/Esval2.jpg?resize=300%2C197&amp;ssl=1 300w, https:\/\/i0.wp.com\/eltrabajo.cl\/portal\/wp-content\/uploads\/2016\/03\/Esval2.jpg?resize=228%2C150&amp;ssl=1 228w, https:\/\/i0.wp.com\/eltrabajo.cl\/portal\/wp-content\/uploads\/2016\/03\/Esval2.jpg?resize=400%2C263&amp;ssl=1 400w\" width=\"316\" height=\"207\" loading=\"lazy\" data-original-width=\"316\" data-original-height=\"207\" itemprop=\"http:\/\/schema.org\/image\" title=\"Esval2\" alt=\"PRONTO ACABAR\u00c1.- Todo el flujo vehicular en esa parte de nuestra ciudad se ha visto afectado, el comercio tambi\u00e9n.\" style=\"width: 316px; height: 207px;\" \/> <\/a> <div class=\"tiled-gallery-caption\" itemprop=\"caption description\"> PRONTO ACABAR\u00c1.- Todo el flujo vehicular en esa parte de nuestra ciudad se ha visto afectado, el comercio tambi\u00e9n. <\/div> <\/div> <\/div> <!-- close group --> <div class=\"gallery-group images-1\" style=\"width: 320px; height: 211px;\" data-original-width=\"320\" data-original-height=\"211\" > <div class=\"tiled-gallery-item tiled-gallery-item-large\" itemprop=\"associatedMedia\" itemscope itemtype=\"http:\/\/schema.org\/ImageObject\"> <a href=\"https:\/\/eltrabajo.cl\/portal\/trabajos-de-esval-en-av-maipu-terminarian-antes-de-semana-santa\/alejandro-perez-4\/\" border=\"0\" itemprop=\"url\"> <meta itemprop=\"width\" content=\"316\"> <meta itemprop=\"height\" content=\"207\"> <img decoding=\"async\" class=\"\" data-attachment-id=\"67536\" data-orig-file=\"https:\/\/eltrabajo.cl\/portal\/wp-content\/uploads\/2016\/03\/Alejandro-Perez.jpg\" data-orig-size=\"530,348\" data-comments-opened=\"1\" data-image-meta=\"{&quot;aperture&quot;:&quot;0&quot;,&quot;credit&quot;:&quot;&quot;,&quot;camera&quot;:&quot;&quot;,&quot;caption&quot;:&quot;&quot;,&quot;created_timestamp&quot;:&quot;0&quot;,&quot;copyright&quot;:&quot;&quot;,&quot;focal_length&quot;:&quot;0&quot;,&quot;iso&quot;:&quot;0&quot;,&quot;shutter_speed&quot;:&quot;0&quot;,&quot;title&quot;:&quot;&quot;,&quot;orientation&quot;:&quot;0&quot;}\" data-image-title=\"Alejandro Perez\" data-image-description=\"&lt;p&gt;Subgerente zonal de Esval, Alejandro P\u00e9rez G\u00f3mez.&lt;\/p&gt; \" data-medium-file=\"https:\/\/i0.wp.com\/eltrabajo.cl\/portal\/wp-content\/uploads\/2016\/03\/Alejandro-Perez.jpg?fit=300%2C197&#038;ssl=1\" data-large-file=\"https:\/\/i0.wp.com\/eltrabajo.cl\/portal\/wp-content\/uploads\/2016\/03\/Alejandro-Perez.jpg?fit=530%2C348&#038;ssl=1\" src=\"https:\/\/i0.wp.com\/eltrabajo.cl\/portal\/wp-content\/uploads\/2016\/03\/Alejandro-Perez.jpg?w=316&#038;h=207&#038;ssl=1\" srcset=\"https:\/\/i0.wp.com\/eltrabajo.cl\/portal\/wp-content\/uploads\/2016\/03\/Alejandro-Perez.jpg?w=530&amp;ssl=1 530w, https:\/\/i0.wp.com\/eltrabajo.cl\/portal\/wp-content\/uploads\/2016\/03\/Alejandro-Perez.jpg?resize=200%2C131&amp;ssl=1 200w, https:\/\/i0.wp.com\/eltrabajo.cl\/portal\/wp-content\/uploads\/2016\/03\/Alejandro-Perez.jpg?resize=300%2C197&amp;ssl=1 300w, https:\/\/i0.wp.com\/eltrabajo.cl\/portal\/wp-content\/uploads\/2016\/03\/Alejandro-Perez.jpg?resize=228%2C150&amp;ssl=1 228w, https:\/\/i0.wp.com\/eltrabajo.cl\/portal\/wp-content\/uploads\/2016\/03\/Alejandro-Perez.jpg?resize=400%2C263&amp;ssl=1 400w\" width=\"316\" height=\"207\" loading=\"lazy\" data-original-width=\"316\" data-original-height=\"207\" itemprop=\"http:\/\/schema.org\/image\" title=\"Alejandro Perez\" alt=\"Subgerente zonal de Esval, Alejandro P\u00e9rez G\u00f3mez.\" style=\"width: 316px; height: 207px;\" \/> <\/a> <div class=\"tiled-gallery-caption\" itemprop=\"caption description\"> Subgerente zonal de Esval, Alejandro P\u00e9rez G\u00f3mez. <\/div> <\/div> <\/div> <!-- close group --> <\/div> <!-- close row --> <\/div>\n","protected":false},"excerpt":{"rendered":"<p>Pareciera que la paciencia de los sanfelipe\u00f1os afectados por la incomodidad que les generan las obras de reparaciones de Esval a lo largo de Avenida Maip\u00fa ya se les est\u00e1 acabando, ya&#8230;<\/p>\n","protected":false},"author":482,"featured_media":67535,"comment_status":"open","ping_status":"open","sticky":false,"template":"","format":"standard","meta":{"advanced_seo_description":"","jetpack_seo_html_title":"","jetpack_seo_noindex":false,"_jetpack_memberships_contains_paid_content":false,"footnotes":""},"categories":[15],"tags":[],"class_list":["post-67534","post","type-post","status-publish","format-standard","has-post-thumbnail","hentry","category-comunidad"],"jetpack_featured_media_url":"https:\/\/i0.wp.com\/eltrabajo.cl\/portal\/wp-content\/uploads\/2016\/03\/Esval1.jpg?fit=530%2C350&ssl=1","jetpack_sharing_enabled":true,"jetpack_likes_enabled":true,"jetpack-related-posts":[],"_links":{"self":[{"href":"https:\/\/eltrabajo.cl\/portal\/wp-json\/wp\/v2\/posts\/67534","targetHints":{"allow":["GET"]}}],"collection":[{"href":"https:\/\/eltrabajo.cl\/portal\/wp-json\/wp\/v2\/posts"}],"about":[{"href":"https:\/\/eltrabajo.cl\/portal\/wp-json\/wp\/v2\/types\/post"}],"author":[{"embeddable":true,"href":"https:\/\/eltrabajo.cl\/portal\/wp-json\/wp\/v2\/users\/482"}],"replies":[{"embeddable":true,"href":"https:\/\/eltrabajo.cl\/portal\/wp-json\/wp\/v2\/comments?post=67534"}],"version-history":[{"count":0,"href":"https:\/\/eltrabajo.cl\/portal\/wp-json\/wp\/v2\/posts\/67534\/revisions"}],"wp:featuredmedia":[{"embeddable":true,"href":"https:\/\/eltrabajo.cl\/portal\/wp-json\/wp\/v2\/media\/67535"}],"wp:attachment":[{"href":"https:\/\/eltrabajo.cl\/portal\/wp-json\/wp\/v2\/media?parent=67534"}],"wp:term":[{"taxonomy":"category","embeddable":true,"href":"https:\/\/eltrabajo.cl\/portal\/wp-json\/wp\/v2\/categories?post=67534"},{"taxonomy":"post_tag","embeddable":true,"href":"https:\/\/eltrabajo.cl\/portal\/wp-json\/wp\/v2\/tags?post=67534"}],"curies":[{"name":"wp","href":"https:\/\/api.w.org\/{rel}","templated":true}]}}