{"id":67539,"date":"2016-03-08T09:51:59","date_gmt":"2016-03-08T12:51:59","guid":{"rendered":"http:\/\/www.eltrabajo.cl\/portal\/?p=67539"},"modified":"2016-03-08T09:51:59","modified_gmt":"2016-03-08T12:51:59","slug":"llayllaino-pierde-tragicamente-la-vida-tras-ser-arrollado-por-tren-metalero","status":"publish","type":"post","link":"https:\/\/eltrabajo.cl\/portal\/llayllaino-pierde-tragicamente-la-vida-tras-ser-arrollado-por-tren-metalero\/","title":{"rendered":"Llaylla\u00edno pierde tr\u00e1gicamente la vida tras ser arrollado por tren metalero"},"content":{"rendered":"<figure id=\"attachment_67540\" aria-describedby=\"caption-attachment-67540\" style=\"width: 300px\" class=\"wp-caption alignleft\"><img data-recalc-dims=\"1\" loading=\"lazy\" decoding=\"async\" class=\"wp-image-67540 size-medium\" src=\"https:\/\/i0.wp.com\/www.eltrabajo.cl\/portal\/wp-content\/uploads\/2016\/03\/MUERTO-TREN-300x197.jpg?resize=300%2C197\" alt=\"El fatal accidente se produjo en el Cruce Las Palmas de Llay Llay, falleciendo un hombre de 41 a\u00f1os arrollado por el tren metalero de la empresa Fepasa. (Foto Archivo).\" width=\"300\" height=\"197\" srcset=\"https:\/\/i0.wp.com\/eltrabajo.cl\/portal\/wp-content\/uploads\/2016\/03\/MUERTO-TREN.jpg?resize=300%2C197&amp;ssl=1 300w, https:\/\/i0.wp.com\/eltrabajo.cl\/portal\/wp-content\/uploads\/2016\/03\/MUERTO-TREN.jpg?resize=200%2C131&amp;ssl=1 200w, https:\/\/i0.wp.com\/eltrabajo.cl\/portal\/wp-content\/uploads\/2016\/03\/MUERTO-TREN.jpg?resize=228%2C150&amp;ssl=1 228w, https:\/\/i0.wp.com\/eltrabajo.cl\/portal\/wp-content\/uploads\/2016\/03\/MUERTO-TREN.jpg?resize=400%2C263&amp;ssl=1 400w, https:\/\/i0.wp.com\/eltrabajo.cl\/portal\/wp-content\/uploads\/2016\/03\/MUERTO-TREN.jpg?w=530&amp;ssl=1 530w\" sizes=\"auto, (max-width: 300px) 100vw, 300px\" \/><figcaption id=\"caption-attachment-67540\" class=\"wp-caption-text\">El fatal accidente se produjo en el Cruce Las Palmas de Llay Llay, falleciendo un hombre de 41 a\u00f1os arrollado por el tren metalero de la empresa Fepasa. (Foto Archivo).<\/figcaption><\/figure>\n<ul>\n<li><strong>El maquinista de la empresa Fepasa activ\u00f3 los mecanismos de emergencia para detener el pesado tren al advertir que una persona se encontraba en la l\u00ednea f\u00e9rrea, sin poder evitar que la m\u00e1quina arrollara el cuerpo del malogrado hombre en el cruce Las Palmas de Llay Llay.<\/strong><\/li>\n<\/ul>\n<p>Un hombre de 41 a\u00f1os de edad identificado como Ernesto Alfonso Ibacache Severino, perdi\u00f3 tr\u00e1gicamente la vida luego de ser arrollado por el tren metalero de la empresa Fepasa. El maquinista, tras advertir segundos antes la presencia de una persona en la v\u00eda f\u00e9rrea, activ\u00f3 el freno de emergencia, sin embargo no alcanz\u00f3 a detenerse a tiempo, produci\u00e9ndose el fatal desenlace en el cruce Las Palmas de Llay Llay.<br \/>\nEl brutal accidente ocurri\u00f3 a eso de las 01:20 horas de la madrugada de ayer lunes, luego que el conductor del tren solicitara la presencia de Carabineros de la Subcomisar\u00eda de esa localidad para informar sobre esta tragedia, debiendo concurrir personal policial al sitio del suceso.<br \/>\nLas primeras pericias policiales en la v\u00eda f\u00e9rrea constataron el cuerpo mutilado, informando al fiscal de turno que determin\u00f3 la concurrencia de la Brigada de Homicidios de la Polic\u00eda de Investigaciones de Los Andes para los peritajes al cuerpo del occiso.<br \/>\nEl Comisario de Investigaciones, Gino Guti\u00e9rrez inform\u00f3 a Diario El Trabajo que las labores policiales se llevaron a cabo en conjunto con el Laboratorio de Criminal\u00edstica de Valpara\u00edso para la identificaci\u00f3n del fallecido, quien registra domicilio en la comuna de Llay Llay.<br \/>\n\u201cSe estableci\u00f3 la din\u00e1mica de los hechos, se constat\u00f3 el deceso en el lugar, se establece que a eso de las 01:20 horas de la madrugada, el conductor se percata de esta persona en la v\u00eda f\u00e9rrea, activando las maniobras de emergencias para tal caso, aplicando los frenos, elementos audibles para ver si esta persona se mov\u00eda del lugar, hasta que la m\u00e1quina no se detiene en forma inmediata, lamentablemente esta persona es aplastada\u201d.<br \/>\nConsultado respecto a la circunstancias de este terrible episodio, el Comisario de la PDI manifest\u00f3 que el occiso habr\u00eda estado bajo los efectos del alcohol, lo que deber\u00e1 ser confirmado tras la necropsia de rigor: \u201cSi bien existen indicios que nos se\u00f1alan que puede obedecer a una acci\u00f3n del tipo suicida, esto se est\u00e1 investigando con la finalidad que no quede ninguna duda respecto al hecho. El cuerpo se encontraba mutilado siendo levantado por el Servicio M\u00e9dico Legal para la autopsia\u201d.<br \/>\n<strong>Pablo Salinas Sald\u00edas<\/strong><\/p>\n","protected":false},"excerpt":{"rendered":"<p>El maquinista de la empresa Fepasa activ\u00f3 los mecanismos de emergencia para detener el pesado tren al advertir que una persona se encontraba en la l\u00ednea f\u00e9rrea, sin poder evitar que la&#8230;<\/p>\n","protected":false},"author":482,"featured_media":67540,"comment_status":"open","ping_status":"open","sticky":false,"template":"","format":"standard","meta":{"advanced_seo_description":"","jetpack_seo_html_title":"","jetpack_seo_noindex":false,"_jetpack_memberships_contains_paid_content":false,"footnotes":""},"categories":[21],"tags":[],"class_list":["post-67539","post","type-post","status-publish","format-standard","has-post-thumbnail","hentry","category-policial"],"jetpack_featured_media_url":"https:\/\/i0.wp.com\/eltrabajo.cl\/portal\/wp-content\/uploads\/2016\/03\/MUERTO-TREN.jpg?fit=530%2C348&ssl=1","jetpack_sharing_enabled":true,"jetpack_likes_enabled":true,"jetpack-related-posts":[],"_links":{"self":[{"href":"https:\/\/eltrabajo.cl\/portal\/wp-json\/wp\/v2\/posts\/67539","targetHints":{"allow":["GET"]}}],"collection":[{"href":"https:\/\/eltrabajo.cl\/portal\/wp-json\/wp\/v2\/posts"}],"about":[{"href":"https:\/\/eltrabajo.cl\/portal\/wp-json\/wp\/v2\/types\/post"}],"author":[{"embeddable":true,"href":"https:\/\/eltrabajo.cl\/portal\/wp-json\/wp\/v2\/users\/482"}],"replies":[{"embeddable":true,"href":"https:\/\/eltrabajo.cl\/portal\/wp-json\/wp\/v2\/comments?post=67539"}],"version-history":[{"count":0,"href":"https:\/\/eltrabajo.cl\/portal\/wp-json\/wp\/v2\/posts\/67539\/revisions"}],"wp:featuredmedia":[{"embeddable":true,"href":"https:\/\/eltrabajo.cl\/portal\/wp-json\/wp\/v2\/media\/67540"}],"wp:attachment":[{"href":"https:\/\/eltrabajo.cl\/portal\/wp-json\/wp\/v2\/media?parent=67539"}],"wp:term":[{"taxonomy":"category","embeddable":true,"href":"https:\/\/eltrabajo.cl\/portal\/wp-json\/wp\/v2\/categories?post=67539"},{"taxonomy":"post_tag","embeddable":true,"href":"https:\/\/eltrabajo.cl\/portal\/wp-json\/wp\/v2\/tags?post=67539"}],"curies":[{"name":"wp","href":"https:\/\/api.w.org\/{rel}","templated":true}]}}