{"id":67542,"date":"2016-03-09T08:41:27","date_gmt":"2016-03-09T11:41:27","guid":{"rendered":"http:\/\/www.eltrabajo.cl\/portal\/?p=67542"},"modified":"2016-03-09T08:41:27","modified_gmt":"2016-03-09T11:41:27","slug":"concejo-distingue-a-duo-denver-como-embajador-cultural-de-san-felipe","status":"publish","type":"post","link":"https:\/\/eltrabajo.cl\/portal\/concejo-distingue-a-duo-denver-como-embajador-cultural-de-san-felipe\/","title":{"rendered":"Concejo distingue a d\u00fao D\u00ebnver como Embajador Cultural de San Felipe"},"content":{"rendered":"<figure id=\"attachment_67543\" aria-describedby=\"caption-attachment-67543\" style=\"width: 530px\" class=\"wp-caption alignleft\"><a href=\"http:\/\/www.eltrabajo.cl\/portal\/concejo-distingue-a-duo-denver-como-embajador-cultural-de-san-felipe\/distincion-duo-denver\/\" rel=\"attachment wp-att-67543\"><img data-recalc-dims=\"1\" loading=\"lazy\" decoding=\"async\" class=\"size-full wp-image-67543\" src=\"https:\/\/i0.wp.com\/www.eltrabajo.cl\/portal\/wp-content\/uploads\/2016\/03\/distincion-duo-Denver.jpg?resize=530%2C350\" alt=\"Los miembros del d\u00fao Denver, Mariana Montenegro y Milton Mahan, fueron distinguidos por el Concejo Municipal como Embajadores Culturales de San Felipe por su destacado trabajo en el cortometraje animado \u2018Historia de un Oso\u2019.\" width=\"530\" height=\"350\" srcset=\"https:\/\/i0.wp.com\/eltrabajo.cl\/portal\/wp-content\/uploads\/2016\/03\/distincion-duo-Denver.jpg?w=530&amp;ssl=1 530w, https:\/\/i0.wp.com\/eltrabajo.cl\/portal\/wp-content\/uploads\/2016\/03\/distincion-duo-Denver.jpg?resize=200%2C132&amp;ssl=1 200w, https:\/\/i0.wp.com\/eltrabajo.cl\/portal\/wp-content\/uploads\/2016\/03\/distincion-duo-Denver.jpg?resize=300%2C198&amp;ssl=1 300w, https:\/\/i0.wp.com\/eltrabajo.cl\/portal\/wp-content\/uploads\/2016\/03\/distincion-duo-Denver.jpg?resize=227%2C150&amp;ssl=1 227w, https:\/\/i0.wp.com\/eltrabajo.cl\/portal\/wp-content\/uploads\/2016\/03\/distincion-duo-Denver.jpg?resize=400%2C264&amp;ssl=1 400w\" sizes=\"auto, (max-width: 530px) 100vw, 530px\" \/><\/a><figcaption id=\"caption-attachment-67543\" class=\"wp-caption-text\">Los miembros del d\u00fao Denver, Mariana Montenegro y Milton Mahan, fueron distinguidos por el Concejo Municipal como Embajadores Culturales de San Felipe por su destacado trabajo en el cortometraje animado \u2018Historia de un Oso\u2019.<\/figcaption><\/figure>\n<p>\u2022 Los destacados m\u00fasicos sanfelipe\u00f1os musicalizaron el cortometraje \u2018Historia de un Oso\u2019, ganador de un premio Oscar de la Academia.<br \/>\nLos sanfelipe\u00f1os Mariana Montenegro y Milton Mahan, integrantes del D\u00fao D\u00ebnver, fueron distinguidos este martes por el Concejo Municipal de San Felipe como Embajadores Culturales, en reconocimiento a su trabajo al musicalizar el cortometraje animado \u2018Historia de un Oso\u2019, ganador de un Oscar de la Academia y que es el primero que obtiene Chile.<br \/>\nLos j\u00f3venes m\u00fasicos llegaron hasta la comuna de San Felipe este martes para reunirse con el Alcalde Patricio Freire, el Gobernador Eduardo Le\u00f3n y los concejales Dante Rodr\u00edguez, Basilio Muena, Ricardo Covarrubias, Jeanette Sotomayor y Juan Manuel Millanao, quienes en una ceremonia realizada en el Sal\u00f3n de Honor del Municipio les entregaron la distinci\u00f3n.<br \/>\n\u00abPara el Alcalde y el Concejo Municipal es motivo de orgullo entregar esta distinci\u00f3n a este d\u00fao sanfelipe\u00f1o, que puso la m\u00fasica para el cortometraje ganador del Oscar, un premio tan apreciado por todo el mundo. Queremos felicitarlos por el trabajo que realizaron y agradecer que llevan el nombre de la comuna de San Felipe por todo el mundo\u00bb, dijo el Alcalde Freire.<br \/>\nLos j\u00f3venes se mostraron muy agradecidos del reconocimiento. Mariana Montenegro dijo: \u00abCreo que todos saben que hemos trabajado harto en lo musical y me encanta que lo valoren, espero que las generaciones musicales de San Felipe puedan tener los espacios para desarrollarse y tambi\u00e9n se trabaje desde las mismas bandas\u00bb.<br \/>\nMariana coment\u00f3 que el cortometraje se comenz\u00f3 a realizar hace varios a\u00f1os, tiempo durante el cual fueron creando la m\u00fasica, con el desaf\u00edo de plasmar con la m\u00fasica el sentimiento del cortometraje.<br \/>\nMilton agradeci\u00f3 la distinci\u00f3n, se\u00f1alando que con D\u00ebnver han tratado, a lo largo de toda su trayectoria, contar lo que ha pasado en la comuna de San Felipe. \u00abHemos intentado inventariar muchas cosas que pasaron en San Felipe, cosas buenas que nos toc\u00f3 ver, cosas malas tambi\u00e9n, parte de la geograf\u00eda y eso est\u00e1 plasmado en nuestra m\u00fasica, por ello para m\u00ed es muy importante. Siempre que hemos tocado en Chile y en el extranjero, San Felipe es importante, la gente nos pregunta mucho sobre San Felipe porque est\u00e1 muy presente en nuestras letras\u00bb.<br \/>\nLos j\u00f3venes contaron que por estos d\u00edas se encuentran preparando el lanzamiento de su disco nuevo, que se realizar\u00e1 el pr\u00f3ximo 1 de abril en Santiago, y aunque est\u00e1n felices por alcanzar el Oscar, ahora vuelven a lo que llaman su trabajo subterr\u00e1neo, a su estudio y a sus canciones.<\/p>\n","protected":false},"excerpt":{"rendered":"<p>\u2022 Los destacados m\u00fasicos sanfelipe\u00f1os musicalizaron el cortometraje \u2018Historia de un Oso\u2019, ganador de un premio Oscar de la Academia. Los sanfelipe\u00f1os Mariana Montenegro y Milton Mahan, integrantes del D\u00fao D\u00ebnver, fueron&#8230;<\/p>\n","protected":false},"author":1,"featured_media":67543,"comment_status":"open","ping_status":"open","sticky":false,"template":"","format":"standard","meta":{"advanced_seo_description":"","jetpack_seo_html_title":"","jetpack_seo_noindex":false,"_jetpack_memberships_contains_paid_content":false,"footnotes":""},"categories":[1],"tags":[],"class_list":["post-67542","post","type-post","status-publish","format-standard","has-post-thumbnail","hentry","category-cronica"],"jetpack_featured_media_url":"https:\/\/i0.wp.com\/eltrabajo.cl\/portal\/wp-content\/uploads\/2016\/03\/distincion-duo-Denver.jpg?fit=530%2C350&ssl=1","jetpack_sharing_enabled":true,"jetpack_likes_enabled":true,"jetpack-related-posts":[],"_links":{"self":[{"href":"https:\/\/eltrabajo.cl\/portal\/wp-json\/wp\/v2\/posts\/67542","targetHints":{"allow":["GET"]}}],"collection":[{"href":"https:\/\/eltrabajo.cl\/portal\/wp-json\/wp\/v2\/posts"}],"about":[{"href":"https:\/\/eltrabajo.cl\/portal\/wp-json\/wp\/v2\/types\/post"}],"author":[{"embeddable":true,"href":"https:\/\/eltrabajo.cl\/portal\/wp-json\/wp\/v2\/users\/1"}],"replies":[{"embeddable":true,"href":"https:\/\/eltrabajo.cl\/portal\/wp-json\/wp\/v2\/comments?post=67542"}],"version-history":[{"count":0,"href":"https:\/\/eltrabajo.cl\/portal\/wp-json\/wp\/v2\/posts\/67542\/revisions"}],"wp:featuredmedia":[{"embeddable":true,"href":"https:\/\/eltrabajo.cl\/portal\/wp-json\/wp\/v2\/media\/67543"}],"wp:attachment":[{"href":"https:\/\/eltrabajo.cl\/portal\/wp-json\/wp\/v2\/media?parent=67542"}],"wp:term":[{"taxonomy":"category","embeddable":true,"href":"https:\/\/eltrabajo.cl\/portal\/wp-json\/wp\/v2\/categories?post=67542"},{"taxonomy":"post_tag","embeddable":true,"href":"https:\/\/eltrabajo.cl\/portal\/wp-json\/wp\/v2\/tags?post=67542"}],"curies":[{"name":"wp","href":"https:\/\/api.w.org\/{rel}","templated":true}]}}