{"id":67546,"date":"2016-03-09T08:47:07","date_gmt":"2016-03-09T11:47:07","guid":{"rendered":"http:\/\/www.eltrabajo.cl\/portal\/?p=67546"},"modified":"2016-03-09T08:47:07","modified_gmt":"2016-03-09T11:47:07","slug":"concejo-no-autorizara-instalacion-publicidad-electoral-en-espacios-publicos","status":"publish","type":"post","link":"https:\/\/eltrabajo.cl\/portal\/concejo-no-autorizara-instalacion-publicidad-electoral-en-espacios-publicos\/","title":{"rendered":"Concejo no autorizar\u00e1 instalaci\u00f3n publicidad electoral en espacios p\u00fablicos"},"content":{"rendered":"<figure id=\"attachment_67547\" aria-describedby=\"caption-attachment-67547\" style=\"width: 530px\" class=\"wp-caption alignleft\"><a href=\"http:\/\/www.eltrabajo.cl\/portal\/concejo-no-autorizara-instalacion-publicidad-electoral-en-espacios-publicos\/concejo-municipal-panaquehue\/\" rel=\"attachment wp-att-67547\"><img data-recalc-dims=\"1\" loading=\"lazy\" decoding=\"async\" class=\"size-full wp-image-67547\" src=\"https:\/\/i0.wp.com\/www.eltrabajo.cl\/portal\/wp-content\/uploads\/2016\/03\/Concejo-Municipal-Panaquehue.jpg?resize=530%2C350\" alt=\"El Concejo Municipal en reuni\u00f3n determin\u00f3 no autorizar la instalaci\u00f3n de publicidad electoral en los espacios p\u00fablicos de la comuna.\" width=\"530\" height=\"350\" srcset=\"https:\/\/i0.wp.com\/eltrabajo.cl\/portal\/wp-content\/uploads\/2016\/03\/Concejo-Municipal-Panaquehue.jpg?w=530&amp;ssl=1 530w, https:\/\/i0.wp.com\/eltrabajo.cl\/portal\/wp-content\/uploads\/2016\/03\/Concejo-Municipal-Panaquehue.jpg?resize=200%2C132&amp;ssl=1 200w, https:\/\/i0.wp.com\/eltrabajo.cl\/portal\/wp-content\/uploads\/2016\/03\/Concejo-Municipal-Panaquehue.jpg?resize=300%2C198&amp;ssl=1 300w, https:\/\/i0.wp.com\/eltrabajo.cl\/portal\/wp-content\/uploads\/2016\/03\/Concejo-Municipal-Panaquehue.jpg?resize=227%2C150&amp;ssl=1 227w, https:\/\/i0.wp.com\/eltrabajo.cl\/portal\/wp-content\/uploads\/2016\/03\/Concejo-Municipal-Panaquehue.jpg?resize=400%2C264&amp;ssl=1 400w\" sizes=\"auto, (max-width: 530px) 100vw, 530px\" \/><\/a><figcaption id=\"caption-attachment-67547\" class=\"wp-caption-text\">El Concejo Municipal en reuni\u00f3n determin\u00f3 no autorizar la instalaci\u00f3n de publicidad electoral en los espacios p\u00fablicos de la comuna.<\/figcaption><\/figure>\n<p><strong>En la sesi\u00f3n de concejo, presidida por el alcalde Luis Pradenas, se estableci\u00f3 en el respectivo acuerdo aplicar una multa de entre 1 a 3 UTM, contra quienes infrinjan el acuerdo.<\/strong><\/p>\n<p><strong>PANQUEHUE.-<\/strong> Tras votaci\u00f3n an\u00f3nima, el Concejo Municipal determin\u00f3 no autorizar la instalaci\u00f3n de publicidad electoral en los espacios p\u00fablicos de la comuna.<br \/>\nDe acuerdo a lo manifestado por el alcalde Luis Pradenas, la medida se adopt\u00f3 luego de analizar en la sesi\u00f3n de concejo, lo que sucede en Panquehue una vez que termina el proceso eleccionario.<br \/>\nEl edil indic\u00f3 que los candidatos a alcaldes o a concejales, suelen ocupar los espacios p\u00fablicos, ensuciando la comuna, obstaculizando la visi\u00f3n de los automovilistas y cuando termina el proceso respectivo, mucho de ellos ni siquiera hacen retiro de la publicidad instalada.<br \/>\nExplic\u00f3 el alcalde Pradenas, que dentro de las medidas acordadas por el concejo, est\u00e1 la de aplicar una multa que ir\u00e1 desde una a tres unidades tributarias mensuales, contra quienes infrinjan la disposici\u00f3n municipal.<br \/>\nDel mismo modo, el alcalde Pradenas aclar\u00f3 que la medida no rige en los recintos privados o casas particulares, donde si se podr\u00e1 instalar publicidad electoral.<br \/>\n\u201cCuando recib\u00ed el documento desde el Servel, se inform\u00f3 que tras un acuerdo del concejo, se deber\u00eda buscar y autorizar los lugares p\u00fablicos para la instalaci\u00f3n de propaganda electoral, y tras un an\u00e1lisis sobre la realizaci\u00f3n de campa\u00f1as pasadas, nos dimos cuenta que los que perd\u00edan no hac\u00edan retiro de la publicidad electoral y por lo mismo nuestra comuna queda sucia y de muy mal aspecto. Por lo mismo propuse al concejo la medida de no autorizar el uso de esta propaganda en los espacios p\u00fabicos y as\u00ed cuidar nuestra comuna. Ahora quienes deseen darse a conocer como candidatos, esta es una comuna peque\u00f1a, por lo tanto, deber\u00e1n hacer visitas en las casas e instalar publicidad en espacios privados\u201d.<br \/>\nConsultados por la medida, los concejales Patricio Morales (UDI), Elvira Ahumada (DC) y Juan Far\u00edas (PPD), afirmaron que el acuerdo va a garantizar que la comuna de Panquehue, no se vea empa\u00f1ada por carteles, que solo provocan una contaminaci\u00f3n visual, donde muchos de estos permanecen en lugares p\u00fablicos, generando costos a los municipios para su retiro.<\/p>\n","protected":false},"excerpt":{"rendered":"<p>En la sesi\u00f3n de concejo, presidida por el alcalde Luis Pradenas, se estableci\u00f3 en el respectivo acuerdo aplicar una multa de entre 1 a 3 UTM, contra quienes infrinjan el acuerdo. PANQUEHUE.-&#8230;<\/p>\n","protected":false},"author":1,"featured_media":67547,"comment_status":"open","ping_status":"open","sticky":false,"template":"","format":"standard","meta":{"advanced_seo_description":"","jetpack_seo_html_title":"","jetpack_seo_noindex":false,"_jetpack_memberships_contains_paid_content":false,"footnotes":""},"categories":[1],"tags":[],"class_list":["post-67546","post","type-post","status-publish","format-standard","has-post-thumbnail","hentry","category-cronica"],"jetpack_featured_media_url":"https:\/\/i0.wp.com\/eltrabajo.cl\/portal\/wp-content\/uploads\/2016\/03\/Concejo-Municipal-Panaquehue.jpg?fit=530%2C350&ssl=1","jetpack_sharing_enabled":true,"jetpack_likes_enabled":true,"jetpack-related-posts":[],"_links":{"self":[{"href":"https:\/\/eltrabajo.cl\/portal\/wp-json\/wp\/v2\/posts\/67546","targetHints":{"allow":["GET"]}}],"collection":[{"href":"https:\/\/eltrabajo.cl\/portal\/wp-json\/wp\/v2\/posts"}],"about":[{"href":"https:\/\/eltrabajo.cl\/portal\/wp-json\/wp\/v2\/types\/post"}],"author":[{"embeddable":true,"href":"https:\/\/eltrabajo.cl\/portal\/wp-json\/wp\/v2\/users\/1"}],"replies":[{"embeddable":true,"href":"https:\/\/eltrabajo.cl\/portal\/wp-json\/wp\/v2\/comments?post=67546"}],"version-history":[{"count":0,"href":"https:\/\/eltrabajo.cl\/portal\/wp-json\/wp\/v2\/posts\/67546\/revisions"}],"wp:featuredmedia":[{"embeddable":true,"href":"https:\/\/eltrabajo.cl\/portal\/wp-json\/wp\/v2\/media\/67547"}],"wp:attachment":[{"href":"https:\/\/eltrabajo.cl\/portal\/wp-json\/wp\/v2\/media?parent=67546"}],"wp:term":[{"taxonomy":"category","embeddable":true,"href":"https:\/\/eltrabajo.cl\/portal\/wp-json\/wp\/v2\/categories?post=67546"},{"taxonomy":"post_tag","embeddable":true,"href":"https:\/\/eltrabajo.cl\/portal\/wp-json\/wp\/v2\/tags?post=67546"}],"curies":[{"name":"wp","href":"https:\/\/api.w.org\/{rel}","templated":true}]}}