{"id":67554,"date":"2016-03-09T08:49:51","date_gmt":"2016-03-09T11:49:51","guid":{"rendered":"http:\/\/www.eltrabajo.cl\/portal\/?p=67554"},"modified":"2016-03-09T08:49:51","modified_gmt":"2016-03-09T11:49:51","slug":"funcionarios-se-suman-a-paro-nacional-en-demanda-por-estabilidad-laboral","status":"publish","type":"post","link":"https:\/\/eltrabajo.cl\/portal\/funcionarios-se-suman-a-paro-nacional-en-demanda-por-estabilidad-laboral\/","title":{"rendered":"Funcionarios se suman a paro nacional en demanda por estabilidad laboral"},"content":{"rendered":"<figure id=\"attachment_67555\" aria-describedby=\"caption-attachment-67555\" style=\"width: 528px\" class=\"wp-caption alignleft\"><a href=\"http:\/\/www.eltrabajo.cl\/portal\/funcionarios-se-suman-a-paro-nacional-en-demanda-por-estabilidad-laboral\/representantes-direccion-provincial-educacion\/\" rel=\"attachment wp-att-67555\"><img data-recalc-dims=\"1\" loading=\"lazy\" decoding=\"async\" class=\"size-full wp-image-67555\" src=\"https:\/\/i0.wp.com\/www.eltrabajo.cl\/portal\/wp-content\/uploads\/2016\/03\/Representantes-direccion-provincial-educacion.jpg?resize=528%2C350\" alt=\"Funcionarios de la Direcci\u00f3n Provincial de Educaci\u00f3n San Felipe \u2013 Los Andes se suman al paro nacional  de actividades en demanda por estabilidad laboral.\" width=\"528\" height=\"350\" srcset=\"https:\/\/i0.wp.com\/eltrabajo.cl\/portal\/wp-content\/uploads\/2016\/03\/Representantes-direccion-provincial-educacion.jpg?w=528&amp;ssl=1 528w, https:\/\/i0.wp.com\/eltrabajo.cl\/portal\/wp-content\/uploads\/2016\/03\/Representantes-direccion-provincial-educacion.jpg?resize=200%2C133&amp;ssl=1 200w, https:\/\/i0.wp.com\/eltrabajo.cl\/portal\/wp-content\/uploads\/2016\/03\/Representantes-direccion-provincial-educacion.jpg?resize=300%2C199&amp;ssl=1 300w, https:\/\/i0.wp.com\/eltrabajo.cl\/portal\/wp-content\/uploads\/2016\/03\/Representantes-direccion-provincial-educacion.jpg?resize=226%2C150&amp;ssl=1 226w, https:\/\/i0.wp.com\/eltrabajo.cl\/portal\/wp-content\/uploads\/2016\/03\/Representantes-direccion-provincial-educacion.jpg?resize=400%2C265&amp;ssl=1 400w\" sizes=\"auto, (max-width: 528px) 100vw, 528px\" \/><\/a><figcaption id=\"caption-attachment-67555\" class=\"wp-caption-text\">Funcionarios de la Direcci\u00f3n Provincial de Educaci\u00f3n San Felipe \u2013 Los Andes se suman al paro nacional de actividades en demanda por estabilidad laboral.<\/figcaption><\/figure>\n<p><strong>Direcci\u00f3n Provincial de Educaci\u00f3n San Felipe \u2013 Los Andes<\/strong><\/p>\n<p>Hoy, al igual que ayer, los funcionarios de la Direcci\u00f3n Provincial de Educaci\u00f3n San Felipe Los Andes no atender\u00e1n p\u00fablico luego que adhirieran a la paralizaci\u00f3n total de actividades convocada por la Asociaci\u00f3n Nacional de Funcionarios del Mineduc, Andime.<br \/>\nEl llamado a paralizaci\u00f3n en las unidades del servicio en todo el pa\u00eds, es en protesta por el incumplimiento por parte de la autoridad de los acuerdos alcanzados respecto del proceso de Encasillamiento, provisi\u00f3n de cargos y concursos de promoci\u00f3n y provisi\u00f3n, Ley que fue aprobada casi por unanimidad en el Congreso en 2015, y cuya tramitaci\u00f3n del Decreto con Fuerza de Ley que fija las plantas, se ha dilatado de forma absolutamente injustificada por m\u00e1s de seis meses, seg\u00fan indicaron dirigentes nacionales de la Asociaci\u00f3n: \u00abel proceso de Encasillamiento tiene por objeto traer estabilidad laboral a los trabajadores del servicio, ya que alrededor de mil 500 funcionarios podr\u00edan pasar a la planta. Esto es de vital importancia para poder evitar que se repita lo ocurrido en 2010, cuando alrededor de mil 300 trabajadores de este Ministerio fueron despedidos al poco tiempo que asumi\u00f3 el Gobierno de la \u00e9poca\u00bb.<br \/>\nLos dirigentes, que contaron con el apoyo de la Agrupaci\u00f3n nacional de Empleados Fiscales \u2013 Anef, encabezada por su Presidente, Ra\u00fal de la Puente, hicieron un llamado a los usuarios a que no asistan a las oficinas de la repartici\u00f3n con excepci\u00f3n a los alumnos que se encuentran en el proceso de apelaci\u00f3n de postulaci\u00f3n a las Becar y Cr\u00e9ditos.<br \/>\nHelvecia del Pilar Leiva, Dirigente de Andime de las provincias del Aconcagua, se\u00f1ala que se han realizado todas las gestiones correspondientes con el Seremi de Educaci\u00f3n Alejandro Tapia Carvajal, quien ha tenido la mejor disposici\u00f3n de recibir y escuchar al Gremio de trabajadores, pero lamentablemente \u00ablas autoridades del nivel central de este Ministerio han dejado abandonada la casa. Se han dedicado a tramitar leyes en el Congreso, de las cuales reconocemos su relevancia, pero han descuidado a los funcionarios de este Ministerio y a los de Conicyt, de la Agencia de la Calidad, de la Superintendencia de Educaci\u00f3n, de la Junji y de Junaeb, que padecen de la misma incertidumbre e inestabilidad laboral que nuestras y nuestros compa\u00f1eros. Necesitamos que las m\u00e1ximas autoridades de esta Secretar\u00eda de Estado, Ministra y Subsecretaria valoren con hechos a las y los trabajadores y cumplan con la palabra empe\u00f1ada, a objeto de lograr pronto estabilidad laboral para sus colaboradores\u00bb.<\/p>\n","protected":false},"excerpt":{"rendered":"<p>Direcci\u00f3n Provincial de Educaci\u00f3n San Felipe \u2013 Los Andes Hoy, al igual que ayer, los funcionarios de la Direcci\u00f3n Provincial de Educaci\u00f3n San Felipe Los Andes no atender\u00e1n p\u00fablico luego que adhirieran&#8230;<\/p>\n","protected":false},"author":1,"featured_media":67555,"comment_status":"open","ping_status":"open","sticky":false,"template":"","format":"standard","meta":{"advanced_seo_description":"","jetpack_seo_html_title":"","jetpack_seo_noindex":false,"_jetpack_memberships_contains_paid_content":false,"footnotes":""},"categories":[1],"tags":[],"class_list":["post-67554","post","type-post","status-publish","format-standard","has-post-thumbnail","hentry","category-cronica"],"jetpack_featured_media_url":"https:\/\/i0.wp.com\/eltrabajo.cl\/portal\/wp-content\/uploads\/2016\/03\/Representantes-direccion-provincial-educacion.jpg?fit=528%2C350&ssl=1","jetpack_sharing_enabled":true,"jetpack_likes_enabled":true,"jetpack-related-posts":[],"_links":{"self":[{"href":"https:\/\/eltrabajo.cl\/portal\/wp-json\/wp\/v2\/posts\/67554","targetHints":{"allow":["GET"]}}],"collection":[{"href":"https:\/\/eltrabajo.cl\/portal\/wp-json\/wp\/v2\/posts"}],"about":[{"href":"https:\/\/eltrabajo.cl\/portal\/wp-json\/wp\/v2\/types\/post"}],"author":[{"embeddable":true,"href":"https:\/\/eltrabajo.cl\/portal\/wp-json\/wp\/v2\/users\/1"}],"replies":[{"embeddable":true,"href":"https:\/\/eltrabajo.cl\/portal\/wp-json\/wp\/v2\/comments?post=67554"}],"version-history":[{"count":0,"href":"https:\/\/eltrabajo.cl\/portal\/wp-json\/wp\/v2\/posts\/67554\/revisions"}],"wp:featuredmedia":[{"embeddable":true,"href":"https:\/\/eltrabajo.cl\/portal\/wp-json\/wp\/v2\/media\/67555"}],"wp:attachment":[{"href":"https:\/\/eltrabajo.cl\/portal\/wp-json\/wp\/v2\/media?parent=67554"}],"wp:term":[{"taxonomy":"category","embeddable":true,"href":"https:\/\/eltrabajo.cl\/portal\/wp-json\/wp\/v2\/categories?post=67554"},{"taxonomy":"post_tag","embeddable":true,"href":"https:\/\/eltrabajo.cl\/portal\/wp-json\/wp\/v2\/tags?post=67554"}],"curies":[{"name":"wp","href":"https:\/\/api.w.org\/{rel}","templated":true}]}}