{"id":67558,"date":"2016-03-09T08:53:10","date_gmt":"2016-03-09T11:53:10","guid":{"rendered":"http:\/\/www.eltrabajo.cl\/portal\/?p=67558"},"modified":"2016-03-09T08:53:10","modified_gmt":"2016-03-09T11:53:10","slug":"profesionales-de-distintas-areas-de-la-salud-publica-exigen-al-ministerio-reformas-equitativas","status":"publish","type":"post","link":"https:\/\/eltrabajo.cl\/portal\/profesionales-de-distintas-areas-de-la-salud-publica-exigen-al-ministerio-reformas-equitativas\/","title":{"rendered":"Profesionales de distintas \u00e1reas de la salud p\u00fablica exigen al ministerio reformas equitativas"},"content":{"rendered":"<figure id=\"attachment_67561\" aria-describedby=\"caption-attachment-67561\" style=\"width: 300px\" class=\"wp-caption alignleft\"><a href=\"http:\/\/www.eltrabajo.cl\/portal\/profesionales-de-distintas-areas-de-la-salud-publica-exigen-al-ministerio-reformas-equitativas\/dr-luis-ola-odontologo\/\" rel=\"attachment wp-att-67561\"><img data-recalc-dims=\"1\" loading=\"lazy\" decoding=\"async\" class=\"size-medium wp-image-67561\" src=\"https:\/\/i0.wp.com\/www.eltrabajo.cl\/portal\/wp-content\/uploads\/2016\/03\/Dr.-Luis-Ola-Odontologo-300x198.jpg?resize=300%2C198\" alt=\"Dr. Luis Ola. Representante del gremio odontol\u00f3gico de la salud p\u00fablica.\" width=\"300\" height=\"198\" srcset=\"https:\/\/i0.wp.com\/eltrabajo.cl\/portal\/wp-content\/uploads\/2016\/03\/Dr.-Luis-Ola-Odontologo.jpg?resize=300%2C198&amp;ssl=1 300w, https:\/\/i0.wp.com\/eltrabajo.cl\/portal\/wp-content\/uploads\/2016\/03\/Dr.-Luis-Ola-Odontologo.jpg?resize=200%2C132&amp;ssl=1 200w, https:\/\/i0.wp.com\/eltrabajo.cl\/portal\/wp-content\/uploads\/2016\/03\/Dr.-Luis-Ola-Odontologo.jpg?resize=227%2C150&amp;ssl=1 227w, https:\/\/i0.wp.com\/eltrabajo.cl\/portal\/wp-content\/uploads\/2016\/03\/Dr.-Luis-Ola-Odontologo.jpg?resize=400%2C264&amp;ssl=1 400w, https:\/\/i0.wp.com\/eltrabajo.cl\/portal\/wp-content\/uploads\/2016\/03\/Dr.-Luis-Ola-Odontologo.jpg?w=530&amp;ssl=1 530w\" sizes=\"auto, (max-width: 300px) 100vw, 300px\" \/><\/a><figcaption id=\"caption-attachment-67561\" class=\"wp-caption-text\">Dr. Luis Ola. Representante del gremio odontol\u00f3gico de la salud p\u00fablica.<\/figcaption><\/figure>\n<p><strong>Dentistas, Qu\u00edmicos Farmac\u00e9uticos y Bioqu\u00edmicos: <\/strong><\/p>\n<p>Acusan que la modificaci\u00f3n a la Ley 19.664 es discriminatoria y que la atenci\u00f3n en cada uno de sus rubros est\u00e1 despreocupada y carente de condiciones que favorezcan el acceso a la atenci\u00f3n.<br \/>\nCon una marcha por las calles del damero central de la comuna de San Felipe, representantes del gremio de Odont\u00f3logos, Qu\u00edmicos Farmac\u00e9uticos y Bioqu\u00edmicos del Sector P\u00fablico, se manifestaron exigiendo al Ministerio de Salud, una reforma a las modificaciones que se har\u00e1n a la Ley 19.664, la cual, rige a los estamentos anteriormente mencionados, adem\u00e1s del \u00e1rea de medicina.<br \/>\nDe acuerdo a lo manifestado por uno de los manifestantes, el Dr. Luis Ola, junto con la movilizaci\u00f3n efectuada, se est\u00e1 llevando a cabo un paro de 24 horas que involucra a los dentistas del sistema p\u00fablico (no a los profesionales municipalizados) y el descontento se genera a prop\u00f3sito de que el Ministerio estar\u00eda buscando modificar la legislaci\u00f3n en pos de mejorar ciertas condiciones, pero solamente del cuerpo m\u00e9dico y no del resto de profesionales que brindan atenci\u00f3n en el servicio p\u00fablico.<br \/>\nOla, hizo referencia a cu\u00e1les son las razones para realizar este tipo de movilizaciones que han sido convocadas a nivel nacional, detallando que \u201cQueremos tratar de mejorar lo que son las pol\u00edticas de salud p\u00fablica en lo referente a la parte odontol\u00f3gica, la gente no tiene derecho a la salud bucal como en el caso de la salud m\u00e9dica, que con el 7 % les permite una atenci\u00f3n abierta, con bono, cosa que no sucede en el aspecto dental, el cual est\u00e1 muy carente, con grandes listas de espera en el Servicio P\u00fablico\u201d, declar\u00f3 el facultativo.<br \/>\nEn ese contexto el Galeno agreg\u00f3 que \u201cactualmente tenemos carencias terribles, falta de profesionales, de insumos, instrumentos y no existen pol\u00edticas claras en la parte odontol\u00f3gica, solamente hay programas para embarazadas, adultos mayores pero qu\u00e9 ocurre con el resto de la poblaci\u00f3n\u201d, deline\u00f3.<br \/>\nFinalmente Ola aclar\u00f3 que el Ministerio de Salud, a trav\u00e9s del presupuesto de Fonasa, tiene 480 mil millones de pesos destinados a la libre elecci\u00f3n, \u00f3sea los bonos que el p\u00fablico compra para atenderse con sus m\u00e9dicos particulares. Seg\u00fan el profesional, en el \u00e1rea odontol\u00f3gica hay disponibles s\u00f3lo 100 millones para un programa destinado a adolescentes entre los 12 y 17 a\u00f1os.<br \/>\nEl paro y movilizaci\u00f3n, congreg\u00f3 a los profesionales de distintos establecimientos de salud de la Provincia de San Felipe, quienes durante el d\u00eda quedaron pendientes a la sesi\u00f3n de la Comisi\u00f3n de Salud en el Congreso, en donde expondr\u00edan los presidentes de los Colegios Qu\u00edmico y Odontol\u00f3gico, en busca de que la modificaci\u00f3n legislativa garantice una igualdad de condiciones para todos los profesionales que trabajan bajo el alero de la Ley 19.664.<\/p>\n<div class=\"tiled-gallery type-rectangular tiled-gallery-unresized\" data-original-width=\"640\" data-carousel-extra='null' itemscope itemtype=\"http:\/\/schema.org\/ImageGallery\" > <div class=\"gallery-row\" style=\"width: 640px; height: 212px;\" data-original-width=\"640\" data-original-height=\"212\" > <div class=\"gallery-group images-1\" style=\"width: 320px; height: 212px;\" data-original-width=\"320\" data-original-height=\"212\" > <div class=\"tiled-gallery-item tiled-gallery-item-large\" itemprop=\"associatedMedia\" itemscope itemtype=\"http:\/\/schema.org\/ImageObject\"> <a href=\"https:\/\/eltrabajo.cl\/portal\/profesionales-de-distintas-areas-de-la-salud-publica-exigen-al-ministerio-reformas-equitativas\/paro-dentistas-2\/\" border=\"0\" itemprop=\"url\"> <meta itemprop=\"width\" content=\"316\"> <meta itemprop=\"height\" content=\"208\"> <img decoding=\"async\" class=\"\" data-attachment-id=\"67559\" data-orig-file=\"https:\/\/eltrabajo.cl\/portal\/wp-content\/uploads\/2016\/03\/Paro-dentistas-2.jpg\" data-orig-size=\"530,350\" data-comments-opened=\"1\" data-image-meta=\"{&quot;aperture&quot;:&quot;0&quot;,&quot;credit&quot;:&quot;&quot;,&quot;camera&quot;:&quot;&quot;,&quot;caption&quot;:&quot;&quot;,&quot;created_timestamp&quot;:&quot;0&quot;,&quot;copyright&quot;:&quot;&quot;,&quot;focal_length&quot;:&quot;0&quot;,&quot;iso&quot;:&quot;0&quot;,&quot;shutter_speed&quot;:&quot;0&quot;,&quot;title&quot;:&quot;&quot;,&quot;orientation&quot;:&quot;0&quot;}\" data-image-title=\"Profesionales acusan que la Modificaci\u00f3n a la Ley 19.664 no los toma en cuenta y que eso afecta directamente a los usuarios del sistema p\u00fablico.\" data-image-description=\"&lt;p&gt;Profesionales acusan que la Modificaci\u00f3n a la Ley 19.664 no los toma en cuenta y que eso afecta directamente a los usuarios del sistema p\u00fablico.&lt;\/p&gt; \" data-medium-file=\"https:\/\/i0.wp.com\/eltrabajo.cl\/portal\/wp-content\/uploads\/2016\/03\/Paro-dentistas-2.jpg?fit=300%2C198&#038;ssl=1\" data-large-file=\"https:\/\/i0.wp.com\/eltrabajo.cl\/portal\/wp-content\/uploads\/2016\/03\/Paro-dentistas-2.jpg?fit=530%2C350&#038;ssl=1\" src=\"https:\/\/i0.wp.com\/eltrabajo.cl\/portal\/wp-content\/uploads\/2016\/03\/Paro-dentistas-2.jpg?w=316&#038;h=208&#038;ssl=1\" srcset=\"https:\/\/i0.wp.com\/eltrabajo.cl\/portal\/wp-content\/uploads\/2016\/03\/Paro-dentistas-2.jpg?w=530&amp;ssl=1 530w, https:\/\/i0.wp.com\/eltrabajo.cl\/portal\/wp-content\/uploads\/2016\/03\/Paro-dentistas-2.jpg?resize=200%2C132&amp;ssl=1 200w, https:\/\/i0.wp.com\/eltrabajo.cl\/portal\/wp-content\/uploads\/2016\/03\/Paro-dentistas-2.jpg?resize=300%2C198&amp;ssl=1 300w, https:\/\/i0.wp.com\/eltrabajo.cl\/portal\/wp-content\/uploads\/2016\/03\/Paro-dentistas-2.jpg?resize=227%2C150&amp;ssl=1 227w, https:\/\/i0.wp.com\/eltrabajo.cl\/portal\/wp-content\/uploads\/2016\/03\/Paro-dentistas-2.jpg?resize=400%2C264&amp;ssl=1 400w\" width=\"316\" height=\"208\" loading=\"lazy\" data-original-width=\"316\" data-original-height=\"208\" itemprop=\"http:\/\/schema.org\/image\" title=\"Profesionales acusan que la Modificaci\u00f3n a la Ley 19.664 no los toma en cuenta y que eso afecta directamente a los usuarios del sistema p\u00fablico.\" alt=\"Profesionales acusan que la Modificaci\u00f3n a la Ley 19.664 no los toma en cuenta y que eso afecta directamente a los usuarios del sistema p\u00fablico.\" style=\"width: 316px; height: 208px;\" \/> <\/a> <div class=\"tiled-gallery-caption\" itemprop=\"caption description\"> Profesionales acusan que la Modificaci\u00f3n a la Ley 19.664 no los toma en cuenta y que eso afecta directamente a los usuarios del sistema p\u00fablico. <\/div> <\/div> <\/div> <!-- close group --> <div class=\"gallery-group images-1\" style=\"width: 320px; height: 212px;\" data-original-width=\"320\" data-original-height=\"212\" > <div class=\"tiled-gallery-item tiled-gallery-item-large\" itemprop=\"associatedMedia\" itemscope itemtype=\"http:\/\/schema.org\/ImageObject\"> <a href=\"https:\/\/eltrabajo.cl\/portal\/profesionales-de-distintas-areas-de-la-salud-publica-exigen-al-ministerio-reformas-equitativas\/paro-dentistas\/\" border=\"0\" itemprop=\"url\"> <meta itemprop=\"width\" content=\"316\"> <meta itemprop=\"height\" content=\"208\"> <img decoding=\"async\" class=\"\" data-attachment-id=\"67560\" data-orig-file=\"https:\/\/eltrabajo.cl\/portal\/wp-content\/uploads\/2016\/03\/Paro-dentistas.jpg\" data-orig-size=\"530,349\" data-comments-opened=\"1\" data-image-meta=\"{&quot;aperture&quot;:&quot;0&quot;,&quot;credit&quot;:&quot;&quot;,&quot;camera&quot;:&quot;&quot;,&quot;caption&quot;:&quot;&quot;,&quot;created_timestamp&quot;:&quot;0&quot;,&quot;copyright&quot;:&quot;&quot;,&quot;focal_length&quot;:&quot;0&quot;,&quot;iso&quot;:&quot;0&quot;,&quot;shutter_speed&quot;:&quot;0&quot;,&quot;title&quot;:&quot;&quot;,&quot;orientation&quot;:&quot;0&quot;}\" data-image-title=\"Profesionales de distintas \u00e1reas de la salud p\u00fablica marcharon por el centro de San Felipe y realizaron un paro de 24 horas exigiendo al Ministerio mayor justicia y equidad en la ley 19.664\" data-image-description=\"&lt;p&gt;Profesionales de distintas \u00e1reas de la salud p\u00fablica marcharon por el centro de San Felipe y realizaron un paro de 24 horas exigiendo al Ministerio mayor justicia y equidad en la ley 19.664&lt;\/p&gt; \" data-medium-file=\"https:\/\/i0.wp.com\/eltrabajo.cl\/portal\/wp-content\/uploads\/2016\/03\/Paro-dentistas.jpg?fit=300%2C198&#038;ssl=1\" data-large-file=\"https:\/\/i0.wp.com\/eltrabajo.cl\/portal\/wp-content\/uploads\/2016\/03\/Paro-dentistas.jpg?fit=530%2C349&#038;ssl=1\" src=\"https:\/\/i0.wp.com\/eltrabajo.cl\/portal\/wp-content\/uploads\/2016\/03\/Paro-dentistas.jpg?w=316&#038;h=208&#038;ssl=1\" srcset=\"https:\/\/i0.wp.com\/eltrabajo.cl\/portal\/wp-content\/uploads\/2016\/03\/Paro-dentistas.jpg?w=530&amp;ssl=1 530w, https:\/\/i0.wp.com\/eltrabajo.cl\/portal\/wp-content\/uploads\/2016\/03\/Paro-dentistas.jpg?resize=200%2C132&amp;ssl=1 200w, https:\/\/i0.wp.com\/eltrabajo.cl\/portal\/wp-content\/uploads\/2016\/03\/Paro-dentistas.jpg?resize=300%2C198&amp;ssl=1 300w, https:\/\/i0.wp.com\/eltrabajo.cl\/portal\/wp-content\/uploads\/2016\/03\/Paro-dentistas.jpg?resize=228%2C150&amp;ssl=1 228w, https:\/\/i0.wp.com\/eltrabajo.cl\/portal\/wp-content\/uploads\/2016\/03\/Paro-dentistas.jpg?resize=400%2C263&amp;ssl=1 400w\" width=\"316\" height=\"208\" loading=\"lazy\" data-original-width=\"316\" data-original-height=\"208\" itemprop=\"http:\/\/schema.org\/image\" title=\"Profesionales de distintas \u00e1reas de la salud p\u00fablica marcharon por el centro de San Felipe y realizaron un paro de 24 horas exigiendo al Ministerio mayor justicia y equidad en la ley 19.664\" alt=\"Profesionales de distintas \u00e1reas de la salud p\u00fablica marcharon por el centro de San Felipe y realizaron un paro de 24 horas exigiendo al Ministerio mayor justicia y equidad en la ley 19.664\" style=\"width: 316px; height: 208px;\" \/> <\/a> <div class=\"tiled-gallery-caption\" itemprop=\"caption description\"> Profesionales de distintas \u00e1reas de la salud p\u00fablica marcharon por el centro de San Felipe y realizaron un paro de 24 horas exigiendo al Ministerio mayor justicia y equidad en la ley 19.664 <\/div> <\/div> <\/div> <!-- close group --> <\/div> <!-- close row --> <\/div>\n","protected":false},"excerpt":{"rendered":"<p>Dentistas, Qu\u00edmicos Farmac\u00e9uticos y Bioqu\u00edmicos: Acusan que la modificaci\u00f3n a la Ley 19.664 es discriminatoria y que la atenci\u00f3n en cada uno de sus rubros est\u00e1 despreocupada y carente de condiciones que&#8230;<\/p>\n","protected":false},"author":1,"featured_media":67560,"comment_status":"open","ping_status":"open","sticky":false,"template":"","format":"standard","meta":{"advanced_seo_description":"","jetpack_seo_html_title":"","jetpack_seo_noindex":false,"_jetpack_memberships_contains_paid_content":false,"footnotes":""},"categories":[1],"tags":[],"class_list":["post-67558","post","type-post","status-publish","format-standard","has-post-thumbnail","hentry","category-cronica"],"jetpack_featured_media_url":"https:\/\/i0.wp.com\/eltrabajo.cl\/portal\/wp-content\/uploads\/2016\/03\/Paro-dentistas.jpg?fit=530%2C349&ssl=1","jetpack_sharing_enabled":true,"jetpack_likes_enabled":true,"jetpack-related-posts":[],"_links":{"self":[{"href":"https:\/\/eltrabajo.cl\/portal\/wp-json\/wp\/v2\/posts\/67558","targetHints":{"allow":["GET"]}}],"collection":[{"href":"https:\/\/eltrabajo.cl\/portal\/wp-json\/wp\/v2\/posts"}],"about":[{"href":"https:\/\/eltrabajo.cl\/portal\/wp-json\/wp\/v2\/types\/post"}],"author":[{"embeddable":true,"href":"https:\/\/eltrabajo.cl\/portal\/wp-json\/wp\/v2\/users\/1"}],"replies":[{"embeddable":true,"href":"https:\/\/eltrabajo.cl\/portal\/wp-json\/wp\/v2\/comments?post=67558"}],"version-history":[{"count":0,"href":"https:\/\/eltrabajo.cl\/portal\/wp-json\/wp\/v2\/posts\/67558\/revisions"}],"wp:featuredmedia":[{"embeddable":true,"href":"https:\/\/eltrabajo.cl\/portal\/wp-json\/wp\/v2\/media\/67560"}],"wp:attachment":[{"href":"https:\/\/eltrabajo.cl\/portal\/wp-json\/wp\/v2\/media?parent=67558"}],"wp:term":[{"taxonomy":"category","embeddable":true,"href":"https:\/\/eltrabajo.cl\/portal\/wp-json\/wp\/v2\/categories?post=67558"},{"taxonomy":"post_tag","embeddable":true,"href":"https:\/\/eltrabajo.cl\/portal\/wp-json\/wp\/v2\/tags?post=67558"}],"curies":[{"name":"wp","href":"https:\/\/api.w.org\/{rel}","templated":true}]}}