{"id":67564,"date":"2016-03-09T08:58:12","date_gmt":"2016-03-09T11:58:12","guid":{"rendered":"http:\/\/www.eltrabajo.cl\/portal\/?p=67564"},"modified":"2016-03-09T08:58:12","modified_gmt":"2016-03-09T11:58:12","slug":"usuarias-de-los-cesfam-municipalizados-regaloneadas-en-su-dia","status":"publish","type":"post","link":"https:\/\/eltrabajo.cl\/portal\/usuarias-de-los-cesfam-municipalizados-regaloneadas-en-su-dia\/","title":{"rendered":"Usuarias de los Cesfam municipalizados regaloneadas en su d\u00eda"},"content":{"rendered":"<p><strong>Iturra, Cecosf y Curim\u00f3n dedicaron d\u00eda laboral a festejar a sus usuarias:<\/strong><\/p>\n<p>En una jornada que no estuvo exenta de actos y celebraciones, la Direcci\u00f3n de Salud Municipal de San Felipe, encabezada por su directora Marcela Brito, salud\u00f3 a las mujeres de nuestra querida comuna, donde se destac\u00f3 la notable labor de los funcionarios de los tres centros que forman parte de la Red de Salud Municipal de San Felipe, Cecosf, Cesfam Segismundo Iturra y Cesfam Curim\u00f3n, quienes no escatimaron esfuerzos para conmemorar como se merece, a las f\u00e9minas de nuestra comuna.<br \/>\nDiario El Trabajo realiz\u00f3 un recorrido por los tres centros de salud municipalizados de nuestra comuna, registrando as\u00ed c\u00f3mo se desarrollaron distintas iniciativas con y para los usuarios de estos servicios.<\/p>\n<p><strong>CESFAM ACTIVOS<\/strong><br \/>\nEn el Cesfam de Curim\u00f3n los funcionarios desarrollaron una jornada especial de masajes magn\u00e9ticos; alimentaci\u00f3n natural y saludable; manicure para las usuarias. Por su parte los funcionarios del Cesfam Iturra, realizaron charlas educativas; repartieron dulces y folleter\u00eda a los usuarios presentes, mientras que el personal de Cecosf de Calle Herrera dedic\u00f3 toda la ma\u00f1ana y tarde para regalonear a sus usuarias, haciendo manicure; comidas saludables, masajes y toda clase de actividades prosalud.<\/p>\n<p><strong>DURAS LUCHAS<\/strong><br \/>\nCuando se conmemora el D\u00eda de la Mujer, muchos lo hacemos pensando que es una especie de celebraci\u00f3n alegre. Sin embargo, el verdadero origen dista mucho de ser un motivo para sonre\u00edr o inflar globos. Lo que sucedi\u00f3 hace un poco m\u00e1s de 100 a\u00f1os es realmente terrible.<br \/>\nHoy lo podemos recordar pensando que esas injusticias quedaron atr\u00e1s, pero lo cierto es que a\u00fan despu\u00e9s de tanto tiempo las mujeres contin\u00faan luchando por sus derechos.<\/p>\n<p><strong>AMARGO RECUERDO<\/strong><br \/>\nLo que se recuerda cada 8 de marzo, es la muerte de 146 trabajadoras en marzo de 1911. Ellas fallecieron cuando pudieron haberse salvado, si es que hubieran sido tratadas de manera igualitaria. Un incendi\u00f3 se las llev\u00f3 de este mundo. Eso hizo que en todas partes se levantara gente para exigir un cambio, hab\u00eda que obtener justicia en la vida conyugal, en el trabajo y en el \u00e1mbito de los derechos civiles hasta la fecha.<\/p>\n<p><strong>NO M\u00c1S C\u00c1NCER<\/strong><br \/>\nDiario El Trabajo habl\u00f3 con la directora de la Direcci\u00f3n Municipal de Salud de San Felipe, Marcela Brito, quien coment\u00f3 que \u00absin perder de vista el evento principal que motiva esta celebraci\u00f3n, nuestro municipio se ha esforzado en fomentar el desarrollo de la mujer en diversos \u00e1mbitos, as\u00ed como tambi\u00e9n de brindar apoyo en \u00e1mbitos de salud y prevenci\u00f3n, existiendo hoy d\u00eda una campa\u00f1a con especial \u00e9nfasis en la evaluaci\u00f3n temprana y tratamiento del c\u00e1ncer C\u00e9rvico Uterino. En este sentido aprovecho de hacer un llamado a las mujeres de nuestra comuna, para que asistan a su Cesfam m\u00e1s cercano a realizarse el Papanicolaou, el cual adem\u00e1s de ser gratuito, es indoloro, r\u00e1pido, permite detectar el CCU y se debe realizar cada tres a\u00f1os\u00bb, se\u00f1al\u00f3 Brito.<br \/>\nEl cuidado de la mujer ha sido una de las prioridades de esta Direcci\u00f3n de Salud Municipal, una directriz apoyada fuertemente por el edil Patricio Freire, quien reconoce a la mujer como el motor fundamental y pilar de muchos hogares, as\u00ed como tambi\u00e9n un elemento imprescindible en la administraci\u00f3n p\u00fablica y privada, pues el car\u00e1cter que embisten a las labores diarias es lo que nos acerca al concepto deseado por todos de hacer la \u2018vida bella\u2019.<br \/>\n<strong>Roberto Gonz\u00e1lez Short<\/strong><br \/>\n<strong>rgonzalez@eltrabajo.cl<\/strong><\/p>\n<div class=\"tiled-gallery type-rectangular tiled-gallery-unresized\" data-original-width=\"640\" data-carousel-extra='null' itemscope itemtype=\"http:\/\/schema.org\/ImageGallery\" > <div class=\"gallery-row\" style=\"width: 640px; height: 282px;\" data-original-width=\"640\" data-original-height=\"282\" > <div class=\"gallery-group images-1\" style=\"width: 428px; height: 282px;\" data-original-width=\"428\" data-original-height=\"282\" > <div class=\"tiled-gallery-item tiled-gallery-item-large\" itemprop=\"associatedMedia\" itemscope itemtype=\"http:\/\/schema.org\/ImageObject\"> <a href=\"https:\/\/eltrabajo.cl\/portal\/usuarias-de-los-cesfam-municipalizados-regaloneadas-en-su-dia\/cecosf33\/\" border=\"0\" itemprop=\"url\"> <meta itemprop=\"width\" content=\"424\"> <meta itemprop=\"height\" content=\"278\"> <img decoding=\"async\" class=\"\" data-attachment-id=\"67565\" data-orig-file=\"https:\/\/eltrabajo.cl\/portal\/wp-content\/uploads\/2016\/03\/Cecosf33.jpg\" data-orig-size=\"530,348\" data-comments-opened=\"1\" data-image-meta=\"{&quot;aperture&quot;:&quot;0&quot;,&quot;credit&quot;:&quot;&quot;,&quot;camera&quot;:&quot;&quot;,&quot;caption&quot;:&quot;&quot;,&quot;created_timestamp&quot;:&quot;0&quot;,&quot;copyright&quot;:&quot;&quot;,&quot;focal_length&quot;:&quot;0&quot;,&quot;iso&quot;:&quot;0&quot;,&quot;shutter_speed&quot;:&quot;0&quot;,&quot;title&quot;:&quot;&quot;,&quot;orientation&quot;:&quot;0&quot;}\" data-image-title=\"MANICURE.- Una pintadita de u\u00f1as a ninguna dama le hace mal, y si es gratis, mejor.\" data-image-description=\"&lt;p&gt;MANICURE.- Una pintadita de u\u00f1as a ninguna dama le hace mal, y si es gratis, mejor.&lt;\/p&gt; \" data-medium-file=\"https:\/\/i0.wp.com\/eltrabajo.cl\/portal\/wp-content\/uploads\/2016\/03\/Cecosf33.jpg?fit=300%2C197&#038;ssl=1\" data-large-file=\"https:\/\/i0.wp.com\/eltrabajo.cl\/portal\/wp-content\/uploads\/2016\/03\/Cecosf33.jpg?fit=530%2C348&#038;ssl=1\" src=\"https:\/\/i0.wp.com\/eltrabajo.cl\/portal\/wp-content\/uploads\/2016\/03\/Cecosf33.jpg?w=424&#038;h=278&#038;ssl=1\" srcset=\"https:\/\/i0.wp.com\/eltrabajo.cl\/portal\/wp-content\/uploads\/2016\/03\/Cecosf33.jpg?w=530&amp;ssl=1 530w, https:\/\/i0.wp.com\/eltrabajo.cl\/portal\/wp-content\/uploads\/2016\/03\/Cecosf33.jpg?resize=200%2C131&amp;ssl=1 200w, https:\/\/i0.wp.com\/eltrabajo.cl\/portal\/wp-content\/uploads\/2016\/03\/Cecosf33.jpg?resize=300%2C197&amp;ssl=1 300w, https:\/\/i0.wp.com\/eltrabajo.cl\/portal\/wp-content\/uploads\/2016\/03\/Cecosf33.jpg?resize=228%2C150&amp;ssl=1 228w, https:\/\/i0.wp.com\/eltrabajo.cl\/portal\/wp-content\/uploads\/2016\/03\/Cecosf33.jpg?resize=400%2C263&amp;ssl=1 400w\" width=\"424\" height=\"278\" loading=\"lazy\" data-original-width=\"424\" data-original-height=\"278\" itemprop=\"http:\/\/schema.org\/image\" title=\"MANICURE.- Una pintadita de u\u00f1as a ninguna dama le hace mal, y si es gratis, mejor.\" alt=\"MANICURE.- Una pintadita de u\u00f1as a ninguna dama le hace mal, y si es gratis, mejor.\" style=\"width: 424px; height: 278px;\" \/> <\/a> <div class=\"tiled-gallery-caption\" itemprop=\"caption description\"> MANICURE.- Una pintadita de u\u00f1as a ninguna dama le hace mal, y si es gratis, mejor. <\/div> <\/div> <\/div> <!-- close group --> <div class=\"gallery-group images-2\" style=\"width: 212px; height: 282px;\" data-original-width=\"212\" data-original-height=\"282\" > <div class=\"tiled-gallery-item tiled-gallery-item-small\" itemprop=\"associatedMedia\" itemscope itemtype=\"http:\/\/schema.org\/ImageObject\"> <a href=\"https:\/\/eltrabajo.cl\/portal\/usuarias-de-los-cesfam-municipalizados-regaloneadas-en-su-dia\/cecosf34\/\" border=\"0\" itemprop=\"url\"> <meta itemprop=\"width\" content=\"208\"> <meta itemprop=\"height\" content=\"137\"> <img decoding=\"async\" class=\"\" data-attachment-id=\"67566\" data-orig-file=\"https:\/\/eltrabajo.cl\/portal\/wp-content\/uploads\/2016\/03\/Cecosf34.jpg\" data-orig-size=\"530,348\" data-comments-opened=\"1\" data-image-meta=\"{&quot;aperture&quot;:&quot;0&quot;,&quot;credit&quot;:&quot;&quot;,&quot;camera&quot;:&quot;&quot;,&quot;caption&quot;:&quot;&quot;,&quot;created_timestamp&quot;:&quot;0&quot;,&quot;copyright&quot;:&quot;&quot;,&quot;focal_length&quot;:&quot;0&quot;,&quot;iso&quot;:&quot;0&quot;,&quot;shutter_speed&quot;:&quot;0&quot;,&quot;title&quot;:&quot;&quot;,&quot;orientation&quot;:&quot;0&quot;}\" data-image-title=\"FRUTA FRESCA.- En el Cecosf todo fue fruta fresca, ricos sabores y muchas sonrisas entre las damas funcionarias de ese centro de salud.\" data-image-description=\"&lt;p&gt;FRUTA FRESCA.- En el Cecosf todo fue fruta fresca, ricos sabores y muchas sonrisas entre las damas funcionarias de ese centro de salud.&lt;\/p&gt; \" data-medium-file=\"https:\/\/i0.wp.com\/eltrabajo.cl\/portal\/wp-content\/uploads\/2016\/03\/Cecosf34.jpg?fit=300%2C197&#038;ssl=1\" data-large-file=\"https:\/\/i0.wp.com\/eltrabajo.cl\/portal\/wp-content\/uploads\/2016\/03\/Cecosf34.jpg?fit=530%2C348&#038;ssl=1\" src=\"https:\/\/i0.wp.com\/eltrabajo.cl\/portal\/wp-content\/uploads\/2016\/03\/Cecosf34.jpg?w=208&#038;h=137&#038;ssl=1\" srcset=\"https:\/\/i0.wp.com\/eltrabajo.cl\/portal\/wp-content\/uploads\/2016\/03\/Cecosf34.jpg?w=530&amp;ssl=1 530w, https:\/\/i0.wp.com\/eltrabajo.cl\/portal\/wp-content\/uploads\/2016\/03\/Cecosf34.jpg?resize=200%2C131&amp;ssl=1 200w, https:\/\/i0.wp.com\/eltrabajo.cl\/portal\/wp-content\/uploads\/2016\/03\/Cecosf34.jpg?resize=300%2C197&amp;ssl=1 300w, https:\/\/i0.wp.com\/eltrabajo.cl\/portal\/wp-content\/uploads\/2016\/03\/Cecosf34.jpg?resize=228%2C150&amp;ssl=1 228w, https:\/\/i0.wp.com\/eltrabajo.cl\/portal\/wp-content\/uploads\/2016\/03\/Cecosf34.jpg?resize=400%2C263&amp;ssl=1 400w\" width=\"208\" height=\"137\" loading=\"lazy\" data-original-width=\"208\" data-original-height=\"137\" itemprop=\"http:\/\/schema.org\/image\" title=\"FRUTA FRESCA.- En el Cecosf todo fue fruta fresca, ricos sabores y muchas sonrisas entre las damas funcionarias de ese centro de salud.\" alt=\"FRUTA FRESCA.- En el Cecosf todo fue fruta fresca, ricos sabores y muchas sonrisas entre las damas funcionarias de ese centro de salud.\" style=\"width: 208px; height: 137px;\" \/> <\/a> <div class=\"tiled-gallery-caption\" itemprop=\"caption description\"> FRUTA FRESCA.- En el Cecosf todo fue fruta fresca, ricos sabores y muchas sonrisas entre las damas funcionarias de ese centro de salud. <\/div> <\/div> <div class=\"tiled-gallery-item tiled-gallery-item-small\" itemprop=\"associatedMedia\" itemscope itemtype=\"http:\/\/schema.org\/ImageObject\"> <a href=\"https:\/\/eltrabajo.cl\/portal\/usuarias-de-los-cesfam-municipalizados-regaloneadas-en-su-dia\/curimon1-5\/\" border=\"0\" itemprop=\"url\"> <meta itemprop=\"width\" content=\"208\"> <meta itemprop=\"height\" content=\"137\"> <img decoding=\"async\" class=\"\" data-attachment-id=\"67567\" data-orig-file=\"https:\/\/eltrabajo.cl\/portal\/wp-content\/uploads\/2016\/03\/Curimon1.jpg\" data-orig-size=\"530,350\" data-comments-opened=\"1\" data-image-meta=\"{&quot;aperture&quot;:&quot;0&quot;,&quot;credit&quot;:&quot;&quot;,&quot;camera&quot;:&quot;&quot;,&quot;caption&quot;:&quot;&quot;,&quot;created_timestamp&quot;:&quot;0&quot;,&quot;copyright&quot;:&quot;&quot;,&quot;focal_length&quot;:&quot;0&quot;,&quot;iso&quot;:&quot;0&quot;,&quot;shutter_speed&quot;:&quot;0&quot;,&quot;title&quot;:&quot;&quot;,&quot;orientation&quot;:&quot;0&quot;}\" data-image-title=\"BIEN RELAJADAS.- Usuarias del Cesfam Curim\u00f3n recibieron su masaje gratis en su d\u00eda.\" data-image-description=\"&lt;p&gt;BIEN RELAJADAS.- Usuarias del Cesfam Curim\u00f3n recibieron su masaje gratis en su d\u00eda.&lt;\/p&gt; \" data-medium-file=\"https:\/\/i0.wp.com\/eltrabajo.cl\/portal\/wp-content\/uploads\/2016\/03\/Curimon1.jpg?fit=300%2C198&#038;ssl=1\" data-large-file=\"https:\/\/i0.wp.com\/eltrabajo.cl\/portal\/wp-content\/uploads\/2016\/03\/Curimon1.jpg?fit=530%2C350&#038;ssl=1\" src=\"https:\/\/i0.wp.com\/eltrabajo.cl\/portal\/wp-content\/uploads\/2016\/03\/Curimon1.jpg?w=208&#038;h=137&#038;ssl=1\" srcset=\"https:\/\/i0.wp.com\/eltrabajo.cl\/portal\/wp-content\/uploads\/2016\/03\/Curimon1.jpg?w=530&amp;ssl=1 530w, https:\/\/i0.wp.com\/eltrabajo.cl\/portal\/wp-content\/uploads\/2016\/03\/Curimon1.jpg?resize=200%2C132&amp;ssl=1 200w, https:\/\/i0.wp.com\/eltrabajo.cl\/portal\/wp-content\/uploads\/2016\/03\/Curimon1.jpg?resize=300%2C198&amp;ssl=1 300w, https:\/\/i0.wp.com\/eltrabajo.cl\/portal\/wp-content\/uploads\/2016\/03\/Curimon1.jpg?resize=227%2C150&amp;ssl=1 227w, https:\/\/i0.wp.com\/eltrabajo.cl\/portal\/wp-content\/uploads\/2016\/03\/Curimon1.jpg?resize=400%2C264&amp;ssl=1 400w\" width=\"208\" height=\"137\" loading=\"lazy\" data-original-width=\"208\" data-original-height=\"137\" itemprop=\"http:\/\/schema.org\/image\" title=\"BIEN RELAJADAS.- Usuarias del Cesfam Curim\u00f3n recibieron su masaje gratis en su d\u00eda.\" alt=\"BIEN RELAJADAS.- Usuarias del Cesfam Curim\u00f3n recibieron su masaje gratis en su d\u00eda.\" style=\"width: 208px; height: 137px;\" \/> <\/a> <div class=\"tiled-gallery-caption\" itemprop=\"caption description\"> BIEN RELAJADAS.- Usuarias del Cesfam Curim\u00f3n recibieron su masaje gratis en su d\u00eda. <\/div> <\/div> <\/div> <!-- close group --> <\/div> <!-- close row --> <div class=\"gallery-row\" style=\"width: 640px; height: 142px;\" data-original-width=\"640\" data-original-height=\"142\" > <div class=\"gallery-group images-1\" style=\"width: 214px; height: 142px;\" data-original-width=\"214\" data-original-height=\"142\" > <div class=\"tiled-gallery-item tiled-gallery-item-small\" itemprop=\"associatedMedia\" itemscope itemtype=\"http:\/\/schema.org\/ImageObject\"> <a href=\"https:\/\/eltrabajo.cl\/portal\/usuarias-de-los-cesfam-municipalizados-regaloneadas-en-su-dia\/isabel-meneses\/\" border=\"0\" itemprop=\"url\"> <meta itemprop=\"width\" content=\"210\"> <meta itemprop=\"height\" content=\"138\"> <img decoding=\"async\" class=\"\" data-attachment-id=\"67568\" data-orig-file=\"https:\/\/eltrabajo.cl\/portal\/wp-content\/uploads\/2016\/03\/Isabel-Meneses.jpg\" data-orig-size=\"530,350\" data-comments-opened=\"1\" data-image-meta=\"{&quot;aperture&quot;:&quot;0&quot;,&quot;credit&quot;:&quot;&quot;,&quot;camera&quot;:&quot;&quot;,&quot;caption&quot;:&quot;&quot;,&quot;created_timestamp&quot;:&quot;0&quot;,&quot;copyright&quot;:&quot;&quot;,&quot;focal_length&quot;:&quot;0&quot;,&quot;iso&quot;:&quot;0&quot;,&quot;shutter_speed&quot;:&quot;0&quot;,&quot;title&quot;:&quot;&quot;,&quot;orientation&quot;:&quot;0&quot;}\" data-image-title=\"BIEN INFORMADA.- Isabel Meneses, usuaria del Cesfam Iturra, recibi\u00f3 material informativo por parte de las funcionarias en su d\u00eda.\" data-image-description=\"&lt;p&gt;BIEN INFORMADA.- Isabel Meneses, usuaria del Cesfam Iturra, recibi\u00f3 material informativo por parte de las funcionarias en su d\u00eda.&lt;\/p&gt; \" data-medium-file=\"https:\/\/i0.wp.com\/eltrabajo.cl\/portal\/wp-content\/uploads\/2016\/03\/Isabel-Meneses.jpg?fit=300%2C198&#038;ssl=1\" data-large-file=\"https:\/\/i0.wp.com\/eltrabajo.cl\/portal\/wp-content\/uploads\/2016\/03\/Isabel-Meneses.jpg?fit=530%2C350&#038;ssl=1\" src=\"https:\/\/i0.wp.com\/eltrabajo.cl\/portal\/wp-content\/uploads\/2016\/03\/Isabel-Meneses.jpg?w=210&#038;h=138&#038;ssl=1\" srcset=\"https:\/\/i0.wp.com\/eltrabajo.cl\/portal\/wp-content\/uploads\/2016\/03\/Isabel-Meneses.jpg?w=530&amp;ssl=1 530w, https:\/\/i0.wp.com\/eltrabajo.cl\/portal\/wp-content\/uploads\/2016\/03\/Isabel-Meneses.jpg?resize=200%2C132&amp;ssl=1 200w, https:\/\/i0.wp.com\/eltrabajo.cl\/portal\/wp-content\/uploads\/2016\/03\/Isabel-Meneses.jpg?resize=300%2C198&amp;ssl=1 300w, https:\/\/i0.wp.com\/eltrabajo.cl\/portal\/wp-content\/uploads\/2016\/03\/Isabel-Meneses.jpg?resize=227%2C150&amp;ssl=1 227w, https:\/\/i0.wp.com\/eltrabajo.cl\/portal\/wp-content\/uploads\/2016\/03\/Isabel-Meneses.jpg?resize=400%2C264&amp;ssl=1 400w\" width=\"210\" height=\"138\" loading=\"lazy\" data-original-width=\"210\" data-original-height=\"138\" itemprop=\"http:\/\/schema.org\/image\" title=\"BIEN INFORMADA.- Isabel Meneses, usuaria del Cesfam Iturra, recibi\u00f3 material informativo por parte de las funcionarias en su d\u00eda.\" alt=\"BIEN INFORMADA.- Isabel Meneses, usuaria del Cesfam Iturra, recibi\u00f3 material informativo por parte de las funcionarias en su d\u00eda.\" style=\"width: 210px; height: 138px;\" \/> <\/a> <div class=\"tiled-gallery-caption\" itemprop=\"caption description\"> BIEN INFORMADA.- Isabel Meneses, usuaria del Cesfam Iturra, recibi\u00f3 material informativo por parte de las funcionarias en su d\u00eda. <\/div> <\/div> <\/div> <!-- close group --> <div class=\"gallery-group images-1\" style=\"width: 213px; height: 142px;\" data-original-width=\"213\" data-original-height=\"142\" > <div class=\"tiled-gallery-item tiled-gallery-item-small\" itemprop=\"associatedMedia\" itemscope itemtype=\"http:\/\/schema.org\/ImageObject\"> <a href=\"https:\/\/eltrabajo.cl\/portal\/usuarias-de-los-cesfam-municipalizados-regaloneadas-en-su-dia\/iturra33\/\" border=\"0\" itemprop=\"url\"> <meta itemprop=\"width\" content=\"209\"> <meta itemprop=\"height\" content=\"138\"> <img decoding=\"async\" class=\"\" data-attachment-id=\"67569\" data-orig-file=\"https:\/\/eltrabajo.cl\/portal\/wp-content\/uploads\/2016\/03\/Iturra33.jpg\" data-orig-size=\"528,350\" data-comments-opened=\"1\" data-image-meta=\"{&quot;aperture&quot;:&quot;0&quot;,&quot;credit&quot;:&quot;&quot;,&quot;camera&quot;:&quot;&quot;,&quot;caption&quot;:&quot;&quot;,&quot;created_timestamp&quot;:&quot;0&quot;,&quot;copyright&quot;:&quot;&quot;,&quot;focal_length&quot;:&quot;0&quot;,&quot;iso&quot;:&quot;0&quot;,&quot;shutter_speed&quot;:&quot;0&quot;,&quot;title&quot;:&quot;&quot;,&quot;orientation&quot;:&quot;0&quot;}\" data-image-title=\"REGALONEADAS.- Presentes de cari\u00f1o recibieron las mujeres usuarias del Segismundo Iturra.\" data-image-description=\"&lt;p&gt;REGALONEADAS.- Presentes de cari\u00f1o recibieron las mujeres usuarias del Segismundo Iturra.&lt;\/p&gt; \" data-medium-file=\"https:\/\/i0.wp.com\/eltrabajo.cl\/portal\/wp-content\/uploads\/2016\/03\/Iturra33.jpg?fit=300%2C199&#038;ssl=1\" data-large-file=\"https:\/\/i0.wp.com\/eltrabajo.cl\/portal\/wp-content\/uploads\/2016\/03\/Iturra33.jpg?fit=528%2C350&#038;ssl=1\" src=\"https:\/\/i0.wp.com\/eltrabajo.cl\/portal\/wp-content\/uploads\/2016\/03\/Iturra33.jpg?w=209&#038;h=138&#038;ssl=1\" srcset=\"https:\/\/i0.wp.com\/eltrabajo.cl\/portal\/wp-content\/uploads\/2016\/03\/Iturra33.jpg?w=528&amp;ssl=1 528w, https:\/\/i0.wp.com\/eltrabajo.cl\/portal\/wp-content\/uploads\/2016\/03\/Iturra33.jpg?resize=200%2C133&amp;ssl=1 200w, https:\/\/i0.wp.com\/eltrabajo.cl\/portal\/wp-content\/uploads\/2016\/03\/Iturra33.jpg?resize=300%2C199&amp;ssl=1 300w, https:\/\/i0.wp.com\/eltrabajo.cl\/portal\/wp-content\/uploads\/2016\/03\/Iturra33.jpg?resize=226%2C150&amp;ssl=1 226w, https:\/\/i0.wp.com\/eltrabajo.cl\/portal\/wp-content\/uploads\/2016\/03\/Iturra33.jpg?resize=400%2C265&amp;ssl=1 400w\" width=\"209\" height=\"138\" loading=\"lazy\" data-original-width=\"209\" data-original-height=\"138\" itemprop=\"http:\/\/schema.org\/image\" title=\"REGALONEADAS.- Presentes de cari\u00f1o recibieron las mujeres usuarias del Segismundo Iturra.\" alt=\"REGALONEADAS.- Presentes de cari\u00f1o recibieron las mujeres usuarias del Segismundo Iturra.\" style=\"width: 209px; height: 138px;\" \/> <\/a> <div class=\"tiled-gallery-caption\" itemprop=\"caption description\"> REGALONEADAS.- Presentes de cari\u00f1o recibieron las mujeres usuarias del Segismundo Iturra. <\/div> <\/div> <\/div> <!-- close group --> <div class=\"gallery-group images-1\" style=\"width: 213px; height: 142px;\" data-original-width=\"213\" data-original-height=\"142\" > <div class=\"tiled-gallery-item tiled-gallery-item-small\" itemprop=\"associatedMedia\" itemscope itemtype=\"http:\/\/schema.org\/ImageObject\"> <a href=\"https:\/\/eltrabajo.cl\/portal\/usuarias-de-los-cesfam-municipalizados-regaloneadas-en-su-dia\/marcela-brito-4\/\" border=\"0\" itemprop=\"url\"> <meta itemprop=\"width\" content=\"209\"> <meta itemprop=\"height\" content=\"138\"> <img decoding=\"async\" class=\"\" data-attachment-id=\"67570\" data-orig-file=\"https:\/\/eltrabajo.cl\/portal\/wp-content\/uploads\/2016\/03\/Marcela-Brito.jpg\" data-orig-size=\"530,350\" data-comments-opened=\"1\" data-image-meta=\"{&quot;aperture&quot;:&quot;0&quot;,&quot;credit&quot;:&quot;&quot;,&quot;camera&quot;:&quot;&quot;,&quot;caption&quot;:&quot;&quot;,&quot;created_timestamp&quot;:&quot;0&quot;,&quot;copyright&quot;:&quot;&quot;,&quot;focal_length&quot;:&quot;0&quot;,&quot;iso&quot;:&quot;0&quot;,&quot;shutter_speed&quot;:&quot;0&quot;,&quot;title&quot;:&quot;&quot;,&quot;orientation&quot;:&quot;0&quot;}\" data-image-title=\"Marcela Brito, directora de la Direcci\u00f3n Municipal de Salud de San Felipe.\" data-image-description=\"&lt;p&gt;Marcela Brito, directora de la Direcci\u00f3n Municipal de Salud de San Felipe.&lt;\/p&gt; \" data-medium-file=\"https:\/\/i0.wp.com\/eltrabajo.cl\/portal\/wp-content\/uploads\/2016\/03\/Marcela-Brito.jpg?fit=300%2C198&#038;ssl=1\" data-large-file=\"https:\/\/i0.wp.com\/eltrabajo.cl\/portal\/wp-content\/uploads\/2016\/03\/Marcela-Brito.jpg?fit=530%2C350&#038;ssl=1\" src=\"https:\/\/i0.wp.com\/eltrabajo.cl\/portal\/wp-content\/uploads\/2016\/03\/Marcela-Brito.jpg?w=209&#038;h=138&#038;ssl=1\" srcset=\"https:\/\/i0.wp.com\/eltrabajo.cl\/portal\/wp-content\/uploads\/2016\/03\/Marcela-Brito.jpg?w=530&amp;ssl=1 530w, https:\/\/i0.wp.com\/eltrabajo.cl\/portal\/wp-content\/uploads\/2016\/03\/Marcela-Brito.jpg?resize=200%2C132&amp;ssl=1 200w, https:\/\/i0.wp.com\/eltrabajo.cl\/portal\/wp-content\/uploads\/2016\/03\/Marcela-Brito.jpg?resize=300%2C198&amp;ssl=1 300w, https:\/\/i0.wp.com\/eltrabajo.cl\/portal\/wp-content\/uploads\/2016\/03\/Marcela-Brito.jpg?resize=227%2C150&amp;ssl=1 227w, https:\/\/i0.wp.com\/eltrabajo.cl\/portal\/wp-content\/uploads\/2016\/03\/Marcela-Brito.jpg?resize=400%2C264&amp;ssl=1 400w\" width=\"209\" height=\"138\" loading=\"lazy\" data-original-width=\"209\" data-original-height=\"138\" itemprop=\"http:\/\/schema.org\/image\" title=\"Marcela Brito, directora de la Direcci\u00f3n Municipal de Salud de San Felipe.\" alt=\"Marcela Brito, directora de la Direcci\u00f3n Municipal de Salud de San Felipe.\" style=\"width: 209px; height: 138px;\" \/> <\/a> <div class=\"tiled-gallery-caption\" itemprop=\"caption description\"> Marcela Brito, directora de la Direcci\u00f3n Municipal de Salud de San Felipe. <\/div> <\/div> <\/div> <!-- close group --> <\/div> <!-- close row --> <\/div>\n","protected":false},"excerpt":{"rendered":"<p>Iturra, Cecosf y Curim\u00f3n dedicaron d\u00eda laboral a festejar a sus usuarias: En una jornada que no estuvo exenta de actos y celebraciones, la Direcci\u00f3n de Salud Municipal de San Felipe, encabezada&#8230;<\/p>\n","protected":false},"author":1,"featured_media":67566,"comment_status":"open","ping_status":"open","sticky":false,"template":"","format":"standard","meta":{"advanced_seo_description":"","jetpack_seo_html_title":"","jetpack_seo_noindex":false,"_jetpack_memberships_contains_paid_content":false,"footnotes":""},"categories":[15],"tags":[],"class_list":["post-67564","post","type-post","status-publish","format-standard","has-post-thumbnail","hentry","category-comunidad"],"jetpack_featured_media_url":"https:\/\/i0.wp.com\/eltrabajo.cl\/portal\/wp-content\/uploads\/2016\/03\/Cecosf34.jpg?fit=530%2C348&ssl=1","jetpack_sharing_enabled":true,"jetpack_likes_enabled":true,"jetpack-related-posts":[],"_links":{"self":[{"href":"https:\/\/eltrabajo.cl\/portal\/wp-json\/wp\/v2\/posts\/67564","targetHints":{"allow":["GET"]}}],"collection":[{"href":"https:\/\/eltrabajo.cl\/portal\/wp-json\/wp\/v2\/posts"}],"about":[{"href":"https:\/\/eltrabajo.cl\/portal\/wp-json\/wp\/v2\/types\/post"}],"author":[{"embeddable":true,"href":"https:\/\/eltrabajo.cl\/portal\/wp-json\/wp\/v2\/users\/1"}],"replies":[{"embeddable":true,"href":"https:\/\/eltrabajo.cl\/portal\/wp-json\/wp\/v2\/comments?post=67564"}],"version-history":[{"count":0,"href":"https:\/\/eltrabajo.cl\/portal\/wp-json\/wp\/v2\/posts\/67564\/revisions"}],"wp:featuredmedia":[{"embeddable":true,"href":"https:\/\/eltrabajo.cl\/portal\/wp-json\/wp\/v2\/media\/67566"}],"wp:attachment":[{"href":"https:\/\/eltrabajo.cl\/portal\/wp-json\/wp\/v2\/media?parent=67564"}],"wp:term":[{"taxonomy":"category","embeddable":true,"href":"https:\/\/eltrabajo.cl\/portal\/wp-json\/wp\/v2\/categories?post=67564"},{"taxonomy":"post_tag","embeddable":true,"href":"https:\/\/eltrabajo.cl\/portal\/wp-json\/wp\/v2\/tags?post=67564"}],"curies":[{"name":"wp","href":"https:\/\/api.w.org\/{rel}","templated":true}]}}