{"id":6757,"date":"2011-11-28T09:03:15","date_gmt":"2011-11-28T13:03:15","guid":{"rendered":"http:\/\/www.eltrabajo.cl\/portal\/?p=6757"},"modified":"2011-11-28T09:03:15","modified_gmt":"2011-11-28T13:03:15","slug":"jugadoras-del-corina-urbina-viajan-este-jueves-a-representar-a-chile-en-colombia","status":"publish","type":"post","link":"https:\/\/eltrabajo.cl\/portal\/jugadoras-del-corina-urbina-viajan-este-jueves-a-representar-a-chile-en-colombia\/","title":{"rendered":"Jugadoras del Corina Urbina viajan este jueves a representar a Chile en Colombia"},"content":{"rendered":"<figure id=\"attachment_6758\" aria-describedby=\"caption-attachment-6758\" style=\"width: 600px\" class=\"wp-caption alignnone\"><a href=\"http:\/\/www.eltrabajo.cl\/portal\/archives\/6757\/desayuno\" rel=\"attachment wp-att-6758\"><img data-recalc-dims=\"1\" loading=\"lazy\" decoding=\"async\" class=\"size-full wp-image-6758\" title=\"Desayuno\" src=\"https:\/\/i0.wp.com\/www.eltrabajo.cl\/portal\/wp-content\/uploads\/2011\/11\/Desayuno.jpg?resize=600%2C446\" alt=\"\" width=\"600\" height=\"446\" srcset=\"https:\/\/i0.wp.com\/eltrabajo.cl\/portal\/wp-content\/uploads\/2011\/11\/Desayuno.jpg?w=600&amp;ssl=1 600w, https:\/\/i0.wp.com\/eltrabajo.cl\/portal\/wp-content\/uploads\/2011\/11\/Desayuno.jpg?resize=200%2C148&amp;ssl=1 200w, https:\/\/i0.wp.com\/eltrabajo.cl\/portal\/wp-content\/uploads\/2011\/11\/Desayuno.jpg?resize=300%2C223&amp;ssl=1 300w, https:\/\/i0.wp.com\/eltrabajo.cl\/portal\/wp-content\/uploads\/2011\/11\/Desayuno.jpg?resize=150%2C111&amp;ssl=1 150w, https:\/\/i0.wp.com\/eltrabajo.cl\/portal\/wp-content\/uploads\/2011\/11\/Desayuno.jpg?resize=400%2C297&amp;ssl=1 400w\" sizes=\"auto, (max-width: 600px) 100vw, 600px\" \/><\/a><figcaption id=\"caption-attachment-6758\" class=\"wp-caption-text\">El director Jorge Sep\u00falveda rindi\u00f3 un emotivo homenaje a las jugadoras y cuerpo t\u00e9cnico, agradeci\u00e9ndoles su esfuerzo deportivo y dese\u00e1ndoles suerte.<\/figcaption><\/figure>\n<p>Este jueves 1 de diciembre viaja a Bogot\u00e1, Colombia, la delegaci\u00f3n de v\u00f3leibol del Liceo Corina Urbina, que representar\u00e1 al pa\u00eds en los Juegos Escolares Sudamericanos.<\/p>\n<p>Con tal motivo, la Direcci\u00f3n de Educaci\u00f3n Municipal ofreci\u00f3 un desayuno a las jugadoras y cuerpo t\u00e9cnico, oportunidad en que el director Jorge Sep\u00falveda les rindi\u00f3 un emotivo homenaje, agradeci\u00e9ndoles su esfuerzo deportivo y dese\u00e1ndoles suerte en esta ocasi\u00f3n en que tendr\u00e1n la responsabilidad de representar al pa\u00eds.<\/p>\n<p>La capitana del equipo, Constanza Gonz\u00e1lez, se\u00f1al\u00f3 que tanto ellas como sus compa\u00f1eras est\u00e1n muy agradecidas del apoyo que han recibido de parte de la Municipalidad, de la Daem y del establecimiento, lo que les ha permitido cumplir con sus compromisos deportivos sin desatender sus estudios.<\/p>\n<p>\u00abEstamos felices porque hemos recibido el apoyo de nuestras familias, del alcalde, de nuestro t\u00e9cnico. Hemos entrenado muy fuerte estos \u00faltimos d\u00edas. Yo tuve la oportunidad de integrar la delegaci\u00f3n del a\u00f1o pasado al sudamericano de Lima donde salimos en cuarto lugar y ahora nos vamos jugar con todo para lograr el t\u00edtulo\u00bb, se\u00f1al\u00f3 Constanza.<\/p>\n<p>La jugadora agreg\u00f3 que en estas instancias deportivas, a veces sienten un poco de nervios, pero con el trabajo que ha desarrollado el t\u00e9cnico Eduardo Ch\u00e1vez y la unidad de todo el equipo, son situaciones que han aprendido a superar.<\/p>\n<p>El director de la Daem de San Felipe, Jorge Sep\u00falveda, se\u00f1al\u00f3 que \u00absentimos un tremendo orgullo de la pol\u00edtica deportiva que ha implementado el municipio a trav\u00e9s del alcalde Jaime Amar en diferentes \u00e1reas. Esto apunta al desarrollo integral de nuestros alumnos, que pueden desarrollar diversos valores, como la constancia, conocer el triunfo y saber sobreponerse a la derrota\u00bb.<\/p>\n<p>A\u00f1adi\u00f3 que \u00abestas ni\u00f1as por segunda vez van a representar a nuestro pa\u00eds y a la educaci\u00f3n municipal, lo que nos llena de orgullo\u00bb.<\/p>\n<p>El t\u00e9cnico Eduardo Ch\u00e1vez dijo que \u00abestamos muy agradecidos de todo el apoyo y viajamos el mi\u00e9rcoles a Santiago, donde toda la delegaci\u00f3n nacional se concentrar\u00e1 en un hotel y el jueves a las 15.00 horas, estamos viajando a Colombia. Las chicas est\u00e1n muy confiadas en que nos va a ir bien y si nos es as\u00ed, ser\u00e1 porque los otros equipos son mejores. Detr\u00e1s est\u00e1 todo el trabajo del a\u00f1o; hemos jugado m\u00e1s de 70 partidos y creo que lo estamos haciendo muy bien. Es una gran responsabilidad y el solo hecho de ponerse la camiseta de Chile es un orgullo tremendo, tanto para las ni\u00f1as como para uno como t\u00e9cnico. Y esto nos obliga a dar lo m\u00e1ximo\u00bb.<\/p>\n<p>Por \u00faltimo, el t\u00e9cnico se\u00f1al\u00f3 que en los d\u00edas previos al viaje el equipo entrenar\u00e1 en triple jornada.<\/p>\n","protected":false},"excerpt":{"rendered":"<p>Este jueves 1 de diciembre viaja a Bogot\u00e1, Colombia, la delegaci\u00f3n de v\u00f3leibol del Liceo Corina Urbina, que representar\u00e1 al pa\u00eds en los Juegos Escolares Sudamericanos. Con tal motivo, la Direcci\u00f3n de&#8230;<\/p>\n","protected":false},"author":482,"featured_media":6758,"comment_status":"open","ping_status":"open","sticky":false,"template":"","format":"standard","meta":{"advanced_seo_description":"","jetpack_seo_html_title":"","jetpack_seo_noindex":false,"_jetpack_memberships_contains_paid_content":false,"footnotes":""},"categories":[15],"tags":[],"class_list":["post-6757","post","type-post","status-publish","format-standard","has-post-thumbnail","hentry","category-comunidad"],"jetpack_featured_media_url":"https:\/\/i0.wp.com\/eltrabajo.cl\/portal\/wp-content\/uploads\/2011\/11\/Desayuno.jpg?fit=600%2C446&ssl=1","jetpack_sharing_enabled":true,"jetpack_likes_enabled":true,"jetpack-related-posts":[],"_links":{"self":[{"href":"https:\/\/eltrabajo.cl\/portal\/wp-json\/wp\/v2\/posts\/6757","targetHints":{"allow":["GET"]}}],"collection":[{"href":"https:\/\/eltrabajo.cl\/portal\/wp-json\/wp\/v2\/posts"}],"about":[{"href":"https:\/\/eltrabajo.cl\/portal\/wp-json\/wp\/v2\/types\/post"}],"author":[{"embeddable":true,"href":"https:\/\/eltrabajo.cl\/portal\/wp-json\/wp\/v2\/users\/482"}],"replies":[{"embeddable":true,"href":"https:\/\/eltrabajo.cl\/portal\/wp-json\/wp\/v2\/comments?post=6757"}],"version-history":[{"count":0,"href":"https:\/\/eltrabajo.cl\/portal\/wp-json\/wp\/v2\/posts\/6757\/revisions"}],"wp:featuredmedia":[{"embeddable":true,"href":"https:\/\/eltrabajo.cl\/portal\/wp-json\/wp\/v2\/media\/6758"}],"wp:attachment":[{"href":"https:\/\/eltrabajo.cl\/portal\/wp-json\/wp\/v2\/media?parent=6757"}],"wp:term":[{"taxonomy":"category","embeddable":true,"href":"https:\/\/eltrabajo.cl\/portal\/wp-json\/wp\/v2\/categories?post=6757"},{"taxonomy":"post_tag","embeddable":true,"href":"https:\/\/eltrabajo.cl\/portal\/wp-json\/wp\/v2\/tags?post=6757"}],"curies":[{"name":"wp","href":"https:\/\/api.w.org\/{rel}","templated":true}]}}