{"id":67576,"date":"2016-03-09T09:01:55","date_gmt":"2016-03-09T12:01:55","guid":{"rendered":"http:\/\/www.eltrabajo.cl\/portal\/?p=67576"},"modified":"2016-03-09T09:01:55","modified_gmt":"2016-03-09T12:01:55","slug":"antisociales-desvalijan-vivienda-sustrayendo-millonarias-especies","status":"publish","type":"post","link":"https:\/\/eltrabajo.cl\/portal\/antisociales-desvalijan-vivienda-sustrayendo-millonarias-especies\/","title":{"rendered":"Antisociales desvalijan vivienda sustrayendo millonarias especies"},"content":{"rendered":"<figure id=\"attachment_67577\" aria-describedby=\"caption-attachment-67577\" style=\"width: 300px\" class=\"wp-caption alignleft\"><a href=\"http:\/\/www.eltrabajo.cl\/portal\/antisociales-desvalijan-vivienda-sustrayendo-millonarias-especies\/capitan-castillo-18\/\" rel=\"attachment wp-att-67577\"><img data-recalc-dims=\"1\" loading=\"lazy\" decoding=\"async\" class=\"size-medium wp-image-67577\" src=\"https:\/\/i0.wp.com\/www.eltrabajo.cl\/portal\/wp-content\/uploads\/2016\/03\/Capitan-Castillo-300x198.jpg?resize=300%2C198\" alt=\"Subcomisario de Carabineros, Capit\u00e1n Alfredo Castillo.\" width=\"300\" height=\"198\" srcset=\"https:\/\/i0.wp.com\/eltrabajo.cl\/portal\/wp-content\/uploads\/2016\/03\/Capitan-Castillo.jpg?resize=300%2C198&amp;ssl=1 300w, https:\/\/i0.wp.com\/eltrabajo.cl\/portal\/wp-content\/uploads\/2016\/03\/Capitan-Castillo.jpg?resize=200%2C132&amp;ssl=1 200w, https:\/\/i0.wp.com\/eltrabajo.cl\/portal\/wp-content\/uploads\/2016\/03\/Capitan-Castillo.jpg?resize=228%2C150&amp;ssl=1 228w, https:\/\/i0.wp.com\/eltrabajo.cl\/portal\/wp-content\/uploads\/2016\/03\/Capitan-Castillo.jpg?resize=400%2C263&amp;ssl=1 400w, https:\/\/i0.wp.com\/eltrabajo.cl\/portal\/wp-content\/uploads\/2016\/03\/Capitan-Castillo.jpg?w=530&amp;ssl=1 530w\" sizes=\"auto, (max-width: 300px) 100vw, 300px\" \/><\/a><figcaption id=\"caption-attachment-67577\" class=\"wp-caption-text\">Subcomisario de Carabineros, Capit\u00e1n Alfredo Castillo.<\/figcaption><\/figure>\n<p><strong>Carabineros a\u00fan no logra establecer identidades de los delincuentes:<\/strong><br \/>\nPropietario afectado abandon\u00f3 su domicilio ubicado en avenida Tocornal de Santa Mar\u00eda durante la tarde del lunes, comprobando el delito que fue denunciado ante la polic\u00eda uniformada horas despu\u00e9s.<br \/>\nNueve millones de pesos en especies robaron desconocidos que irrumpieron en una parcela ubicada en Tocornal de la comuna de Santa Mar\u00eda, la tarde de este lunes. Los delincuentes se apoderaron de art\u00edculos electr\u00f3nicos, tel\u00e9fono celular y joyas, luego de haber ingresado por una ventana la cual forzaron utilizando una herramienta.<br \/>\nEl delito fue denunciado por el propietario de la vivienda afectada, quien indic\u00f3 a Carabineros que tras haber abandonado su domicilio a eso de las 18:00 horas del lunes, a su regreso comprob\u00f3 el robo de especies tales como 4 televisores plasma, 4 notebooks, art\u00edculos dentales, joyas, un tel\u00e9fono celular Iphone, art\u00edculos avaluados en nueve millones de pesos.<br \/>\nPersonal de Carabineros de la Tenencia de Santa Mar\u00eda concurri\u00f3 al lugar de los hechos, comprobando que al interior de la vivienda, los delincuentes dejaron un napole\u00f3n y una mochila. El Capit\u00e1n de Carabineros Alfredo Castillo, indic\u00f3 que no existen testigos que hayan presenciado el delito ni la existencia de c\u00e1maras de seguridad en el lugar, por lo que la individualizaci\u00f3n de los sujetos a\u00fan no ha sido establecida.<br \/>\n\u201cEl aval\u00fao de las especies alcanza los nueve millones de pesos aproximadamente. Se est\u00e1n realizando diligencias del caso para esclarecimiento de los hechos, haciendo un informe que fue remitido a la Fiscal\u00eda. Estos individuos dejaron en el domicilio herramientas para forzar el inmueble un napole\u00f3n y otros elementos para romper puertas hacia el interior. Se levantaron huellas y las evidencias para ser informadas\u201d.<br \/>\n<strong>Pablo Salinas Sald\u00edas<\/strong><\/p>\n","protected":false},"excerpt":{"rendered":"<p>Carabineros a\u00fan no logra establecer identidades de los delincuentes: Propietario afectado abandon\u00f3 su domicilio ubicado en avenida Tocornal de Santa Mar\u00eda durante la tarde del lunes, comprobando el delito que fue denunciado&#8230;<\/p>\n","protected":false},"author":1,"featured_media":67577,"comment_status":"open","ping_status":"open","sticky":false,"template":"","format":"standard","meta":{"advanced_seo_description":"","jetpack_seo_html_title":"","jetpack_seo_noindex":false,"_jetpack_memberships_contains_paid_content":false,"footnotes":""},"categories":[21],"tags":[],"class_list":["post-67576","post","type-post","status-publish","format-standard","has-post-thumbnail","hentry","category-policial"],"jetpack_featured_media_url":"https:\/\/i0.wp.com\/eltrabajo.cl\/portal\/wp-content\/uploads\/2016\/03\/Capitan-Castillo.jpg?fit=530%2C349&ssl=1","jetpack_sharing_enabled":true,"jetpack_likes_enabled":true,"jetpack-related-posts":[],"_links":{"self":[{"href":"https:\/\/eltrabajo.cl\/portal\/wp-json\/wp\/v2\/posts\/67576","targetHints":{"allow":["GET"]}}],"collection":[{"href":"https:\/\/eltrabajo.cl\/portal\/wp-json\/wp\/v2\/posts"}],"about":[{"href":"https:\/\/eltrabajo.cl\/portal\/wp-json\/wp\/v2\/types\/post"}],"author":[{"embeddable":true,"href":"https:\/\/eltrabajo.cl\/portal\/wp-json\/wp\/v2\/users\/1"}],"replies":[{"embeddable":true,"href":"https:\/\/eltrabajo.cl\/portal\/wp-json\/wp\/v2\/comments?post=67576"}],"version-history":[{"count":0,"href":"https:\/\/eltrabajo.cl\/portal\/wp-json\/wp\/v2\/posts\/67576\/revisions"}],"wp:featuredmedia":[{"embeddable":true,"href":"https:\/\/eltrabajo.cl\/portal\/wp-json\/wp\/v2\/media\/67577"}],"wp:attachment":[{"href":"https:\/\/eltrabajo.cl\/portal\/wp-json\/wp\/v2\/media?parent=67576"}],"wp:term":[{"taxonomy":"category","embeddable":true,"href":"https:\/\/eltrabajo.cl\/portal\/wp-json\/wp\/v2\/categories?post=67576"},{"taxonomy":"post_tag","embeddable":true,"href":"https:\/\/eltrabajo.cl\/portal\/wp-json\/wp\/v2\/tags?post=67576"}],"curies":[{"name":"wp","href":"https:\/\/api.w.org\/{rel}","templated":true}]}}