{"id":67580,"date":"2016-03-10T08:43:10","date_gmt":"2016-03-10T11:43:10","guid":{"rendered":"http:\/\/www.eltrabajo.cl\/portal\/?p=67580"},"modified":"2016-03-10T08:43:10","modified_gmt":"2016-03-10T11:43:10","slug":"concejales-rechazan-proyecto-de-paneles-fotovoltaicos-en-encon","status":"publish","type":"post","link":"https:\/\/eltrabajo.cl\/portal\/concejales-rechazan-proyecto-de-paneles-fotovoltaicos-en-encon\/","title":{"rendered":"Concejales rechazan proyecto de paneles fotovoltaicos en Enc\u00f3n"},"content":{"rendered":"<figure id=\"attachment_67581\" aria-describedby=\"caption-attachment-67581\" style=\"width: 530px\" class=\"wp-caption alignleft\"><a href=\"http:\/\/www.eltrabajo.cl\/portal\/concejales-rechazan-proyecto-de-paneles-fotovoltaicos-en-encon\/diagrama\/\" rel=\"attachment wp-att-67581\"><img data-recalc-dims=\"1\" loading=\"lazy\" decoding=\"async\" class=\"size-full wp-image-67581\" src=\"https:\/\/i0.wp.com\/www.eltrabajo.cl\/portal\/wp-content\/uploads\/2016\/03\/Diagrama.jpg?resize=530%2C350\" alt=\"Diagrama del funcionamiento de la planta fotovoltaica presentada por la empresa estadounidense Loa Solar SpA.\" width=\"530\" height=\"350\" srcset=\"https:\/\/i0.wp.com\/eltrabajo.cl\/portal\/wp-content\/uploads\/2016\/03\/Diagrama.jpg?w=530&amp;ssl=1 530w, https:\/\/i0.wp.com\/eltrabajo.cl\/portal\/wp-content\/uploads\/2016\/03\/Diagrama.jpg?resize=200%2C132&amp;ssl=1 200w, https:\/\/i0.wp.com\/eltrabajo.cl\/portal\/wp-content\/uploads\/2016\/03\/Diagrama.jpg?resize=300%2C198&amp;ssl=1 300w, https:\/\/i0.wp.com\/eltrabajo.cl\/portal\/wp-content\/uploads\/2016\/03\/Diagrama.jpg?resize=227%2C150&amp;ssl=1 227w, https:\/\/i0.wp.com\/eltrabajo.cl\/portal\/wp-content\/uploads\/2016\/03\/Diagrama.jpg?resize=400%2C264&amp;ssl=1 400w\" sizes=\"auto, (max-width: 530px) 100vw, 530px\" \/><\/a><figcaption id=\"caption-attachment-67581\" class=\"wp-caption-text\">Diagrama del funcionamiento de la planta fotovoltaica presentada por la empresa estadounidense Loa Solar SpA.<\/figcaption><\/figure>\n<p><strong>Seg\u00fan aseguraron Basilio Muena y Jeannette Sotomayor:<\/strong><\/p>\n<p>La postura contraria a los m\u00f3dulos solares se habr\u00eda generado luego de la primera presentaci\u00f3n oficial que hizo la empresa estadounidense, en la cual, no habr\u00eda dejado claro a qui\u00e9n beneficiar\u00e1 ni tampoco el impacto medioambiental que producir\u00eda.<br \/>\nLos Concejales de San Felipe Jeannette Sotomayor (PPD) y Basilio Muena (DC), manifestaron su total rechazo al proyecto de una empresa privada Loa Solar SpA, la cual pretende dotar de Energ\u00eda el Sistema Interconectado Central, SIC, a trav\u00e9s de paneles fotovoltaicos, que seg\u00fan se anunciara desde el municipio sanfelipe\u00f1o, se instalar\u00edan en un terreno frente a un establecimiento educacional ubicado a un costado del callej\u00f3n Los Naranjos.<br \/>\nEn la sesi\u00f3n del pasado martes, la negativa del Concejo Municipal habr\u00eda sido absoluta, debido a que no est\u00e1 claro a quienes se beneficiar\u00e1 con esta iniciativa, y adem\u00e1s, no se sabe cu\u00e1l ser\u00e1 el impacto ambiental que generar\u00eda el proyecto.<\/p>\n<figure id=\"attachment_67583\" aria-describedby=\"caption-attachment-67583\" style=\"width: 300px\" class=\"wp-caption alignleft\"><a href=\"http:\/\/www.eltrabajo.cl\/portal\/concejales-rechazan-proyecto-de-paneles-fotovoltaicos-en-encon\/foto-1-basilio-muena-concejal-dc-san-felipe\/\" rel=\"attachment wp-att-67583\"><img data-recalc-dims=\"1\" loading=\"lazy\" decoding=\"async\" class=\"size-medium wp-image-67583\" src=\"https:\/\/i0.wp.com\/www.eltrabajo.cl\/portal\/wp-content\/uploads\/2016\/03\/FOTO-1-BASILIO-MUENA-CONCEJAL-DC-SAN-FELIPE-300x198.jpg?resize=300%2C198\" alt=\"Basilio Muena, concejal de San Felipe.\" width=\"300\" height=\"198\" srcset=\"https:\/\/i0.wp.com\/eltrabajo.cl\/portal\/wp-content\/uploads\/2016\/03\/FOTO-1-BASILIO-MUENA-CONCEJAL-DC-SAN-FELIPE.jpg?resize=300%2C198&amp;ssl=1 300w, https:\/\/i0.wp.com\/eltrabajo.cl\/portal\/wp-content\/uploads\/2016\/03\/FOTO-1-BASILIO-MUENA-CONCEJAL-DC-SAN-FELIPE.jpg?resize=200%2C132&amp;ssl=1 200w, https:\/\/i0.wp.com\/eltrabajo.cl\/portal\/wp-content\/uploads\/2016\/03\/FOTO-1-BASILIO-MUENA-CONCEJAL-DC-SAN-FELIPE.jpg?resize=227%2C150&amp;ssl=1 227w, https:\/\/i0.wp.com\/eltrabajo.cl\/portal\/wp-content\/uploads\/2016\/03\/FOTO-1-BASILIO-MUENA-CONCEJAL-DC-SAN-FELIPE.jpg?resize=400%2C264&amp;ssl=1 400w, https:\/\/i0.wp.com\/eltrabajo.cl\/portal\/wp-content\/uploads\/2016\/03\/FOTO-1-BASILIO-MUENA-CONCEJAL-DC-SAN-FELIPE.jpg?w=530&amp;ssl=1 530w\" sizes=\"auto, (max-width: 300px) 100vw, 300px\" \/><\/a><figcaption id=\"caption-attachment-67583\" class=\"wp-caption-text\">Basilio Muena, concejal de San Felipe.<\/figcaption><\/figure>\n<p>Basilio Muena, asegur\u00f3 que tras la presentaci\u00f3n que realiz\u00f3 la compa\u00f1\u00eda -perteneciente al grupo norteamericano Verano Capital-, la primera sensaci\u00f3n que queda es de preocupaci\u00f3n , ya que \u201csi uno analiza la situaci\u00f3n de las observaciones que tiene el proyecto, son una gran cantidad de consideraciones que han sido formulados por los distintos organismos estatales\u201d, declar\u00f3, agregando que \u201cuna de las observaciones del Seremi de Agricultura establece que necesita no una declaraci\u00f3n de impacto ambiental, sino un Estudio Medioambiental, porque la empresa no logra demostrar con sus antecedentes que no va a generar da\u00f1o en el lugar\u201d, detall\u00f3.<br \/>\nProyecto Fotovoltaico Enc\u00f3n Solar es el nombre que ha definido para las obras que ocupar\u00edan un terreno de 26,36 hect\u00e1reas de baja calidad para uso agr\u00edcola (seg\u00fan lo manifestado por la compa\u00f1\u00eda). En ese lugar se dispondr\u00eda la instalaci\u00f3n de 33.600 paneles solares con sus respectivas estructuras soportantes, adem\u00e1s de 5 estaciones de inversi\u00f3n y elevaci\u00f3n de voltaje, 1 Sala de Control, 0.587 km de l\u00ednea de media tensi\u00f3n y conexi\u00f3n al SIC y por \u00faltimo, una zona de oficinas y de acopio temporal de residuos.<\/p>\n<figure id=\"attachment_67582\" aria-describedby=\"caption-attachment-67582\" style=\"width: 300px\" class=\"wp-caption alignleft\"><a href=\"http:\/\/www.eltrabajo.cl\/portal\/concejales-rechazan-proyecto-de-paneles-fotovoltaicos-en-encon\/foto-2-jeannette-sotomayor-concejal-ppd-san-felipe\/\" rel=\"attachment wp-att-67582\"><img data-recalc-dims=\"1\" loading=\"lazy\" decoding=\"async\" class=\"size-medium wp-image-67582\" src=\"https:\/\/i0.wp.com\/www.eltrabajo.cl\/portal\/wp-content\/uploads\/2016\/03\/FOTO-2-JEANNETTE-SOTOMAYOR-CONCEJAL-PPD-SAN-FELIPE-300x197.jpg?resize=300%2C197\" alt=\"Jeannette Sotomayor, concejal de San Felipe.\" width=\"300\" height=\"197\" srcset=\"https:\/\/i0.wp.com\/eltrabajo.cl\/portal\/wp-content\/uploads\/2016\/03\/FOTO-2-JEANNETTE-SOTOMAYOR-CONCEJAL-PPD-SAN-FELIPE.jpg?resize=300%2C197&amp;ssl=1 300w, https:\/\/i0.wp.com\/eltrabajo.cl\/portal\/wp-content\/uploads\/2016\/03\/FOTO-2-JEANNETTE-SOTOMAYOR-CONCEJAL-PPD-SAN-FELIPE.jpg?resize=200%2C131&amp;ssl=1 200w, https:\/\/i0.wp.com\/eltrabajo.cl\/portal\/wp-content\/uploads\/2016\/03\/FOTO-2-JEANNETTE-SOTOMAYOR-CONCEJAL-PPD-SAN-FELIPE.jpg?resize=228%2C150&amp;ssl=1 228w, https:\/\/i0.wp.com\/eltrabajo.cl\/portal\/wp-content\/uploads\/2016\/03\/FOTO-2-JEANNETTE-SOTOMAYOR-CONCEJAL-PPD-SAN-FELIPE.jpg?resize=400%2C263&amp;ssl=1 400w, https:\/\/i0.wp.com\/eltrabajo.cl\/portal\/wp-content\/uploads\/2016\/03\/FOTO-2-JEANNETTE-SOTOMAYOR-CONCEJAL-PPD-SAN-FELIPE.jpg?w=530&amp;ssl=1 530w\" sizes=\"auto, (max-width: 300px) 100vw, 300px\" \/><\/a><figcaption id=\"caption-attachment-67582\" class=\"wp-caption-text\">Jeannette Sotomayor, concejal de San Felipe.<\/figcaption><\/figure>\n<p>La concejal Jeannette Sotomayor, fundament\u00f3 el rechazo del Concejo a la iniciativa, argumentando que \u201clo m\u00e1s grave es que ellos no ponen las marcas ni la garant\u00eda de los paneles, hoy en d\u00eda todo se recicla desde el exterior, por eso es muy importante que \u00e9stos sean certificados, de lo contrario estaremos trayendo c\u00e1ncer a la zona\u201d, puntualiz\u00f3<br \/>\nSotomayor asegura que la empresa no garantiza en ninguna parte que los m\u00f3dulos solares no contengan elementos qu\u00edmicos que puedan afectar de forma sustantiva la salud de la poblaci\u00f3n, aclarando que \u201clos paneles no dicen si tienen o no Cadmio (elemento qu\u00edmico parecido al esta\u00f1o), que tiene una toxicidad terrible y es tremendamente cancer\u00edgeno, por lo tanto, si no tenemos la informaci\u00f3n de c\u00f3mo est\u00e1n fabricados los paneles y si cuentan o no con certificaci\u00f3n, no podemos aceptar un trabajo de esas caracter\u00edsticas\u201d, sostuvo.<br \/>\nPor \u00faltimo, la concejal determin\u00f3 que otro punto importante al momento de tomar una decisi\u00f3n es saber con claridad quienes se van a ver eventualmente beneficiados con este proyecto, y remat\u00f3 diciendo que \u201csi es un beneficio propio o para alguna minera no estamos de acuerdo\u2026adem\u00e1s que se genera emisi\u00f3n de polvo de silicio y aunque me digan que es arena, es polvo en suspensi\u00f3n, tiene plomo y otros componentes que generan contaminaci\u00f3n al medio ambiente\u201d, enfatiz\u00f3.<br \/>\nEn base a lo anterior, Muena afirm\u00f3 que el Concejo Municipal, antes de tomar una determinaci\u00f3n definitiva, va a exigir todas las resoluciones a los organismos competentes en la materia para lograr resguardar la salud de las personas. Adem\u00e1s dijo que durante las pr\u00f3ximas semanas van a llevar a cabo un proceso de participaci\u00f3n ciudadana, para considerar tambi\u00e9n la posici\u00f3n de los vecinos de la comuna en torno a este proyecto, la cual resulta fundamental a la hora de tomar una decisi\u00f3n.<\/p>\n","protected":false},"excerpt":{"rendered":"<p>Seg\u00fan aseguraron Basilio Muena y Jeannette Sotomayor: La postura contraria a los m\u00f3dulos solares se habr\u00eda generado luego de la primera presentaci\u00f3n oficial que hizo la empresa estadounidense, en la cual, no&#8230;<\/p>\n","protected":false},"author":1,"featured_media":67581,"comment_status":"open","ping_status":"open","sticky":false,"template":"","format":"standard","meta":{"advanced_seo_description":"","jetpack_seo_html_title":"","jetpack_seo_noindex":false,"_jetpack_memberships_contains_paid_content":false,"footnotes":""},"categories":[1],"tags":[],"class_list":["post-67580","post","type-post","status-publish","format-standard","has-post-thumbnail","hentry","category-cronica"],"jetpack_featured_media_url":"https:\/\/i0.wp.com\/eltrabajo.cl\/portal\/wp-content\/uploads\/2016\/03\/Diagrama.jpg?fit=530%2C350&ssl=1","jetpack_sharing_enabled":true,"jetpack_likes_enabled":true,"jetpack-related-posts":[],"_links":{"self":[{"href":"https:\/\/eltrabajo.cl\/portal\/wp-json\/wp\/v2\/posts\/67580","targetHints":{"allow":["GET"]}}],"collection":[{"href":"https:\/\/eltrabajo.cl\/portal\/wp-json\/wp\/v2\/posts"}],"about":[{"href":"https:\/\/eltrabajo.cl\/portal\/wp-json\/wp\/v2\/types\/post"}],"author":[{"embeddable":true,"href":"https:\/\/eltrabajo.cl\/portal\/wp-json\/wp\/v2\/users\/1"}],"replies":[{"embeddable":true,"href":"https:\/\/eltrabajo.cl\/portal\/wp-json\/wp\/v2\/comments?post=67580"}],"version-history":[{"count":0,"href":"https:\/\/eltrabajo.cl\/portal\/wp-json\/wp\/v2\/posts\/67580\/revisions"}],"wp:featuredmedia":[{"embeddable":true,"href":"https:\/\/eltrabajo.cl\/portal\/wp-json\/wp\/v2\/media\/67581"}],"wp:attachment":[{"href":"https:\/\/eltrabajo.cl\/portal\/wp-json\/wp\/v2\/media?parent=67580"}],"wp:term":[{"taxonomy":"category","embeddable":true,"href":"https:\/\/eltrabajo.cl\/portal\/wp-json\/wp\/v2\/categories?post=67580"},{"taxonomy":"post_tag","embeddable":true,"href":"https:\/\/eltrabajo.cl\/portal\/wp-json\/wp\/v2\/tags?post=67580"}],"curies":[{"name":"wp","href":"https:\/\/api.w.org\/{rel}","templated":true}]}}