{"id":67586,"date":"2016-03-10T08:44:27","date_gmt":"2016-03-10T11:44:27","guid":{"rendered":"http:\/\/www.eltrabajo.cl\/portal\/?p=67586"},"modified":"2016-03-10T08:44:28","modified_gmt":"2016-03-10T11:44:28","slug":"corte-de-apelaciones-responde-cuestionamientos-de-senadora-lily-perez","status":"publish","type":"post","link":"https:\/\/eltrabajo.cl\/portal\/corte-de-apelaciones-responde-cuestionamientos-de-senadora-lily-perez\/","title":{"rendered":"Corte de Apelaciones responde cuestionamientos de Senadora Lily P\u00e9rez"},"content":{"rendered":"<figure id=\"attachment_67587\" aria-describedby=\"caption-attachment-67587\" style=\"width: 300px\" class=\"wp-caption alignleft\"><a href=\"http:\/\/www.eltrabajo.cl\/portal\/corte-de-apelaciones-responde-cuestionamientos-de-senadora-lily-perez\/corte-de-apelaciones-valpo\/\" rel=\"attachment wp-att-67587\"><img data-recalc-dims=\"1\" loading=\"lazy\" decoding=\"async\" class=\"size-medium wp-image-67587\" src=\"https:\/\/i0.wp.com\/www.eltrabajo.cl\/portal\/wp-content\/uploads\/2016\/03\/corte-de-apelaciones-valpo-300x198.jpg?resize=300%2C198\" alt=\"El pleno de la Corte de Apelaciones de Valpara\u00edso respondi\u00f3 a las cr\u00edticas de la Senadora Lily P\u00e9rez, realizando algunas precisiones y de paso cuestionando la forma de dichas cr\u00edticas.\" width=\"300\" height=\"198\" srcset=\"https:\/\/i0.wp.com\/eltrabajo.cl\/portal\/wp-content\/uploads\/2016\/03\/corte-de-apelaciones-valpo.jpg?resize=300%2C198&amp;ssl=1 300w, https:\/\/i0.wp.com\/eltrabajo.cl\/portal\/wp-content\/uploads\/2016\/03\/corte-de-apelaciones-valpo.jpg?resize=200%2C132&amp;ssl=1 200w, https:\/\/i0.wp.com\/eltrabajo.cl\/portal\/wp-content\/uploads\/2016\/03\/corte-de-apelaciones-valpo.jpg?resize=228%2C150&amp;ssl=1 228w, https:\/\/i0.wp.com\/eltrabajo.cl\/portal\/wp-content\/uploads\/2016\/03\/corte-de-apelaciones-valpo.jpg?resize=400%2C263&amp;ssl=1 400w, https:\/\/i0.wp.com\/eltrabajo.cl\/portal\/wp-content\/uploads\/2016\/03\/corte-de-apelaciones-valpo.jpg?w=530&amp;ssl=1 530w\" sizes=\"auto, (max-width: 300px) 100vw, 300px\" \/><\/a><figcaption id=\"caption-attachment-67587\" class=\"wp-caption-text\">El pleno de la Corte de Apelaciones de Valpara\u00edso respondi\u00f3 a las cr\u00edticas de la Senadora Lily P\u00e9rez, realizando algunas precisiones y de paso cuestionando la forma de dichas cr\u00edticas.<\/figcaption><\/figure>\n<p>El pleno de la Corte de Apelaciones de Valpara\u00edso acord\u00f3 emitir una declaraci\u00f3n p\u00fablica en atenci\u00f3n a las opiniones expresadas por la senadora Lily P\u00e9rez San Mart\u00edn, en su intervenci\u00f3n en la sesi\u00f3n del Senado del 1 de marzo de 2015, donde la parlamentar\u00eda se pronunci\u00f3 sobre el rechazo de este tribunal de alzada a la solicitud de constituir una sala itinerante en la provincia de Aconcagua.<br \/>\nSeg\u00fan se\u00f1ala la declaraci\u00f3n, \u00abpor disposici\u00f3n del art\u00edculo 54 del C\u00f3digo Org\u00e1nico de Tribunales, este tribunal de alzada tiene su sede en la comuna de Valpara\u00edso. Sin perjuicio de ello, en aras de buscar siempre un acercamiento de la justicia a la comunidad, se evalu\u00f3 la solicitud planteada por la senadora P\u00e9rez, en orden a la constituci\u00f3n de una sala en la provincia de Aconcagua, lleg\u00e1ndose a la conclusi\u00f3n que no resultaba posible acceder a aquello, porque generar\u00eda un retraso en la vista de las causas y dificultad en la tramitaci\u00f3n de las mismas, toda vez que no existe la infraestructura, ni los recursos necesarios para llevar adelante tal emprendimiento.<br \/>\n\u00abAs\u00ed por ejemplo, existen inconvenientes desde el punto de vista de la gesti\u00f3n de las causas, toda vez que la ley contempla medidas para asegurar la imparcialidad de los jueces (sorteo de salas), as\u00ed como la oportuna vista de los recursos (plazo de 24 horas para proveer escritos y vista inmediata de causas), lo que resulta imposible de cumplir de externalizar una de sus salas.<br \/>\n\u00abEn cuanto al aumento en el n\u00famero de magistrados, concedido a la jurisdicci\u00f3n de Valpara\u00edso durante el a\u00f1o 2015, hecho altamente valorado y necesario, cabe precisar que dicho incremento correspondi\u00f3 exclusivamente a jueces de primera instancia, no consider\u00e1ndose una modificaci\u00f3n en el n\u00famero de ministros ni de salas de la Corte de Apelaciones de esta ciudad.<br \/>\n\u00abAsimismo, no es posible comparar, como se ha consignado en algunos medios de comunicaci\u00f3n, la realidad de la Corte de Apelaciones de Valpara\u00edso con la de Concepci\u00f3n, puesto que esta \u00faltima cuenta con un mayor n\u00famero de ministros, no obstante poseer igual ingreso de causas.<br \/>\n\u00abRespecto a la posible instalaci\u00f3n de una Corte de Apelaciones en la provincia de Aconcagua, es una iniciativa que constituye materia de ley y su implementaci\u00f3n corresponde a los poderes colegisladores y no a la judicatura.<br \/>\n\u00abPor \u00faltimo, es un derecho de todo ciudadano -incluyendo a las autoridades- ejercer la libertad de expresi\u00f3n, lo que considera por supuesto emitir cr\u00edticas a las decisiones que puedan adoptar los tribunales de justicia. Sin embargo, no cabe duda que las opiniones deben formularse en t\u00e9rminos respetuosos, porque de otra forma se pierde el sentido de la argumentaci\u00f3n y la posibilidad de elaborar una adecuada comunicaci\u00f3n\u00bb.<\/p>\n","protected":false},"excerpt":{"rendered":"<p>El pleno de la Corte de Apelaciones de Valpara\u00edso acord\u00f3 emitir una declaraci\u00f3n p\u00fablica en atenci\u00f3n a las opiniones expresadas por la senadora Lily P\u00e9rez San Mart\u00edn, en su intervenci\u00f3n en la&#8230;<\/p>\n","protected":false},"author":1,"featured_media":67587,"comment_status":"open","ping_status":"open","sticky":false,"template":"","format":"standard","meta":{"advanced_seo_description":"","jetpack_seo_html_title":"","jetpack_seo_noindex":false,"_jetpack_memberships_contains_paid_content":false,"footnotes":""},"categories":[1],"tags":[],"class_list":["post-67586","post","type-post","status-publish","format-standard","has-post-thumbnail","hentry","category-cronica"],"jetpack_featured_media_url":"https:\/\/i0.wp.com\/eltrabajo.cl\/portal\/wp-content\/uploads\/2016\/03\/corte-de-apelaciones-valpo.jpg?fit=530%2C349&ssl=1","jetpack_sharing_enabled":true,"jetpack_likes_enabled":true,"jetpack-related-posts":[],"_links":{"self":[{"href":"https:\/\/eltrabajo.cl\/portal\/wp-json\/wp\/v2\/posts\/67586","targetHints":{"allow":["GET"]}}],"collection":[{"href":"https:\/\/eltrabajo.cl\/portal\/wp-json\/wp\/v2\/posts"}],"about":[{"href":"https:\/\/eltrabajo.cl\/portal\/wp-json\/wp\/v2\/types\/post"}],"author":[{"embeddable":true,"href":"https:\/\/eltrabajo.cl\/portal\/wp-json\/wp\/v2\/users\/1"}],"replies":[{"embeddable":true,"href":"https:\/\/eltrabajo.cl\/portal\/wp-json\/wp\/v2\/comments?post=67586"}],"version-history":[{"count":0,"href":"https:\/\/eltrabajo.cl\/portal\/wp-json\/wp\/v2\/posts\/67586\/revisions"}],"wp:featuredmedia":[{"embeddable":true,"href":"https:\/\/eltrabajo.cl\/portal\/wp-json\/wp\/v2\/media\/67587"}],"wp:attachment":[{"href":"https:\/\/eltrabajo.cl\/portal\/wp-json\/wp\/v2\/media?parent=67586"}],"wp:term":[{"taxonomy":"category","embeddable":true,"href":"https:\/\/eltrabajo.cl\/portal\/wp-json\/wp\/v2\/categories?post=67586"},{"taxonomy":"post_tag","embeddable":true,"href":"https:\/\/eltrabajo.cl\/portal\/wp-json\/wp\/v2\/tags?post=67586"}],"curies":[{"name":"wp","href":"https:\/\/api.w.org\/{rel}","templated":true}]}}