{"id":67590,"date":"2016-03-10T08:46:29","date_gmt":"2016-03-10T11:46:29","guid":{"rendered":"http:\/\/www.eltrabajo.cl\/portal\/?p=67590"},"modified":"2016-03-10T08:46:29","modified_gmt":"2016-03-10T11:46:29","slug":"hasta-el-sabado-se-podra-postular-en-linea-a-programa-becas-de-pasajes","status":"publish","type":"post","link":"https:\/\/eltrabajo.cl\/portal\/hasta-el-sabado-se-podra-postular-en-linea-a-programa-becas-de-pasajes\/","title":{"rendered":"Hasta el s\u00e1bado se podr\u00e1 postular en l\u00ednea a Programa Becas de Pasajes"},"content":{"rendered":"<figure id=\"attachment_67591\" aria-describedby=\"caption-attachment-67591\" style=\"width: 530px\" class=\"wp-caption alignleft\"><a href=\"http:\/\/www.eltrabajo.cl\/portal\/hasta-el-sabado-se-podra-postular-en-linea-a-programa-becas-de-pasajes\/programa-de-pasajes\/\" rel=\"attachment wp-att-67591\"><img data-recalc-dims=\"1\" loading=\"lazy\" decoding=\"async\" class=\"size-full wp-image-67591\" src=\"https:\/\/i0.wp.com\/www.eltrabajo.cl\/portal\/wp-content\/uploads\/2016\/03\/programa-de-pasajes.jpg?resize=530%2C348\" alt=\"El alcalde Patricio Freire decidi\u00f3 ampliar el plazo de postulaci\u00f3n en l\u00ednea para estudiantes que quieran optar a Becas de pasajes que tengan que viajar a Valpara\u00edso o Santiago.\" width=\"530\" height=\"348\" srcset=\"https:\/\/i0.wp.com\/eltrabajo.cl\/portal\/wp-content\/uploads\/2016\/03\/programa-de-pasajes.jpg?w=530&amp;ssl=1 530w, https:\/\/i0.wp.com\/eltrabajo.cl\/portal\/wp-content\/uploads\/2016\/03\/programa-de-pasajes.jpg?resize=200%2C131&amp;ssl=1 200w, https:\/\/i0.wp.com\/eltrabajo.cl\/portal\/wp-content\/uploads\/2016\/03\/programa-de-pasajes.jpg?resize=300%2C197&amp;ssl=1 300w, https:\/\/i0.wp.com\/eltrabajo.cl\/portal\/wp-content\/uploads\/2016\/03\/programa-de-pasajes.jpg?resize=228%2C150&amp;ssl=1 228w, https:\/\/i0.wp.com\/eltrabajo.cl\/portal\/wp-content\/uploads\/2016\/03\/programa-de-pasajes.jpg?resize=400%2C263&amp;ssl=1 400w\" sizes=\"auto, (max-width: 530px) 100vw, 530px\" \/><\/a><figcaption id=\"caption-attachment-67591\" class=\"wp-caption-text\">El alcalde Patricio Freire decidi\u00f3 ampliar el plazo de postulaci\u00f3n en l\u00ednea para estudiantes que quieran optar a Becas de pasajes que tengan que viajar a Valpara\u00edso o Santiago.<\/figcaption><\/figure>\n<p><strong>Alcalde Patricio Freire dispuso ampliar el plazo para favorecer a estudiantes que por diversos motivos a\u00fan no han ingresado al sitio www.municipalidaddesanfelipe.cl, para hacer efectiva su postulaci\u00f3n.<\/strong><\/p>\n<p>Hasta el 13 de marzo pr\u00f3ximo se extendi\u00f3 el plazo para la postulaci\u00f3n en l\u00ednea al Programa de Becas de Pasajes para Estudiantes de Educaci\u00f3n Superior, beneficio que otorga con recursos propios la municipalidad de San Felipe.<br \/>\nAs\u00ed lo dio a conocer el coordinador del \u00e1rea comunitaria de la corporaci\u00f3n edilicia, Ricardo Carrasco, quien coment\u00f3 que a prop\u00f3sito de las consultas y requerimientos de muchos j\u00f3venes que no alcanzaron a postular y por instrucci\u00f3n del alcalde Patricio Freire, se resolvi\u00f3 ampliar por una semana m\u00e1s el plazo para la postulaci\u00f3n en l\u00ednea, estableciendo como fecha perentoria el 18 de marzo, la entrega de la documentaci\u00f3n de respaldo que se exige para estos efectos.<br \/>\nEl programa consiste en la entrega de un pasaje de ida y regreso al mes, por el per\u00edodo marzo \u2013 diciembre, para los estudiantes que cursan la Educaci\u00f3n Superior en Santiago y Valpara\u00edso o Vi\u00f1a del Mar, existiendo en todo caso la posibilidad de ayudar con pasajes a estudiantes que cursan su formaci\u00f3n profesional en casas de estudios de otras regiones del pa\u00eds.<br \/>\nLos interesados una vez que postulan en l\u00ednea, tienen hasta el 18 de marzo de plazo para entregar la documentaci\u00f3n de respaldo, lo que implica acreditar su condici\u00f3n de alumno regular de una casa de estudios superiores de Valpara\u00edso o Santiago; as\u00ed como su domicilio en San Felipe, que se verifica a trav\u00e9s del Registro Social de Hogares.<br \/>\nDe la misma manera, se les solicita fotocopia de su c\u00e9dula de identidad, tener aplicada la Ficha de Protecci\u00f3n Social o Registro Social de Hogares con porcentaje vigente aplicado en la comuna de San Felipe y por \u00faltimo presentar la copia del formulario y correo electr\u00f3nico de postulaci\u00f3n a la beca.<br \/>\nRicardo Carrasco se\u00f1al\u00f3 que a contar del 21 de marzo y hasta el 1 de abril se efectuar\u00e1 la evaluaci\u00f3n t\u00e9cnica, para definirse precisamente en abril los seleccionados para recibir este beneficio. Los resultados ser\u00e1n publicados el 8 de abril, mientras que a partir de 18 de abril, se realizar\u00e1 la entrega del beneficio.<\/p>\n","protected":false},"excerpt":{"rendered":"<p>Alcalde Patricio Freire dispuso ampliar el plazo para favorecer a estudiantes que por diversos motivos a\u00fan no han ingresado al sitio www.municipalidaddesanfelipe.cl, para hacer efectiva su postulaci\u00f3n. Hasta el 13 de marzo&#8230;<\/p>\n","protected":false},"author":1,"featured_media":67591,"comment_status":"open","ping_status":"open","sticky":false,"template":"","format":"standard","meta":{"advanced_seo_description":"","jetpack_seo_html_title":"","jetpack_seo_noindex":false,"_jetpack_memberships_contains_paid_content":false,"footnotes":""},"categories":[1],"tags":[],"class_list":["post-67590","post","type-post","status-publish","format-standard","has-post-thumbnail","hentry","category-cronica"],"jetpack_featured_media_url":"https:\/\/i0.wp.com\/eltrabajo.cl\/portal\/wp-content\/uploads\/2016\/03\/programa-de-pasajes.jpg?fit=530%2C348&ssl=1","jetpack_sharing_enabled":true,"jetpack_likes_enabled":true,"jetpack-related-posts":[],"_links":{"self":[{"href":"https:\/\/eltrabajo.cl\/portal\/wp-json\/wp\/v2\/posts\/67590","targetHints":{"allow":["GET"]}}],"collection":[{"href":"https:\/\/eltrabajo.cl\/portal\/wp-json\/wp\/v2\/posts"}],"about":[{"href":"https:\/\/eltrabajo.cl\/portal\/wp-json\/wp\/v2\/types\/post"}],"author":[{"embeddable":true,"href":"https:\/\/eltrabajo.cl\/portal\/wp-json\/wp\/v2\/users\/1"}],"replies":[{"embeddable":true,"href":"https:\/\/eltrabajo.cl\/portal\/wp-json\/wp\/v2\/comments?post=67590"}],"version-history":[{"count":0,"href":"https:\/\/eltrabajo.cl\/portal\/wp-json\/wp\/v2\/posts\/67590\/revisions"}],"wp:featuredmedia":[{"embeddable":true,"href":"https:\/\/eltrabajo.cl\/portal\/wp-json\/wp\/v2\/media\/67591"}],"wp:attachment":[{"href":"https:\/\/eltrabajo.cl\/portal\/wp-json\/wp\/v2\/media?parent=67590"}],"wp:term":[{"taxonomy":"category","embeddable":true,"href":"https:\/\/eltrabajo.cl\/portal\/wp-json\/wp\/v2\/categories?post=67590"},{"taxonomy":"post_tag","embeddable":true,"href":"https:\/\/eltrabajo.cl\/portal\/wp-json\/wp\/v2\/tags?post=67590"}],"curies":[{"name":"wp","href":"https:\/\/api.w.org\/{rel}","templated":true}]}}