{"id":67598,"date":"2016-03-10T08:50:43","date_gmt":"2016-03-10T11:50:43","guid":{"rendered":"http:\/\/www.eltrabajo.cl\/portal\/?p=67598"},"modified":"2016-03-10T08:50:43","modified_gmt":"2016-03-10T11:50:43","slug":"esquina-de-teteria-sigue-generando-peligrosos-accidentes","status":"publish","type":"post","link":"https:\/\/eltrabajo.cl\/portal\/esquina-de-teteria-sigue-generando-peligrosos-accidentes\/","title":{"rendered":"Esquina de teter\u00eda sigue generando peligrosos accidentes"},"content":{"rendered":"<figure id=\"attachment_67599\" aria-describedby=\"caption-attachment-67599\" style=\"width: 530px\" class=\"wp-caption alignleft\"><a href=\"http:\/\/www.eltrabajo.cl\/portal\/esquina-de-teteria-sigue-generando-peligrosos-accidentes\/camioneta-choque\/\" rel=\"attachment wp-att-67599\"><img data-recalc-dims=\"1\" loading=\"lazy\" decoding=\"async\" class=\"size-full wp-image-67599\" src=\"https:\/\/i0.wp.com\/www.eltrabajo.cl\/portal\/wp-content\/uploads\/2016\/03\/camioneta-choque.jpg?resize=530%2C350\" alt=\"LA CAMIONETA.- R\u00e1pidamente Carabineros control\u00f3 la escena y se citaron a los conductores para que dieran sus versiones del accidente\" width=\"530\" height=\"350\" srcset=\"https:\/\/i0.wp.com\/eltrabajo.cl\/portal\/wp-content\/uploads\/2016\/03\/camioneta-choque.jpg?w=530&amp;ssl=1 530w, https:\/\/i0.wp.com\/eltrabajo.cl\/portal\/wp-content\/uploads\/2016\/03\/camioneta-choque.jpg?resize=200%2C132&amp;ssl=1 200w, https:\/\/i0.wp.com\/eltrabajo.cl\/portal\/wp-content\/uploads\/2016\/03\/camioneta-choque.jpg?resize=300%2C198&amp;ssl=1 300w, https:\/\/i0.wp.com\/eltrabajo.cl\/portal\/wp-content\/uploads\/2016\/03\/camioneta-choque.jpg?resize=227%2C150&amp;ssl=1 227w, https:\/\/i0.wp.com\/eltrabajo.cl\/portal\/wp-content\/uploads\/2016\/03\/camioneta-choque.jpg?resize=400%2C264&amp;ssl=1 400w\" sizes=\"auto, (max-width: 530px) 100vw, 530px\" \/><\/a><figcaption id=\"caption-attachment-67599\" class=\"wp-caption-text\">LA CAMIONETA.- R\u00e1pidamente Carabineros control\u00f3 la escena y se citaron a los conductores para que dieran sus versiones del accidente<\/figcaption><\/figure>\n<p><strong>El martes un auto qued\u00f3 incrustado en el local:<\/strong><br \/>\nPodr\u00edamos suponer que cuando vamos a una cafeter\u00eda o teter\u00eda para relajarnos un rato, estemos totalmente seguros y que podamos desentendernos de lo que pasa en las calles colindantes, sin embargo y tal como ocurri\u00f3 este martes en Teter\u00eda Julieta, ubicada en Traslavi\u00f1a 1393, un irresponsable conductor irrespet\u00f3 el disco Pare en la esquina de calle Freire, lo que gener\u00f3 que colisionara a un colectivo que ven\u00eda derechamente por calle Traslavi\u00f1a, impact\u00e1ndolo violentamente, quedando el colectivero con su auto incrustado en la teter\u00eda.<br \/>\n\u00abLo que sabemos que pas\u00f3, es que este conductor, el de la camioneta, habr\u00eda causado otro problema vial a unas calles de aqu\u00ed, a m\u00ed no me consta, pero est\u00e1 claro que esto pudo ser peor, pudo ser tr\u00e1gico, ojala que las autoridades nos coloquen alguna barrera, porque no es la primera vez que ocurren estos accidentes en esta esquina\u00bb, explic\u00f3 a Diario El Trabajo uno de los due\u00f1os de la teter\u00eda, Felipe Z\u00fa\u00f1iga.<br \/>\nSeg\u00fan datos de los testigos, el colectivero fue rescatado de su auto por personal especializado del Samu, ya que sufri\u00f3 varios golpes tras el choque. Aqu\u00ed la noticia no es puntualmente este accidente, lo preocupante en esta esquina, comentan algunos vecinos, es que aunque siguen ocurriendo de manera seguida en el mismo lugar.<br \/>\n<strong>Roberto Gonz\u00e1lez Short<\/strong><br \/>\n<strong>rgonzalez@eltrabajo.cl<\/strong><\/p>\n","protected":false},"excerpt":{"rendered":"<p>El martes un auto qued\u00f3 incrustado en el local: Podr\u00edamos suponer que cuando vamos a una cafeter\u00eda o teter\u00eda para relajarnos un rato, estemos totalmente seguros y que podamos desentendernos de lo&#8230;<\/p>\n","protected":false},"author":1,"featured_media":67599,"comment_status":"open","ping_status":"open","sticky":false,"template":"","format":"standard","meta":{"advanced_seo_description":"","jetpack_seo_html_title":"","jetpack_seo_noindex":false,"_jetpack_memberships_contains_paid_content":false,"footnotes":""},"categories":[15],"tags":[],"class_list":["post-67598","post","type-post","status-publish","format-standard","has-post-thumbnail","hentry","category-comunidad"],"jetpack_featured_media_url":"https:\/\/i0.wp.com\/eltrabajo.cl\/portal\/wp-content\/uploads\/2016\/03\/camioneta-choque.jpg?fit=530%2C350&ssl=1","jetpack_sharing_enabled":true,"jetpack_likes_enabled":true,"jetpack-related-posts":[],"_links":{"self":[{"href":"https:\/\/eltrabajo.cl\/portal\/wp-json\/wp\/v2\/posts\/67598","targetHints":{"allow":["GET"]}}],"collection":[{"href":"https:\/\/eltrabajo.cl\/portal\/wp-json\/wp\/v2\/posts"}],"about":[{"href":"https:\/\/eltrabajo.cl\/portal\/wp-json\/wp\/v2\/types\/post"}],"author":[{"embeddable":true,"href":"https:\/\/eltrabajo.cl\/portal\/wp-json\/wp\/v2\/users\/1"}],"replies":[{"embeddable":true,"href":"https:\/\/eltrabajo.cl\/portal\/wp-json\/wp\/v2\/comments?post=67598"}],"version-history":[{"count":0,"href":"https:\/\/eltrabajo.cl\/portal\/wp-json\/wp\/v2\/posts\/67598\/revisions"}],"wp:featuredmedia":[{"embeddable":true,"href":"https:\/\/eltrabajo.cl\/portal\/wp-json\/wp\/v2\/media\/67599"}],"wp:attachment":[{"href":"https:\/\/eltrabajo.cl\/portal\/wp-json\/wp\/v2\/media?parent=67598"}],"wp:term":[{"taxonomy":"category","embeddable":true,"href":"https:\/\/eltrabajo.cl\/portal\/wp-json\/wp\/v2\/categories?post=67598"},{"taxonomy":"post_tag","embeddable":true,"href":"https:\/\/eltrabajo.cl\/portal\/wp-json\/wp\/v2\/tags?post=67598"}],"curies":[{"name":"wp","href":"https:\/\/api.w.org\/{rel}","templated":true}]}}