{"id":67602,"date":"2016-03-10T08:54:31","date_gmt":"2016-03-10T11:54:31","guid":{"rendered":"http:\/\/www.eltrabajo.cl\/portal\/?p=67602"},"modified":"2016-03-10T08:54:31","modified_gmt":"2016-03-10T11:54:31","slug":"nina-de-diez-anos-salva-de-milagro-tras-ser-tragada-por-camara-de-agua","status":"publish","type":"post","link":"https:\/\/eltrabajo.cl\/portal\/nina-de-diez-anos-salva-de-milagro-tras-ser-tragada-por-camara-de-agua\/","title":{"rendered":"Ni\u00f1a de diez a\u00f1os salva de milagro tras ser tragada por c\u00e1mara de agua"},"content":{"rendered":"<p><strong>Cuando caminaba por vereda del Liceo Mixto de San Felipe:<\/strong><\/p>\n<p>El susto de su vida, para no decir que el milagro de su vida, es lo que vivi\u00f3 una ni\u00f1a, estudiante del Liceo Mixto de San Felipe y su madre, cuando saliendo de clases se la trag\u00f3, literalmente hablando, una c\u00e1mara de agua de Canal Montenegro, que pasa debajo de la vereda del colegio, pero que est\u00e1 ubicado afuera del edificio educativo.<br \/>\nSe trata de la ni\u00f1a Antonella Cort\u00e9s Gallardo, estudiante de 5\u00ba a\u00f1o en el Mixto y de diez a\u00f1os, quien caminaba tranquilamente con su madre, Laura Gallardo, por la vereda del colegio, cuando de pronto vio que se estaba inundando la calle, \u00abcuando vimos que estaba inundado, ella, mi hija, se par\u00f3 sobre una tapa de madera que se miraba fuerte y segura, sin embargo no era as\u00ed, la tapa cedi\u00f3 y a mi hija se la trag\u00f3 el canal, la c\u00e1mara de agua\u00bb, relat\u00f3 do\u00f1a Laura a Diario El Trabajo.<br \/>\nLo ocurrido durante esos segundos, seg\u00fan la angustiada madre, fue de m\u00e1xima reacci\u00f3n de su parte, \u00abmi hija no toc\u00f3 el fondo, como pudo se agarr\u00f3 del filo de cemento de la c\u00e1mara, y yo de inmediato la sujet\u00e9 de sus brazos para sacarla al instante. Estoy muy enfadada, porque cuando carabineros lleg\u00f3, llamaron a los canaleros y a gente del Municipio y nadie pudo atender esta emergencia, por lo que solicito se me escuche y reparen r\u00e1pidamente este canal\u00bb, coment\u00f3 Gallardo.<\/p>\n<p><strong>TAPA REPARADA<\/strong><br \/>\nDiario El Trabajo habl\u00f3 con Ricardo Le\u00f3n, coordinador de operaciones del Municipio, quien explic\u00f3 a nuestro medio que \u00abmuy preocupados estamos con lo que ocurri\u00f3 a la ni\u00f1a Antonella, nosotros apenas supimos, nos dispusimos a tapar esta c\u00e1mara con madera muy gruesa, mientras que hablamos con los encargados de estos canales, el problema se genera con un chacarero, hablamos con estos encargados y se nos inform\u00f3 que antes de junio o julio, ellos estar\u00edan limpiando estos canales\u00bb, explic\u00f3 Le\u00f3n.<br \/>\n<strong>Roberto Gonz\u00e1lez Short<\/strong><br \/>\n<strong>rgonzalez@eltrabajo.cl<\/strong><\/p>\n<div class=\"tiled-gallery type-rectangular tiled-gallery-unresized\" data-original-width=\"640\" data-carousel-extra='null' itemscope itemtype=\"http:\/\/schema.org\/ImageGallery\" > <div class=\"gallery-row\" style=\"width: 640px; height: 284px;\" data-original-width=\"640\" data-original-height=\"284\" > <div class=\"gallery-group images-1\" style=\"width: 426px; height: 284px;\" data-original-width=\"426\" data-original-height=\"284\" > <div class=\"tiled-gallery-item tiled-gallery-item-large\" itemprop=\"associatedMedia\" itemscope itemtype=\"http:\/\/schema.org\/ImageObject\"> <a href=\"https:\/\/eltrabajo.cl\/portal\/nina-de-diez-anos-salva-de-milagro-tras-ser-tragada-por-camara-de-agua\/tapa33\/\" border=\"0\" itemprop=\"url\"> <meta itemprop=\"width\" content=\"422\"> <meta itemprop=\"height\" content=\"280\"> <img decoding=\"async\" class=\"\" data-attachment-id=\"67607\" data-orig-file=\"https:\/\/eltrabajo.cl\/portal\/wp-content\/uploads\/2016\/03\/Tapa33.jpg\" data-orig-size=\"528,350\" data-comments-opened=\"1\" data-image-meta=\"{&quot;aperture&quot;:&quot;0&quot;,&quot;credit&quot;:&quot;&quot;,&quot;camera&quot;:&quot;&quot;,&quot;caption&quot;:&quot;&quot;,&quot;created_timestamp&quot;:&quot;0&quot;,&quot;copyright&quot;:&quot;&quot;,&quot;focal_length&quot;:&quot;0&quot;,&quot;iso&quot;:&quot;0&quot;,&quot;shutter_speed&quot;:&quot;0&quot;,&quot;title&quot;:&quot;&quot;,&quot;orientation&quot;:&quot;0&quot;}\" data-image-title=\"REPARADA.- As\u00ed luce desde ayer esta fosa, el Municipio la tap\u00f3 en cuanto supo del accidente.\" data-image-description=\"&lt;p&gt;REPARADA.- As\u00ed luce desde ayer esta fosa, el Municipio la tap\u00f3 en cuanto supo del accidente.&lt;\/p&gt; \" data-medium-file=\"https:\/\/i0.wp.com\/eltrabajo.cl\/portal\/wp-content\/uploads\/2016\/03\/Tapa33.jpg?fit=300%2C199&#038;ssl=1\" data-large-file=\"https:\/\/i0.wp.com\/eltrabajo.cl\/portal\/wp-content\/uploads\/2016\/03\/Tapa33.jpg?fit=528%2C350&#038;ssl=1\" src=\"https:\/\/i0.wp.com\/eltrabajo.cl\/portal\/wp-content\/uploads\/2016\/03\/Tapa33.jpg?w=422&#038;h=280&#038;ssl=1\" srcset=\"https:\/\/i0.wp.com\/eltrabajo.cl\/portal\/wp-content\/uploads\/2016\/03\/Tapa33.jpg?w=528&amp;ssl=1 528w, https:\/\/i0.wp.com\/eltrabajo.cl\/portal\/wp-content\/uploads\/2016\/03\/Tapa33.jpg?resize=200%2C133&amp;ssl=1 200w, https:\/\/i0.wp.com\/eltrabajo.cl\/portal\/wp-content\/uploads\/2016\/03\/Tapa33.jpg?resize=300%2C199&amp;ssl=1 300w, https:\/\/i0.wp.com\/eltrabajo.cl\/portal\/wp-content\/uploads\/2016\/03\/Tapa33.jpg?resize=226%2C150&amp;ssl=1 226w, https:\/\/i0.wp.com\/eltrabajo.cl\/portal\/wp-content\/uploads\/2016\/03\/Tapa33.jpg?resize=400%2C265&amp;ssl=1 400w\" width=\"422\" height=\"280\" loading=\"lazy\" data-original-width=\"422\" data-original-height=\"280\" itemprop=\"http:\/\/schema.org\/image\" title=\"REPARADA.- As\u00ed luce desde ayer esta fosa, el Municipio la tap\u00f3 en cuanto supo del accidente.\" alt=\"REPARADA.- As\u00ed luce desde ayer esta fosa, el Municipio la tap\u00f3 en cuanto supo del accidente.\" style=\"width: 422px; height: 280px;\" \/> <\/a> <div class=\"tiled-gallery-caption\" itemprop=\"caption description\"> REPARADA.- As\u00ed luce desde ayer esta fosa, el Municipio la tap\u00f3 en cuanto supo del accidente. <\/div> <\/div> <\/div> <!-- close group --> <div class=\"gallery-group images-2\" style=\"width: 214px; height: 284px;\" data-original-width=\"214\" data-original-height=\"284\" > <div class=\"tiled-gallery-item tiled-gallery-item-small\" itemprop=\"associatedMedia\" itemscope itemtype=\"http:\/\/schema.org\/ImageObject\"> <a href=\"https:\/\/eltrabajo.cl\/portal\/nina-de-diez-anos-salva-de-milagro-tras-ser-tragada-por-camara-de-agua\/ricardo-leon-5\/\" border=\"0\" itemprop=\"url\"> <meta itemprop=\"width\" content=\"210\"> <meta itemprop=\"height\" content=\"138\"> <img decoding=\"async\" class=\"\" data-attachment-id=\"67606\" data-orig-file=\"https:\/\/eltrabajo.cl\/portal\/wp-content\/uploads\/2016\/03\/Ricardo-Leon.jpg\" data-orig-size=\"530,350\" data-comments-opened=\"1\" data-image-meta=\"{&quot;aperture&quot;:&quot;0&quot;,&quot;credit&quot;:&quot;&quot;,&quot;camera&quot;:&quot;&quot;,&quot;caption&quot;:&quot;&quot;,&quot;created_timestamp&quot;:&quot;0&quot;,&quot;copyright&quot;:&quot;&quot;,&quot;focal_length&quot;:&quot;0&quot;,&quot;iso&quot;:&quot;0&quot;,&quot;shutter_speed&quot;:&quot;0&quot;,&quot;title&quot;:&quot;&quot;,&quot;orientation&quot;:&quot;0&quot;}\" data-image-title=\"Ricardo Le\u00f3n, coordinador de operaciones del Municipio.\" data-image-description=\"&lt;p&gt;Ricardo Le\u00f3n, coordinador de operaciones del Municipio.&lt;\/p&gt; \" data-medium-file=\"https:\/\/i0.wp.com\/eltrabajo.cl\/portal\/wp-content\/uploads\/2016\/03\/Ricardo-Leon.jpg?fit=300%2C198&#038;ssl=1\" data-large-file=\"https:\/\/i0.wp.com\/eltrabajo.cl\/portal\/wp-content\/uploads\/2016\/03\/Ricardo-Leon.jpg?fit=530%2C350&#038;ssl=1\" src=\"https:\/\/i0.wp.com\/eltrabajo.cl\/portal\/wp-content\/uploads\/2016\/03\/Ricardo-Leon.jpg?w=210&#038;h=138&#038;ssl=1\" srcset=\"https:\/\/i0.wp.com\/eltrabajo.cl\/portal\/wp-content\/uploads\/2016\/03\/Ricardo-Leon.jpg?w=530&amp;ssl=1 530w, https:\/\/i0.wp.com\/eltrabajo.cl\/portal\/wp-content\/uploads\/2016\/03\/Ricardo-Leon.jpg?resize=200%2C132&amp;ssl=1 200w, https:\/\/i0.wp.com\/eltrabajo.cl\/portal\/wp-content\/uploads\/2016\/03\/Ricardo-Leon.jpg?resize=300%2C198&amp;ssl=1 300w, https:\/\/i0.wp.com\/eltrabajo.cl\/portal\/wp-content\/uploads\/2016\/03\/Ricardo-Leon.jpg?resize=227%2C150&amp;ssl=1 227w, https:\/\/i0.wp.com\/eltrabajo.cl\/portal\/wp-content\/uploads\/2016\/03\/Ricardo-Leon.jpg?resize=400%2C264&amp;ssl=1 400w\" width=\"210\" height=\"138\" loading=\"lazy\" data-original-width=\"210\" data-original-height=\"138\" itemprop=\"http:\/\/schema.org\/image\" title=\"Ricardo Le\u00f3n, coordinador de operaciones del Municipio.\" alt=\"Ricardo Le\u00f3n, coordinador de operaciones del Municipio.\" style=\"width: 210px; height: 138px;\" \/> <\/a> <div class=\"tiled-gallery-caption\" itemprop=\"caption description\"> Ricardo Le\u00f3n, coordinador de operaciones del Municipio. <\/div> <\/div> <div class=\"tiled-gallery-item tiled-gallery-item-small\" itemprop=\"associatedMedia\" itemscope itemtype=\"http:\/\/schema.org\/ImageObject\"> <a href=\"https:\/\/eltrabajo.cl\/portal\/nina-de-diez-anos-salva-de-milagro-tras-ser-tragada-por-camara-de-agua\/laura-gallardo\/\" border=\"0\" itemprop=\"url\"> <meta itemprop=\"width\" content=\"210\"> <meta itemprop=\"height\" content=\"138\"> <img decoding=\"async\" class=\"\" data-attachment-id=\"67605\" data-orig-file=\"https:\/\/eltrabajo.cl\/portal\/wp-content\/uploads\/2016\/03\/Laura-Gallardo.jpg\" data-orig-size=\"530,348\" data-comments-opened=\"1\" data-image-meta=\"{&quot;aperture&quot;:&quot;0&quot;,&quot;credit&quot;:&quot;&quot;,&quot;camera&quot;:&quot;&quot;,&quot;caption&quot;:&quot;&quot;,&quot;created_timestamp&quot;:&quot;0&quot;,&quot;copyright&quot;:&quot;&quot;,&quot;focal_length&quot;:&quot;0&quot;,&quot;iso&quot;:&quot;0&quot;,&quot;shutter_speed&quot;:&quot;0&quot;,&quot;title&quot;:&quot;&quot;,&quot;orientation&quot;:&quot;0&quot;}\" data-image-title=\"Laura Gallardo, madre de la ni\u00f1a afectada.\" data-image-description=\"&lt;p&gt;Laura Gallardo, madre de la ni\u00f1a afectada.&lt;\/p&gt; \" data-medium-file=\"https:\/\/i0.wp.com\/eltrabajo.cl\/portal\/wp-content\/uploads\/2016\/03\/Laura-Gallardo.jpg?fit=300%2C197&#038;ssl=1\" data-large-file=\"https:\/\/i0.wp.com\/eltrabajo.cl\/portal\/wp-content\/uploads\/2016\/03\/Laura-Gallardo.jpg?fit=530%2C348&#038;ssl=1\" src=\"https:\/\/i0.wp.com\/eltrabajo.cl\/portal\/wp-content\/uploads\/2016\/03\/Laura-Gallardo.jpg?w=210&#038;h=138&#038;ssl=1\" srcset=\"https:\/\/i0.wp.com\/eltrabajo.cl\/portal\/wp-content\/uploads\/2016\/03\/Laura-Gallardo.jpg?w=530&amp;ssl=1 530w, https:\/\/i0.wp.com\/eltrabajo.cl\/portal\/wp-content\/uploads\/2016\/03\/Laura-Gallardo.jpg?resize=200%2C131&amp;ssl=1 200w, https:\/\/i0.wp.com\/eltrabajo.cl\/portal\/wp-content\/uploads\/2016\/03\/Laura-Gallardo.jpg?resize=300%2C197&amp;ssl=1 300w, https:\/\/i0.wp.com\/eltrabajo.cl\/portal\/wp-content\/uploads\/2016\/03\/Laura-Gallardo.jpg?resize=228%2C150&amp;ssl=1 228w, https:\/\/i0.wp.com\/eltrabajo.cl\/portal\/wp-content\/uploads\/2016\/03\/Laura-Gallardo.jpg?resize=400%2C263&amp;ssl=1 400w\" width=\"210\" height=\"138\" loading=\"lazy\" data-original-width=\"210\" data-original-height=\"138\" itemprop=\"http:\/\/schema.org\/image\" title=\"Laura Gallardo, madre de la ni\u00f1a afectada.\" alt=\"Laura Gallardo, madre de la ni\u00f1a afectada.\" style=\"width: 210px; height: 138px;\" \/> <\/a> <div class=\"tiled-gallery-caption\" itemprop=\"caption description\"> Laura Gallardo, madre de la ni\u00f1a afectada. <\/div> <\/div> <\/div> <!-- close group --> <\/div> <!-- close row --> <div class=\"gallery-row\" style=\"width: 640px; height: 212px;\" data-original-width=\"640\" data-original-height=\"212\" > <div class=\"gallery-group images-1\" style=\"width: 320px; height: 212px;\" data-original-width=\"320\" data-original-height=\"212\" > <div class=\"tiled-gallery-item tiled-gallery-item-large\" itemprop=\"associatedMedia\" itemscope itemtype=\"http:\/\/schema.org\/ImageObject\"> <a href=\"https:\/\/eltrabajo.cl\/portal\/nina-de-diez-anos-salva-de-milagro-tras-ser-tragada-por-camara-de-agua\/fosa1\/\" border=\"0\" itemprop=\"url\"> <meta itemprop=\"width\" content=\"316\"> <meta itemprop=\"height\" content=\"208\"> <img decoding=\"async\" class=\"\" data-attachment-id=\"67604\" data-orig-file=\"https:\/\/eltrabajo.cl\/portal\/wp-content\/uploads\/2016\/03\/Fosa1.jpg\" data-orig-size=\"530,348\" data-comments-opened=\"1\" data-image-meta=\"{&quot;aperture&quot;:&quot;0&quot;,&quot;credit&quot;:&quot;&quot;,&quot;camera&quot;:&quot;&quot;,&quot;caption&quot;:&quot;&quot;,&quot;created_timestamp&quot;:&quot;0&quot;,&quot;copyright&quot;:&quot;&quot;,&quot;focal_length&quot;:&quot;0&quot;,&quot;iso&quot;:&quot;0&quot;,&quot;shutter_speed&quot;:&quot;0&quot;,&quot;title&quot;:&quot;&quot;,&quot;orientation&quot;:&quot;0&quot;}\" data-image-title=\"MUY PELIGROSA.- As\u00ed luc\u00eda este lunes la fosa del canal en la acera del Mixto, en ella cay\u00f3 la ni\u00f1a.\" data-image-description=\"&lt;p&gt;MUY PELIGROSA.- As\u00ed luc\u00eda este lunes la fosa del canal en la acera del Mixto, en ella cay\u00f3 la ni\u00f1a.&lt;\/p&gt; \" data-medium-file=\"https:\/\/i0.wp.com\/eltrabajo.cl\/portal\/wp-content\/uploads\/2016\/03\/Fosa1.jpg?fit=300%2C197&#038;ssl=1\" data-large-file=\"https:\/\/i0.wp.com\/eltrabajo.cl\/portal\/wp-content\/uploads\/2016\/03\/Fosa1.jpg?fit=530%2C348&#038;ssl=1\" src=\"https:\/\/i0.wp.com\/eltrabajo.cl\/portal\/wp-content\/uploads\/2016\/03\/Fosa1.jpg?w=316&#038;h=208&#038;ssl=1\" srcset=\"https:\/\/i0.wp.com\/eltrabajo.cl\/portal\/wp-content\/uploads\/2016\/03\/Fosa1.jpg?w=530&amp;ssl=1 530w, https:\/\/i0.wp.com\/eltrabajo.cl\/portal\/wp-content\/uploads\/2016\/03\/Fosa1.jpg?resize=200%2C131&amp;ssl=1 200w, https:\/\/i0.wp.com\/eltrabajo.cl\/portal\/wp-content\/uploads\/2016\/03\/Fosa1.jpg?resize=300%2C197&amp;ssl=1 300w, https:\/\/i0.wp.com\/eltrabajo.cl\/portal\/wp-content\/uploads\/2016\/03\/Fosa1.jpg?resize=228%2C150&amp;ssl=1 228w, https:\/\/i0.wp.com\/eltrabajo.cl\/portal\/wp-content\/uploads\/2016\/03\/Fosa1.jpg?resize=400%2C263&amp;ssl=1 400w\" width=\"316\" height=\"208\" loading=\"lazy\" data-original-width=\"316\" data-original-height=\"208\" itemprop=\"http:\/\/schema.org\/image\" title=\"MUY PELIGROSA.- As\u00ed luc\u00eda este lunes la fosa del canal en la acera del Mixto, en ella cay\u00f3 la ni\u00f1a.\" alt=\"MUY PELIGROSA.- As\u00ed luc\u00eda este lunes la fosa del canal en la acera del Mixto, en ella cay\u00f3 la ni\u00f1a.\" style=\"width: 316px; height: 208px;\" \/> <\/a> <div class=\"tiled-gallery-caption\" itemprop=\"caption description\"> MUY PELIGROSA.- As\u00ed luc\u00eda este lunes la fosa del canal en la acera del Mixto, en ella cay\u00f3 la ni\u00f1a. <\/div> <\/div> <\/div> <!-- close group --> <div class=\"gallery-group images-1\" style=\"width: 320px; height: 212px;\" data-original-width=\"320\" data-original-height=\"212\" > <div class=\"tiled-gallery-item tiled-gallery-item-large\" itemprop=\"associatedMedia\" itemscope itemtype=\"http:\/\/schema.org\/ImageObject\"> <a href=\"https:\/\/eltrabajo.cl\/portal\/nina-de-diez-anos-salva-de-milagro-tras-ser-tragada-por-camara-de-agua\/antonella-cortez\/\" border=\"0\" itemprop=\"url\"> <meta itemprop=\"width\" content=\"316\"> <meta itemprop=\"height\" content=\"208\"> <img decoding=\"async\" class=\"\" data-attachment-id=\"67603\" data-orig-file=\"https:\/\/eltrabajo.cl\/portal\/wp-content\/uploads\/2016\/03\/Antonella-Cortez.jpg\" data-orig-size=\"530,349\" data-comments-opened=\"1\" data-image-meta=\"{&quot;aperture&quot;:&quot;0&quot;,&quot;credit&quot;:&quot;&quot;,&quot;camera&quot;:&quot;&quot;,&quot;caption&quot;:&quot;&quot;,&quot;created_timestamp&quot;:&quot;0&quot;,&quot;copyright&quot;:&quot;&quot;,&quot;focal_length&quot;:&quot;0&quot;,&quot;iso&quot;:&quot;0&quot;,&quot;shutter_speed&quot;:&quot;0&quot;,&quot;title&quot;:&quot;&quot;,&quot;orientation&quot;:&quot;0&quot;}\" data-image-title=\"VIVA DE MILAGRO.- Antonella Cortez, estudiante de 5\u00ba b\u00e1sico del Mixto y afectada por este problema de la c\u00e1mara de canal.\" data-image-description=\"&lt;p&gt;VIVA DE MILAGRO.- Antonella Cortez, estudiante de 5\u00ba b\u00e1sico del Mixto y afectada por este problema de la c\u00e1mara de canal.&lt;\/p&gt; \" data-medium-file=\"https:\/\/i0.wp.com\/eltrabajo.cl\/portal\/wp-content\/uploads\/2016\/03\/Antonella-Cortez.jpg?fit=300%2C198&#038;ssl=1\" data-large-file=\"https:\/\/i0.wp.com\/eltrabajo.cl\/portal\/wp-content\/uploads\/2016\/03\/Antonella-Cortez.jpg?fit=530%2C349&#038;ssl=1\" src=\"https:\/\/i0.wp.com\/eltrabajo.cl\/portal\/wp-content\/uploads\/2016\/03\/Antonella-Cortez.jpg?w=316&#038;h=208&#038;ssl=1\" srcset=\"https:\/\/i0.wp.com\/eltrabajo.cl\/portal\/wp-content\/uploads\/2016\/03\/Antonella-Cortez.jpg?w=530&amp;ssl=1 530w, https:\/\/i0.wp.com\/eltrabajo.cl\/portal\/wp-content\/uploads\/2016\/03\/Antonella-Cortez.jpg?resize=200%2C132&amp;ssl=1 200w, https:\/\/i0.wp.com\/eltrabajo.cl\/portal\/wp-content\/uploads\/2016\/03\/Antonella-Cortez.jpg?resize=300%2C198&amp;ssl=1 300w, https:\/\/i0.wp.com\/eltrabajo.cl\/portal\/wp-content\/uploads\/2016\/03\/Antonella-Cortez.jpg?resize=228%2C150&amp;ssl=1 228w, https:\/\/i0.wp.com\/eltrabajo.cl\/portal\/wp-content\/uploads\/2016\/03\/Antonella-Cortez.jpg?resize=400%2C263&amp;ssl=1 400w\" width=\"316\" height=\"208\" loading=\"lazy\" data-original-width=\"316\" data-original-height=\"208\" itemprop=\"http:\/\/schema.org\/image\" title=\"VIVA DE MILAGRO.- Antonella Cortez, estudiante de 5\u00ba b\u00e1sico del Mixto y afectada por este problema de la c\u00e1mara de canal.\" alt=\"VIVA DE MILAGRO.- Antonella Cortez, estudiante de 5\u00ba b\u00e1sico del Mixto y afectada por este problema de la c\u00e1mara de canal.\" style=\"width: 316px; height: 208px;\" \/> <\/a> <div class=\"tiled-gallery-caption\" itemprop=\"caption description\"> VIVA DE MILAGRO.- Antonella Cortez, estudiante de 5\u00ba b\u00e1sico del Mixto y afectada por este problema de la c\u00e1mara de canal. <\/div> <\/div> <\/div> <!-- close group --> <\/div> <!-- close row --> <\/div>\n","protected":false},"excerpt":{"rendered":"<p>Cuando caminaba por vereda del Liceo Mixto de San Felipe: El susto de su vida, para no decir que el milagro de su vida, es lo que vivi\u00f3 una ni\u00f1a, estudiante del&#8230;<\/p>\n","protected":false},"author":1,"featured_media":67603,"comment_status":"open","ping_status":"open","sticky":false,"template":"","format":"standard","meta":{"advanced_seo_description":"","jetpack_seo_html_title":"","jetpack_seo_noindex":false,"_jetpack_memberships_contains_paid_content":false,"footnotes":""},"categories":[15],"tags":[],"class_list":["post-67602","post","type-post","status-publish","format-standard","has-post-thumbnail","hentry","category-comunidad"],"jetpack_featured_media_url":"https:\/\/i0.wp.com\/eltrabajo.cl\/portal\/wp-content\/uploads\/2016\/03\/Antonella-Cortez.jpg?fit=530%2C349&ssl=1","jetpack_sharing_enabled":true,"jetpack_likes_enabled":true,"jetpack-related-posts":[],"_links":{"self":[{"href":"https:\/\/eltrabajo.cl\/portal\/wp-json\/wp\/v2\/posts\/67602","targetHints":{"allow":["GET"]}}],"collection":[{"href":"https:\/\/eltrabajo.cl\/portal\/wp-json\/wp\/v2\/posts"}],"about":[{"href":"https:\/\/eltrabajo.cl\/portal\/wp-json\/wp\/v2\/types\/post"}],"author":[{"embeddable":true,"href":"https:\/\/eltrabajo.cl\/portal\/wp-json\/wp\/v2\/users\/1"}],"replies":[{"embeddable":true,"href":"https:\/\/eltrabajo.cl\/portal\/wp-json\/wp\/v2\/comments?post=67602"}],"version-history":[{"count":0,"href":"https:\/\/eltrabajo.cl\/portal\/wp-json\/wp\/v2\/posts\/67602\/revisions"}],"wp:featuredmedia":[{"embeddable":true,"href":"https:\/\/eltrabajo.cl\/portal\/wp-json\/wp\/v2\/media\/67603"}],"wp:attachment":[{"href":"https:\/\/eltrabajo.cl\/portal\/wp-json\/wp\/v2\/media?parent=67602"}],"wp:term":[{"taxonomy":"category","embeddable":true,"href":"https:\/\/eltrabajo.cl\/portal\/wp-json\/wp\/v2\/categories?post=67602"},{"taxonomy":"post_tag","embeddable":true,"href":"https:\/\/eltrabajo.cl\/portal\/wp-json\/wp\/v2\/tags?post=67602"}],"curies":[{"name":"wp","href":"https:\/\/api.w.org\/{rel}","templated":true}]}}