{"id":67609,"date":"2016-03-10T08:57:19","date_gmt":"2016-03-10T11:57:19","guid":{"rendered":"http:\/\/www.eltrabajo.cl\/portal\/?p=67609"},"modified":"2016-03-10T08:57:19","modified_gmt":"2016-03-10T11:57:19","slug":"trabajador-agricola-que-conducia-tractor-fue-colisionado-por-locomotora","status":"publish","type":"post","link":"https:\/\/eltrabajo.cl\/portal\/trabajador-agricola-que-conducia-tractor-fue-colisionado-por-locomotora\/","title":{"rendered":"Trabajador agr\u00edcola que conduc\u00eda tractor fue colisionado por locomotora"},"content":{"rendered":"<figure id=\"attachment_67610\" aria-describedby=\"caption-attachment-67610\" style=\"width: 530px\" class=\"wp-caption alignleft\"><a href=\"http:\/\/www.eltrabajo.cl\/portal\/trabajador-agricola-que-conducia-tractor-fue-colisionado-por-locomotora\/tractor\/\" rel=\"attachment wp-att-67610\"><img data-recalc-dims=\"1\" loading=\"lazy\" decoding=\"async\" class=\"size-full wp-image-67610\" src=\"https:\/\/i0.wp.com\/www.eltrabajo.cl\/portal\/wp-content\/uploads\/2016\/03\/TRACTOR.jpg?resize=530%2C348\" alt=\"El accidente ocurri\u00f3 pasado el mediod\u00eda de este martes en el Fundo Valle Centro de San Felipe.\" width=\"530\" height=\"348\" srcset=\"https:\/\/i0.wp.com\/eltrabajo.cl\/portal\/wp-content\/uploads\/2016\/03\/TRACTOR.jpg?w=530&amp;ssl=1 530w, https:\/\/i0.wp.com\/eltrabajo.cl\/portal\/wp-content\/uploads\/2016\/03\/TRACTOR.jpg?resize=200%2C131&amp;ssl=1 200w, https:\/\/i0.wp.com\/eltrabajo.cl\/portal\/wp-content\/uploads\/2016\/03\/TRACTOR.jpg?resize=300%2C197&amp;ssl=1 300w, https:\/\/i0.wp.com\/eltrabajo.cl\/portal\/wp-content\/uploads\/2016\/03\/TRACTOR.jpg?resize=228%2C150&amp;ssl=1 228w, https:\/\/i0.wp.com\/eltrabajo.cl\/portal\/wp-content\/uploads\/2016\/03\/TRACTOR.jpg?resize=400%2C263&amp;ssl=1 400w\" sizes=\"auto, (max-width: 530px) 100vw, 530px\" \/><\/a><figcaption id=\"caption-attachment-67610\" class=\"wp-caption-text\">El accidente ocurri\u00f3 pasado el mediod\u00eda de este martes en el Fundo Valle Centro de San Felipe.<\/figcaption><\/figure>\n<p><strong>En Fundo Valle Centro de San Felipe:<\/strong><br \/>\nCon lesiones leves result\u00f3 el conductor de un tractor, quien tras realizar faenas agr\u00edcolas en el Fundo \u2018Valle Centro\u2019 en San Felipe, habr\u00eda sido colisionado por una locomotora de metales de la empresa \u2018Ferrocarriles del Pac\u00edfico\u2019 que cruzaba por la l\u00ednea f\u00e9rrea existente, expulsando violentamente al trabajador.<br \/>\nSeg\u00fan fuentes de Carabineros, el accidente ocurri\u00f3 pasado el mediod\u00eda del martes en circunstancias en que el empleado de la agr\u00edcola conduc\u00eda un tractor marca Universal de color azul, al cual manten\u00eda adosada una m\u00e1quina segadora de alfalfa. El trabajador recorr\u00eda las dependencias del terrero, atravesando el sector de la l\u00ednea f\u00e9rrea existente, sin embargo no se habr\u00eda percatado de la venida del tren metalero, que colision\u00f3 la rueda trasera del tractor, provocando que el trabajador saliera eyectado de la m\u00e1quina en el callej\u00f3n Monasterio de la comuna de San Felipe.<br \/>\nAl lugar concurri\u00f3 personal del Samu y el afectado result\u00f3 con lesiones de car\u00e1cter leve. En tanto el conductor de la locomotora a ra\u00edz del accidente detuvo la marcha para reportar estos antecedentes a Carabineros para la investigaci\u00f3n del caso, que quedar\u00e1 en manos del Juzgado de Polic\u00eda Local.<br \/>\n<strong>Pablo Salinas Sald\u00edas<\/strong><\/p>\n","protected":false},"excerpt":{"rendered":"<p>En Fundo Valle Centro de San Felipe: Con lesiones leves result\u00f3 el conductor de un tractor, quien tras realizar faenas agr\u00edcolas en el Fundo \u2018Valle Centro\u2019 en San Felipe, habr\u00eda sido colisionado&#8230;<\/p>\n","protected":false},"author":1,"featured_media":67610,"comment_status":"open","ping_status":"open","sticky":false,"template":"","format":"standard","meta":{"advanced_seo_description":"","jetpack_seo_html_title":"","jetpack_seo_noindex":false,"_jetpack_memberships_contains_paid_content":false,"footnotes":""},"categories":[21],"tags":[],"class_list":["post-67609","post","type-post","status-publish","format-standard","has-post-thumbnail","hentry","category-policial"],"jetpack_featured_media_url":"https:\/\/i0.wp.com\/eltrabajo.cl\/portal\/wp-content\/uploads\/2016\/03\/TRACTOR.jpg?fit=530%2C348&ssl=1","jetpack_sharing_enabled":true,"jetpack_likes_enabled":true,"jetpack-related-posts":[],"_links":{"self":[{"href":"https:\/\/eltrabajo.cl\/portal\/wp-json\/wp\/v2\/posts\/67609","targetHints":{"allow":["GET"]}}],"collection":[{"href":"https:\/\/eltrabajo.cl\/portal\/wp-json\/wp\/v2\/posts"}],"about":[{"href":"https:\/\/eltrabajo.cl\/portal\/wp-json\/wp\/v2\/types\/post"}],"author":[{"embeddable":true,"href":"https:\/\/eltrabajo.cl\/portal\/wp-json\/wp\/v2\/users\/1"}],"replies":[{"embeddable":true,"href":"https:\/\/eltrabajo.cl\/portal\/wp-json\/wp\/v2\/comments?post=67609"}],"version-history":[{"count":0,"href":"https:\/\/eltrabajo.cl\/portal\/wp-json\/wp\/v2\/posts\/67609\/revisions"}],"wp:featuredmedia":[{"embeddable":true,"href":"https:\/\/eltrabajo.cl\/portal\/wp-json\/wp\/v2\/media\/67610"}],"wp:attachment":[{"href":"https:\/\/eltrabajo.cl\/portal\/wp-json\/wp\/v2\/media?parent=67609"}],"wp:term":[{"taxonomy":"category","embeddable":true,"href":"https:\/\/eltrabajo.cl\/portal\/wp-json\/wp\/v2\/categories?post=67609"},{"taxonomy":"post_tag","embeddable":true,"href":"https:\/\/eltrabajo.cl\/portal\/wp-json\/wp\/v2\/tags?post=67609"}],"curies":[{"name":"wp","href":"https:\/\/api.w.org\/{rel}","templated":true}]}}