{"id":67613,"date":"2016-03-10T08:58:51","date_gmt":"2016-03-10T11:58:51","guid":{"rendered":"http:\/\/www.eltrabajo.cl\/portal\/?p=67613"},"modified":"2016-03-10T08:58:51","modified_gmt":"2016-03-10T11:58:51","slug":"abuelita-detenida-por-cultivar-dos-plantas-de-cannabis-sativa-en-el-patio","status":"publish","type":"post","link":"https:\/\/eltrabajo.cl\/portal\/abuelita-detenida-por-cultivar-dos-plantas-de-cannabis-sativa-en-el-patio\/","title":{"rendered":"Abuelita detenida por cultivar dos plantas de cannabis sativa en el patio"},"content":{"rendered":"<figure id=\"attachment_67614\" aria-describedby=\"caption-attachment-67614\" style=\"width: 530px\" class=\"wp-caption alignleft\"><a href=\"http:\/\/www.eltrabajo.cl\/portal\/abuelita-detenida-por-cultivar-dos-plantas-de-cannabis-sativa-en-el-patio\/plantas-1\/\" rel=\"attachment wp-att-67614\"><img data-recalc-dims=\"1\" loading=\"lazy\" decoding=\"async\" class=\"size-full wp-image-67614\" src=\"https:\/\/i0.wp.com\/www.eltrabajo.cl\/portal\/wp-content\/uploads\/2016\/03\/plantas-1.jpg?resize=530%2C348\" alt=\"Carabineros incaut\u00f3 las plantas de cannabis sativa desde el interior de un domicilio de la poblaci\u00f3n Santa Teresa de la comuna de Llay Llay.\" width=\"530\" height=\"348\" srcset=\"https:\/\/i0.wp.com\/eltrabajo.cl\/portal\/wp-content\/uploads\/2016\/03\/plantas-1.jpg?w=530&amp;ssl=1 530w, https:\/\/i0.wp.com\/eltrabajo.cl\/portal\/wp-content\/uploads\/2016\/03\/plantas-1.jpg?resize=200%2C131&amp;ssl=1 200w, https:\/\/i0.wp.com\/eltrabajo.cl\/portal\/wp-content\/uploads\/2016\/03\/plantas-1.jpg?resize=300%2C197&amp;ssl=1 300w, https:\/\/i0.wp.com\/eltrabajo.cl\/portal\/wp-content\/uploads\/2016\/03\/plantas-1.jpg?resize=228%2C150&amp;ssl=1 228w, https:\/\/i0.wp.com\/eltrabajo.cl\/portal\/wp-content\/uploads\/2016\/03\/plantas-1.jpg?resize=400%2C263&amp;ssl=1 400w\" sizes=\"auto, (max-width: 530px) 100vw, 530px\" \/><\/a><figcaption id=\"caption-attachment-67614\" class=\"wp-caption-text\">Carabineros incaut\u00f3 las plantas de cannabis sativa desde el interior de un domicilio de la poblaci\u00f3n Santa Teresa de la comuna de Llay Llay.<\/figcaption><\/figure>\n<p><strong>En poblaci\u00f3n Santa Teresa de la comuna de Llay Llay<\/strong><\/p>\n<p>Il\u00edcito qued\u00f3 al descubierto mientras Carabineros buscaba individuos que hab\u00edan sido denunciados por vecinos cuando merodeaban las viviendas de esa localidad. Sin embargo al ingresar a un domicilio hallaron el cultivo ilegal, arrestando a la adulta mayor.<br \/>\nCarabineros de la Subcomisar\u00eda de Llay Llay, incaut\u00f3 dos plantas de grandes dimensiones del g\u00e9nero cannabis sativa, desde el interior de un domicilio ubicado en la poblaci\u00f3n Santa Teresa. Los oficiales debieron detener a una mujer de 68 a\u00f1os acusada del delito de cultivo ilegal de marihuana.<br \/>\nEl procedimiento policial se gest\u00f3 a eso de las 03:00 horas de la madrugada del mi\u00e9rcoles, luego que personal de Carabineros concurriera hasta dicha poblaci\u00f3n luego que vecinos denunciaran an\u00f3nimamente v\u00eda telef\u00f3nica, la presencia de desconocidos merodeando las viviendas con el firme prop\u00f3sito de cometer alg\u00fan delito.<br \/>\nDe acuerdo a la informaci\u00f3n proporcionada por el Subcomisario de Carabineros, Capit\u00e1n Osvaldo Villarroel se\u00f1al\u00f3 que durante los operativos policiales en dicho lugar, se percataron de la existencia de una vivienda completamente blindada, con murallas de gran altura y protecciones excesivas, que despert\u00f3 la atenci\u00f3n de los funcionarios.<br \/>\nTras un llamado desde el exterior, Carabineros tom\u00f3 contacto con la propietaria de esta vivienda, quien voluntariamente permiti\u00f3 la entrada para que los uniformados revisaran las dependencias en b\u00fasqueda de los supuestos sospechosos que se encontrar\u00edan ocultos en alg\u00fan lugar. Sin embargo los efectivos policiales al dirigirse hasta el patio, hallaron el cultivo de cannabis sativa, debiendo requerir la presencia de los peritos de la secci\u00f3n de OS7 de esta instituci\u00f3n, quienes confirmaron que las plantaciones eran de este g\u00e9nero para la obtenci\u00f3n de marihuana.<br \/>\n\u201cSe solicita la presencia policial en ese sector, tras la presencia de individuos desconocidos merodeando las viviendas. Entonces Carabineros comienza a recorrer el lugar sin percatarse de nada extra\u00f1o, no obstante en un domicilio con murallas altas, rejas de protecci\u00f3n y alambres de p\u00faas, al ingresar hasta esta vivienda previo permiso de su propietaria con el objetivo si es que en su interior se encontraban ocultos los sujetos, al revisar las dependencias los uniformados espec\u00edficamente en el patio, hallan una plantaci\u00f3n de cannabis sativa de una altura de 3 metros cuarenta cent\u00edmetros y una segunda de un metro y noventa cent\u00edmetros de extensi\u00f3n\u201d, precis\u00f3 el oficial policial.<br \/>\nVillarroel agreg\u00f3 que la imputada fue individualizada con las iniciales S.D.G.P. de 68 a\u00f1os de edad, quien no posee antecedentes policiales, qued\u00f3 detenida por infracci\u00f3n a la Ley 20.000 de drogas. No obstante por disposici\u00f3n de la Fiscal\u00eda la adulta mayor qued\u00f3 el libertad a la espera de citaci\u00f3n por parte del Ministerio P\u00fablico para la investigaci\u00f3n del caso.<br \/>\n<strong>Pablo Salinas Sald\u00edas<\/strong><\/p>\n","protected":false},"excerpt":{"rendered":"<p>En poblaci\u00f3n Santa Teresa de la comuna de Llay Llay Il\u00edcito qued\u00f3 al descubierto mientras Carabineros buscaba individuos que hab\u00edan sido denunciados por vecinos cuando merodeaban las viviendas de esa localidad. Sin&#8230;<\/p>\n","protected":false},"author":1,"featured_media":67614,"comment_status":"open","ping_status":"open","sticky":false,"template":"","format":"standard","meta":{"advanced_seo_description":"","jetpack_seo_html_title":"","jetpack_seo_noindex":false,"_jetpack_memberships_contains_paid_content":false,"footnotes":""},"categories":[21],"tags":[],"class_list":["post-67613","post","type-post","status-publish","format-standard","has-post-thumbnail","hentry","category-policial"],"jetpack_featured_media_url":"https:\/\/i0.wp.com\/eltrabajo.cl\/portal\/wp-content\/uploads\/2016\/03\/plantas-1.jpg?fit=530%2C348&ssl=1","jetpack_sharing_enabled":true,"jetpack_likes_enabled":true,"jetpack-related-posts":[],"_links":{"self":[{"href":"https:\/\/eltrabajo.cl\/portal\/wp-json\/wp\/v2\/posts\/67613","targetHints":{"allow":["GET"]}}],"collection":[{"href":"https:\/\/eltrabajo.cl\/portal\/wp-json\/wp\/v2\/posts"}],"about":[{"href":"https:\/\/eltrabajo.cl\/portal\/wp-json\/wp\/v2\/types\/post"}],"author":[{"embeddable":true,"href":"https:\/\/eltrabajo.cl\/portal\/wp-json\/wp\/v2\/users\/1"}],"replies":[{"embeddable":true,"href":"https:\/\/eltrabajo.cl\/portal\/wp-json\/wp\/v2\/comments?post=67613"}],"version-history":[{"count":0,"href":"https:\/\/eltrabajo.cl\/portal\/wp-json\/wp\/v2\/posts\/67613\/revisions"}],"wp:featuredmedia":[{"embeddable":true,"href":"https:\/\/eltrabajo.cl\/portal\/wp-json\/wp\/v2\/media\/67614"}],"wp:attachment":[{"href":"https:\/\/eltrabajo.cl\/portal\/wp-json\/wp\/v2\/media?parent=67613"}],"wp:term":[{"taxonomy":"category","embeddable":true,"href":"https:\/\/eltrabajo.cl\/portal\/wp-json\/wp\/v2\/categories?post=67613"},{"taxonomy":"post_tag","embeddable":true,"href":"https:\/\/eltrabajo.cl\/portal\/wp-json\/wp\/v2\/tags?post=67613"}],"curies":[{"name":"wp","href":"https:\/\/api.w.org\/{rel}","templated":true}]}}