{"id":67627,"date":"2016-03-10T09:17:37","date_gmt":"2016-03-10T12:17:37","guid":{"rendered":"http:\/\/www.eltrabajo.cl\/portal\/?p=67627"},"modified":"2016-03-10T09:17:37","modified_gmt":"2016-03-10T12:17:37","slug":"incendio-habria-arrasado-con-buena-parte-de-los-milenarios-cipreses","status":"publish","type":"post","link":"https:\/\/eltrabajo.cl\/portal\/incendio-habria-arrasado-con-buena-parte-de-los-milenarios-cipreses\/","title":{"rendered":"Incendio habr\u00eda arrasado con buena parte de los milenarios cipreses"},"content":{"rendered":"<p><strong>Mega siniestro consumi\u00f3 m\u00e1s de 500 hect\u00e1reas de la serran\u00eda<\/strong><br \/>\n<strong>Da\u00f1o no ha podido ser cuantificado oficialmente, sin embargo lugare\u00f1os reconocieron que las llamas afectaron el sector donde se encuentra el reservorio. Alerta Roja moviliz\u00f3 a distintos equipos de emergencia compuestos por brigadistas y helic\u00f3pteros de Conaf; Bomberos, Carabineros y Gobernaci\u00f3n de San Felipe. Se estima que el control total de \u00e9ste tardar\u00e1 un par de d\u00edas.<\/strong><\/p>\n<p>Un verdadero desastre ecol\u00f3gico se habr\u00eda desatado ayer con el mega incendio que destruy\u00f3 m\u00e1s de 500 hect\u00e1reas de la serran\u00eda de El Asiento, donde est\u00e1 ubicado el reservorio de cipreses, afectando principalmente al Cerro El Tabaco, en el que se re\u00fane gran parte de las especies nativas.<br \/>\nSe trata de m\u00e1s de 450 ejemplares de m\u00e1s de 1.800 a\u00f1os de vida, los que se declararon patrimonio de la naturaleza el a\u00f1o 2006 y que ayer fueron afectados en gran parte por el fuego, desconoci\u00e9ndose hasta el momento cu\u00e1ntos de ellos resultaron destruidos.<br \/>\nEl siniestro provoc\u00f3 una extensa nube de humo que se hizo visible desde distintos sectores del Valle de Aconcagua y oblig\u00f3 la presencia de cuatro brigadas de Conaf con cerca de 40 funcionarios y cuatro helic\u00f3pteros, que contaron con la colaboraci\u00f3n de la 4\u00aa y 7\u00aa compa\u00f1\u00edas de Bomberos de San Felipe, las cuales acudieron al lugar para hacer frente a las llamas y que trabajaron en conjunto con los profesionales de Conaf hasta que la luz natural as\u00ed lo permiti\u00f3.<br \/>\nSeg\u00fan el Comandante del Cuerpo de Bomberos de San Felipe, Juan Carlos Herrera, en una primera instancia los trabajos se enfocaron en combatir el fuego en el faldeo del cerro, para posteriormente evitar que \u00e9ste se acercara a las viviendas del sector.<br \/>\nHerrera describi\u00f3 cu\u00e1les fueron las caracter\u00edsticas del evento y cu\u00e1nto podr\u00eda demorarse en ser controlado por completo, relatando que \u00abeste es un incendi\u00f3 que tendr\u00e1 para unos tres o cuatro d\u00edas, es de una gran magnitud, en donde los entendidos de Conaf estiman que se han quemado cerca de 400 hect\u00e1reas. Al principio el incendio subi\u00f3 hasta la punta de los cerros, pero posteriormente comenz\u00f3 a bajar, as\u00ed que nos mantendremos alerta para evitar que el fuego se propague hacia el sector de las viviendas\u00bb, narr\u00f3.<br \/>\nJunto con evitar que el siniestro se expandiera a las casas, otra de las grandes preocupaciones de los funcionarios de Conaf estaba enfocada a que las llamas no quemaran la reserva de Cipreses que existe en el lugar, situaci\u00f3n que debido a la magnitud del siniestro no se logr\u00f3 plenamente.<br \/>\nDenisse N\u00fa\u00f1ez, Jefa Bi-Provincial de Conaf San Felipe- Los Andes, se refiri\u00f3 a la situaci\u00f3n de los Cipreses, reconociendo que hubo un gran sector afectado: \u00abHicimos un sobrevuelo a la zona y desde el aire se ve bastante afectada la serran\u00eda, pero la evaluaci\u00f3n de cu\u00e1nto da\u00f1o hubo a este reservorio se puede hacer una vez que el incendio ya haya calmado sus puntos calientes y que el humo baje para poder tener una mejor visi\u00f3n de la zona, pero esa evaluaci\u00f3n se hace una vez que el incendio est\u00e9 controlado\u2026 no hay una cuantificaci\u00f3n en hect\u00e1reas de la reserva en s\u00ed, hay evidencias de que muchas veces los \u00e1rboles se queman superficialmente pero despu\u00e9s se pueden volver a recuperar, esperamos que esta sea la ocasi\u00f3n\u00bb, apunt\u00f3.<br \/>\nRespecto de la estimaci\u00f3n que se hace del control total del incendio, hizo un llamado a la poblaci\u00f3n a que permanezca tranquila y no se acerque al lugar de las llamas, afirmando que \u00ablas pavesas (parte muy peque\u00f1a y ligera de materia que se desprende de un cuerpo que arde y que acaba convirti\u00e9ndose en ceniza) o el humo pueden provocar alg\u00fan riesgo, pero que la poblaci\u00f3n est\u00e9 tranquila porque vamos a continuar trabajando hasta que se pueda controlar el incendio\u00bb, decret\u00f3.<br \/>\nEn tanto, Jorge Razeto, Director del CIEM Aconcagua, lament\u00f3 profundamente este siniestro, ya que \u00abhemos sido unos permanentes colaboradores para la declaraci\u00f3n de santuario de la naturaleza de la serran\u00eda de los cipreses. La vegetaci\u00f3n se quem\u00f3 casi en su totalidad, vimos muchos \u00e1rboles que no est\u00e1n quemados, lo que nos dej\u00f3 muy tranquilos. Sin embargo, lo importante en este caso es la p\u00e9rdida de una enorme cantidad de biodiversidad\u00bb, finaliz\u00f3.<\/p>\n<p><strong>TODOS QUEMADOS<\/strong><br \/>\nNo obstante lo anterior, un lugare\u00f1o del sector, Carlos Far\u00edas, arriero y propietario de 28 animales que alquila para cabalgatas, perdi\u00f3 todo su ganado, encontrando a nueve de ellos calcinados, subiendo en busca del resto con la esperanza de encontarlos vivos. Fue esta persona quien reconoci\u00f3 que se quemaron los cipreses, asegurando que lleg\u00f3 hasta la parte alta donde se ven todos los cipreses, los cuales estaban todos quemados, asegur\u00f3.<br \/>\nPor su parte el Gobernador de la Provincia de San Felipe, Eduardo Le\u00f3n, afirm\u00f3 que los helic\u00f3pteros de Conaf se mantendr\u00edan trabajando hasta que la luz del sol as\u00ed lo permitiera, mientras que el alcalde de San Felipe Patricio Freire, confirm\u00f3 que las clases en la Escuela del Sector de El Asiento, se suspender\u00edan, pues el establecimiento funcionar\u00e1 como albergue de los funcionarios de Conaf, que pernoctar\u00e1n en el lugar hasta que el incendio sea extinguido.<br \/>\nEn relaci\u00f3n a las causas que habr\u00edan generado el siniestro, los especialistas de Bomberos y Conaf manifestaron que por el momento no es posible clarificar si \u00e9ste deton\u00f3 de forma natural o por la intervenci\u00f3n de terceros, informaci\u00f3n que ratific\u00f3 el Fiscal Eduardo Fajardo de la Cuba, jefe del Ministerio P\u00fablico de San Felipe, quien detall\u00f3 que \u00abestamos realizando las primeras indagaciones tendientes a establecer si se trata de un incendio accidental o intencional y los da\u00f1os que se pudieron haber provocado. Una vez que personal de Conaf culmine con el control del incendio, podr\u00e1 elaborar un informe del personal especializado para determinar las causas definitivas\u00bb, concluy\u00f3.<br \/>\nAl cierre de esta edici\u00f3n, s\u00f3lo se inform\u00f3 de un brigadista de Conaf accidentado. Se trata de Sebasti\u00e1n Morales, quien sufriera una fractura en su rodilla derecha y que fue trasladado de forma inmediata a la cl\u00ednica Achs de San Felipe. Mientras que, desde la Gobernaci\u00f3n Provincial de San Felipe, se confirm\u00f3 que las labores de brigadistas y los diversos equipos de emergencia dispuestos para combatir el incendio en el sector de El Asiento, continuar\u00e1n hoy desde las 8 de la ma\u00f1ana.<\/p>\n<div class=\"tiled-gallery type-rectangular tiled-gallery-unresized\" data-original-width=\"640\" data-carousel-extra='null' itemscope itemtype=\"http:\/\/schema.org\/ImageGallery\" > <div class=\"gallery-row\" style=\"width: 640px; height: 425px;\" data-original-width=\"640\" data-original-height=\"425\" > <div class=\"gallery-group images-2\" style=\"width: 320px; height: 425px;\" data-original-width=\"320\" data-original-height=\"425\" > <div class=\"tiled-gallery-item tiled-gallery-item-large\" itemprop=\"associatedMedia\" itemscope itemtype=\"http:\/\/schema.org\/ImageObject\"> <a href=\"https:\/\/eltrabajo.cl\/portal\/incendio-habria-arrasado-con-buena-parte-de-los-milenarios-cipreses\/incendio-2-max\/\" border=\"0\" itemprop=\"url\"> <meta itemprop=\"width\" content=\"316\"> <meta itemprop=\"height\" content=\"208\"> <img decoding=\"async\" class=\"\" data-attachment-id=\"67628\" data-orig-file=\"https:\/\/eltrabajo.cl\/portal\/wp-content\/uploads\/2016\/03\/incendio-2-max.jpg\" data-orig-size=\"530,349\" data-comments-opened=\"1\" data-image-meta=\"{&quot;aperture&quot;:&quot;0&quot;,&quot;credit&quot;:&quot;&quot;,&quot;camera&quot;:&quot;&quot;,&quot;caption&quot;:&quot;&quot;,&quot;created_timestamp&quot;:&quot;0&quot;,&quot;copyright&quot;:&quot;&quot;,&quot;focal_length&quot;:&quot;0&quot;,&quot;iso&quot;:&quot;0&quot;,&quot;shutter_speed&quot;:&quot;0&quot;,&quot;title&quot;:&quot;&quot;,&quot;orientation&quot;:&quot;0&quot;}\" data-image-title=\"Helic\u00f3pteros de Conaf, no exentos de dificultades, debieron trabajar hasta cerca de las 20 horas para evitar una propagaci\u00f3n mayor de las llamas.\" data-image-description=\"&lt;p&gt;Helic\u00f3pteros de Conaf, no exentos de dificultades, debieron trabajar hasta cerca de las 20 horas para evitar una propagaci\u00f3n mayor de las llamas.&lt;\/p&gt; \" data-medium-file=\"https:\/\/i0.wp.com\/eltrabajo.cl\/portal\/wp-content\/uploads\/2016\/03\/incendio-2-max.jpg?fit=300%2C198&#038;ssl=1\" data-large-file=\"https:\/\/i0.wp.com\/eltrabajo.cl\/portal\/wp-content\/uploads\/2016\/03\/incendio-2-max.jpg?fit=530%2C349&#038;ssl=1\" src=\"https:\/\/i0.wp.com\/eltrabajo.cl\/portal\/wp-content\/uploads\/2016\/03\/incendio-2-max.jpg?w=316&#038;h=208&#038;ssl=1\" srcset=\"https:\/\/i0.wp.com\/eltrabajo.cl\/portal\/wp-content\/uploads\/2016\/03\/incendio-2-max.jpg?w=530&amp;ssl=1 530w, https:\/\/i0.wp.com\/eltrabajo.cl\/portal\/wp-content\/uploads\/2016\/03\/incendio-2-max.jpg?resize=200%2C132&amp;ssl=1 200w, https:\/\/i0.wp.com\/eltrabajo.cl\/portal\/wp-content\/uploads\/2016\/03\/incendio-2-max.jpg?resize=300%2C198&amp;ssl=1 300w, https:\/\/i0.wp.com\/eltrabajo.cl\/portal\/wp-content\/uploads\/2016\/03\/incendio-2-max.jpg?resize=228%2C150&amp;ssl=1 228w, https:\/\/i0.wp.com\/eltrabajo.cl\/portal\/wp-content\/uploads\/2016\/03\/incendio-2-max.jpg?resize=400%2C263&amp;ssl=1 400w\" width=\"316\" height=\"208\" loading=\"lazy\" data-original-width=\"316\" data-original-height=\"208\" itemprop=\"http:\/\/schema.org\/image\" title=\"Helic\u00f3pteros de Conaf, no exentos de dificultades, debieron trabajar hasta cerca de las 20 horas para evitar una propagaci\u00f3n mayor de las llamas.\" alt=\"Helic\u00f3pteros de Conaf, no exentos de dificultades, debieron trabajar hasta cerca de las 20 horas para evitar una propagaci\u00f3n mayor de las llamas.\" style=\"width: 316px; height: 208px;\" \/> <\/a> <div class=\"tiled-gallery-caption\" itemprop=\"caption description\"> Helic\u00f3pteros de Conaf, no exentos de dificultades, debieron trabajar hasta cerca de las 20 horas para evitar una propagaci\u00f3n mayor de las llamas. <\/div> <\/div> <div class=\"tiled-gallery-item tiled-gallery-item-large\" itemprop=\"associatedMedia\" itemscope itemtype=\"http:\/\/schema.org\/ImageObject\"> <a href=\"https:\/\/eltrabajo.cl\/portal\/incendio-habria-arrasado-con-buena-parte-de-los-milenarios-cipreses\/incendio-3-max\/\" border=\"0\" itemprop=\"url\"> <meta itemprop=\"width\" content=\"316\"> <meta itemprop=\"height\" content=\"209\"> <img decoding=\"async\" class=\"\" data-attachment-id=\"67629\" data-orig-file=\"https:\/\/eltrabajo.cl\/portal\/wp-content\/uploads\/2016\/03\/incendio-3-max.jpg\" data-orig-size=\"530,350\" data-comments-opened=\"1\" data-image-meta=\"{&quot;aperture&quot;:&quot;0&quot;,&quot;credit&quot;:&quot;&quot;,&quot;camera&quot;:&quot;&quot;,&quot;caption&quot;:&quot;&quot;,&quot;created_timestamp&quot;:&quot;0&quot;,&quot;copyright&quot;:&quot;&quot;,&quot;focal_length&quot;:&quot;0&quot;,&quot;iso&quot;:&quot;0&quot;,&quot;shutter_speed&quot;:&quot;0&quot;,&quot;title&quot;:&quot;&quot;,&quot;orientation&quot;:&quot;0&quot;}\" data-image-title=\"Este es otro de los puntos donde se aprecia claramente la voracidad del siniestro.\" data-image-description=\"&lt;p&gt;Este es otro de los puntos donde se aprecia claramente la voracidad del siniestro.&lt;\/p&gt; \" data-medium-file=\"https:\/\/i0.wp.com\/eltrabajo.cl\/portal\/wp-content\/uploads\/2016\/03\/incendio-3-max.jpg?fit=300%2C198&#038;ssl=1\" data-large-file=\"https:\/\/i0.wp.com\/eltrabajo.cl\/portal\/wp-content\/uploads\/2016\/03\/incendio-3-max.jpg?fit=530%2C350&#038;ssl=1\" src=\"https:\/\/i0.wp.com\/eltrabajo.cl\/portal\/wp-content\/uploads\/2016\/03\/incendio-3-max.jpg?w=316&#038;h=209&#038;ssl=1\" srcset=\"https:\/\/i0.wp.com\/eltrabajo.cl\/portal\/wp-content\/uploads\/2016\/03\/incendio-3-max.jpg?w=530&amp;ssl=1 530w, https:\/\/i0.wp.com\/eltrabajo.cl\/portal\/wp-content\/uploads\/2016\/03\/incendio-3-max.jpg?resize=200%2C132&amp;ssl=1 200w, https:\/\/i0.wp.com\/eltrabajo.cl\/portal\/wp-content\/uploads\/2016\/03\/incendio-3-max.jpg?resize=300%2C198&amp;ssl=1 300w, https:\/\/i0.wp.com\/eltrabajo.cl\/portal\/wp-content\/uploads\/2016\/03\/incendio-3-max.jpg?resize=227%2C150&amp;ssl=1 227w, https:\/\/i0.wp.com\/eltrabajo.cl\/portal\/wp-content\/uploads\/2016\/03\/incendio-3-max.jpg?resize=400%2C264&amp;ssl=1 400w\" width=\"316\" height=\"209\" loading=\"lazy\" data-original-width=\"316\" data-original-height=\"209\" itemprop=\"http:\/\/schema.org\/image\" title=\"Este es otro de los puntos donde se aprecia claramente la voracidad del siniestro.\" alt=\"Este es otro de los puntos donde se aprecia claramente la voracidad del siniestro.\" style=\"width: 316px; height: 209px;\" \/> <\/a> <div class=\"tiled-gallery-caption\" itemprop=\"caption description\"> Este es otro de los puntos donde se aprecia claramente la voracidad del siniestro. <\/div> <\/div> <\/div> <!-- close group --> <div class=\"gallery-group images-1\" style=\"width: 320px; height: 425px;\" data-original-width=\"320\" data-original-height=\"425\" > <div class=\"tiled-gallery-item tiled-gallery-item-large\" itemprop=\"associatedMedia\" itemscope itemtype=\"http:\/\/schema.org\/ImageObject\"> <a href=\"https:\/\/eltrabajo.cl\/portal\/incendio-habria-arrasado-con-buena-parte-de-los-milenarios-cipreses\/incendio-pato-godoy\/\" border=\"0\" itemprop=\"url\"> <meta itemprop=\"width\" content=\"316\"> <meta itemprop=\"height\" content=\"421\"> <img decoding=\"async\" class=\"\" data-attachment-id=\"67630\" data-orig-file=\"https:\/\/eltrabajo.cl\/portal\/wp-content\/uploads\/2016\/03\/incendio-pato-godoy.jpg\" data-orig-size=\"529,706\" data-comments-opened=\"1\" data-image-meta=\"{&quot;aperture&quot;:&quot;0&quot;,&quot;credit&quot;:&quot;&quot;,&quot;camera&quot;:&quot;&quot;,&quot;caption&quot;:&quot;&quot;,&quot;created_timestamp&quot;:&quot;0&quot;,&quot;copyright&quot;:&quot;&quot;,&quot;focal_length&quot;:&quot;0&quot;,&quot;iso&quot;:&quot;0&quot;,&quot;shutter_speed&quot;:&quot;0&quot;,&quot;title&quot;:&quot;&quot;,&quot;orientation&quot;:&quot;0&quot;}\" data-image-title=\"La imagen captada por Patricio Godoy da cuenta de la magnitud del siniestro que cubri\u00f3 el cielo de Aconcagua.\" data-image-description=\"&lt;p&gt;La imagen captada por Patricio Godoy da cuenta de la magnitud del siniestro que cubri\u00f3 el cielo de Aconcagua.&lt;\/p&gt; \" data-medium-file=\"https:\/\/i0.wp.com\/eltrabajo.cl\/portal\/wp-content\/uploads\/2016\/03\/incendio-pato-godoy.jpg?fit=225%2C300&#038;ssl=1\" data-large-file=\"https:\/\/i0.wp.com\/eltrabajo.cl\/portal\/wp-content\/uploads\/2016\/03\/incendio-pato-godoy.jpg?fit=529%2C706&#038;ssl=1\" src=\"https:\/\/i0.wp.com\/eltrabajo.cl\/portal\/wp-content\/uploads\/2016\/03\/incendio-pato-godoy.jpg?w=316&#038;h=421&#038;ssl=1\" srcset=\"https:\/\/i0.wp.com\/eltrabajo.cl\/portal\/wp-content\/uploads\/2016\/03\/incendio-pato-godoy.jpg?w=529&amp;ssl=1 529w, https:\/\/i0.wp.com\/eltrabajo.cl\/portal\/wp-content\/uploads\/2016\/03\/incendio-pato-godoy.jpg?resize=112%2C150&amp;ssl=1 112w, https:\/\/i0.wp.com\/eltrabajo.cl\/portal\/wp-content\/uploads\/2016\/03\/incendio-pato-godoy.jpg?resize=225%2C300&amp;ssl=1 225w, https:\/\/i0.wp.com\/eltrabajo.cl\/portal\/wp-content\/uploads\/2016\/03\/incendio-pato-godoy.jpg?resize=400%2C534&amp;ssl=1 400w\" width=\"316\" height=\"421\" loading=\"lazy\" data-original-width=\"316\" data-original-height=\"421\" itemprop=\"http:\/\/schema.org\/image\" title=\"La imagen captada por Patricio Godoy da cuenta de la magnitud del siniestro que cubri\u00f3 el cielo de Aconcagua.\" alt=\"La imagen captada por Patricio Godoy da cuenta de la magnitud del siniestro que cubri\u00f3 el cielo de Aconcagua.\" style=\"width: 316px; height: 421px;\" \/> <\/a> <div class=\"tiled-gallery-caption\" itemprop=\"caption description\"> La imagen captada por Patricio Godoy da cuenta de la magnitud del siniestro que cubri\u00f3 el cielo de Aconcagua. <\/div> <\/div> <\/div> <!-- close group --> <\/div> <!-- close row --> <div class=\"gallery-row\" style=\"width: 640px; height: 283px;\" data-original-width=\"640\" data-original-height=\"283\" > <div class=\"gallery-group images-1\" style=\"width: 427px; height: 283px;\" data-original-width=\"427\" data-original-height=\"283\" > <div class=\"tiled-gallery-item tiled-gallery-item-large\" itemprop=\"associatedMedia\" itemscope itemtype=\"http:\/\/schema.org\/ImageObject\"> <a href=\"https:\/\/eltrabajo.cl\/portal\/incendio-habria-arrasado-con-buena-parte-de-los-milenarios-cipreses\/incendio-12\/\" border=\"0\" itemprop=\"url\"> <meta itemprop=\"width\" content=\"423\"> <meta itemprop=\"height\" content=\"279\"> <img decoding=\"async\" class=\"\" data-attachment-id=\"67631\" data-orig-file=\"https:\/\/eltrabajo.cl\/portal\/wp-content\/uploads\/2016\/03\/incendio.jpg\" data-orig-size=\"530,350\" data-comments-opened=\"1\" data-image-meta=\"{&quot;aperture&quot;:&quot;0&quot;,&quot;credit&quot;:&quot;&quot;,&quot;camera&quot;:&quot;&quot;,&quot;caption&quot;:&quot;&quot;,&quot;created_timestamp&quot;:&quot;0&quot;,&quot;copyright&quot;:&quot;&quot;,&quot;focal_length&quot;:&quot;0&quot;,&quot;iso&quot;:&quot;0&quot;,&quot;shutter_speed&quot;:&quot;0&quot;,&quot;title&quot;:&quot;&quot;,&quot;orientation&quot;:&quot;0&quot;}\" data-image-title=\"La inmensa columna de humo era visible desde todfo el valle de Aconcagua, volviendo rojo al Sol. (Foto Patricio Godoy)\" data-image-description=\"&lt;p&gt;La inmensa columna de humo era visible desde todfo el valle de Aconcagua, volviendo rojo al Sol. (Foto Patricio Godoy)&lt;\/p&gt; \" data-medium-file=\"https:\/\/i0.wp.com\/eltrabajo.cl\/portal\/wp-content\/uploads\/2016\/03\/incendio.jpg?fit=300%2C198&#038;ssl=1\" data-large-file=\"https:\/\/i0.wp.com\/eltrabajo.cl\/portal\/wp-content\/uploads\/2016\/03\/incendio.jpg?fit=530%2C350&#038;ssl=1\" src=\"https:\/\/i0.wp.com\/eltrabajo.cl\/portal\/wp-content\/uploads\/2016\/03\/incendio.jpg?w=423&#038;h=279&#038;ssl=1\" srcset=\"https:\/\/i0.wp.com\/eltrabajo.cl\/portal\/wp-content\/uploads\/2016\/03\/incendio.jpg?w=530&amp;ssl=1 530w, https:\/\/i0.wp.com\/eltrabajo.cl\/portal\/wp-content\/uploads\/2016\/03\/incendio.jpg?resize=200%2C132&amp;ssl=1 200w, https:\/\/i0.wp.com\/eltrabajo.cl\/portal\/wp-content\/uploads\/2016\/03\/incendio.jpg?resize=300%2C198&amp;ssl=1 300w, https:\/\/i0.wp.com\/eltrabajo.cl\/portal\/wp-content\/uploads\/2016\/03\/incendio.jpg?resize=227%2C150&amp;ssl=1 227w, https:\/\/i0.wp.com\/eltrabajo.cl\/portal\/wp-content\/uploads\/2016\/03\/incendio.jpg?resize=400%2C264&amp;ssl=1 400w\" width=\"423\" height=\"279\" loading=\"lazy\" data-original-width=\"423\" data-original-height=\"279\" itemprop=\"http:\/\/schema.org\/image\" title=\"La inmensa columna de humo era visible desde todfo el valle de Aconcagua, volviendo rojo al Sol. (Foto Patricio Godoy)\" alt=\"La inmensa columna de humo era visible desde todfo el valle de Aconcagua, volviendo rojo al Sol. (Foto Patricio Godoy)\" style=\"width: 423px; height: 279px;\" \/> <\/a> <div class=\"tiled-gallery-caption\" itemprop=\"caption description\"> La inmensa columna de humo era visible desde todfo el valle de Aconcagua, volviendo rojo al Sol. (Foto Patricio Godoy) <\/div> <\/div> <\/div> <!-- close group --> <div class=\"gallery-group images-2\" style=\"width: 213px; height: 283px;\" data-original-width=\"213\" data-original-height=\"283\" > <div class=\"tiled-gallery-item tiled-gallery-item-small\" itemprop=\"associatedMedia\" itemscope itemtype=\"http:\/\/schema.org\/ImageObject\"> <a href=\"https:\/\/eltrabajo.cl\/portal\/incendio-habria-arrasado-con-buena-parte-de-los-milenarios-cipreses\/km-helicoptero\/\" border=\"0\" itemprop=\"url\"> <meta itemprop=\"width\" content=\"209\"> <meta itemprop=\"height\" content=\"138\"> <img decoding=\"async\" class=\"\" data-attachment-id=\"67632\" data-orig-file=\"https:\/\/eltrabajo.cl\/portal\/wp-content\/uploads\/2016\/03\/km-helicoptero.jpg\" data-orig-size=\"530,350\" data-comments-opened=\"1\" data-image-meta=\"{&quot;aperture&quot;:&quot;0&quot;,&quot;credit&quot;:&quot;&quot;,&quot;camera&quot;:&quot;&quot;,&quot;caption&quot;:&quot;&quot;,&quot;created_timestamp&quot;:&quot;0&quot;,&quot;copyright&quot;:&quot;&quot;,&quot;focal_length&quot;:&quot;0&quot;,&quot;iso&quot;:&quot;0&quot;,&quot;shutter_speed&quot;:&quot;0&quot;,&quot;title&quot;:&quot;&quot;,&quot;orientation&quot;:&quot;0&quot;}\" data-image-title=\"Helic\u00f3pteros de Conaf, no exentos de dificultades, debieron trabajar hasta cerca de las 20 horas para evitar una propagaci\u00f3n mayor de las llamas.\" data-image-description=\"&lt;p&gt;Helic\u00f3pteros de Conaf, no exentos de dificultades, debieron trabajar hasta cerca de las 20 horas para evitar una propagaci\u00f3n mayor de las llamas.&lt;\/p&gt; \" data-medium-file=\"https:\/\/i0.wp.com\/eltrabajo.cl\/portal\/wp-content\/uploads\/2016\/03\/km-helicoptero.jpg?fit=300%2C198&#038;ssl=1\" data-large-file=\"https:\/\/i0.wp.com\/eltrabajo.cl\/portal\/wp-content\/uploads\/2016\/03\/km-helicoptero.jpg?fit=530%2C350&#038;ssl=1\" src=\"https:\/\/i0.wp.com\/eltrabajo.cl\/portal\/wp-content\/uploads\/2016\/03\/km-helicoptero.jpg?w=209&#038;h=138&#038;ssl=1\" srcset=\"https:\/\/i0.wp.com\/eltrabajo.cl\/portal\/wp-content\/uploads\/2016\/03\/km-helicoptero.jpg?w=530&amp;ssl=1 530w, https:\/\/i0.wp.com\/eltrabajo.cl\/portal\/wp-content\/uploads\/2016\/03\/km-helicoptero.jpg?resize=200%2C132&amp;ssl=1 200w, https:\/\/i0.wp.com\/eltrabajo.cl\/portal\/wp-content\/uploads\/2016\/03\/km-helicoptero.jpg?resize=300%2C198&amp;ssl=1 300w, https:\/\/i0.wp.com\/eltrabajo.cl\/portal\/wp-content\/uploads\/2016\/03\/km-helicoptero.jpg?resize=227%2C150&amp;ssl=1 227w, https:\/\/i0.wp.com\/eltrabajo.cl\/portal\/wp-content\/uploads\/2016\/03\/km-helicoptero.jpg?resize=400%2C264&amp;ssl=1 400w\" width=\"209\" height=\"138\" loading=\"lazy\" data-original-width=\"209\" data-original-height=\"138\" itemprop=\"http:\/\/schema.org\/image\" title=\"Helic\u00f3pteros de Conaf, no exentos de dificultades, debieron trabajar hasta cerca de las 20 horas para evitar una propagaci\u00f3n mayor de las llamas.\" alt=\"Helic\u00f3pteros de Conaf, no exentos de dificultades, debieron trabajar hasta cerca de las 20 horas para evitar una propagaci\u00f3n mayor de las llamas.\" style=\"width: 209px; height: 138px;\" \/> <\/a> <div class=\"tiled-gallery-caption\" itemprop=\"caption description\"> Helic\u00f3pteros de Conaf, no exentos de dificultades, debieron trabajar hasta cerca de las 20 horas para evitar una propagaci\u00f3n mayor de las llamas. <\/div> <\/div> <div class=\"tiled-gallery-item tiled-gallery-item-small\" itemprop=\"associatedMedia\" itemscope itemtype=\"http:\/\/schema.org\/ImageObject\"> <a href=\"https:\/\/eltrabajo.cl\/portal\/incendio-habria-arrasado-con-buena-parte-de-los-milenarios-cipreses\/km-herido-sebastian-morales\/\" border=\"0\" itemprop=\"url\"> <meta itemprop=\"width\" content=\"209\"> <meta itemprop=\"height\" content=\"137\"> <img decoding=\"async\" class=\"\" data-attachment-id=\"67633\" data-orig-file=\"https:\/\/eltrabajo.cl\/portal\/wp-content\/uploads\/2016\/03\/km-herido-sebastian-morales.jpg\" data-orig-size=\"530,349\" data-comments-opened=\"1\" data-image-meta=\"{&quot;aperture&quot;:&quot;0&quot;,&quot;credit&quot;:&quot;&quot;,&quot;camera&quot;:&quot;&quot;,&quot;caption&quot;:&quot;&quot;,&quot;created_timestamp&quot;:&quot;0&quot;,&quot;copyright&quot;:&quot;&quot;,&quot;focal_length&quot;:&quot;0&quot;,&quot;iso&quot;:&quot;0&quot;,&quot;shutter_speed&quot;:&quot;0&quot;,&quot;title&quot;:&quot;&quot;,&quot;orientation&quot;:&quot;0&quot;}\" data-image-title=\"Sebasti\u00e1n Morales, brigadista de Conaf, sufri\u00f3 una fractura en su rodilla derecha.\" data-image-description=\"&lt;p&gt;Sebasti\u00e1n Morales, brigadista de Conaf, sufri\u00f3 una fractura en su rodilla derecha.&lt;\/p&gt; \" data-medium-file=\"https:\/\/i0.wp.com\/eltrabajo.cl\/portal\/wp-content\/uploads\/2016\/03\/km-herido-sebastian-morales.jpg?fit=300%2C198&#038;ssl=1\" data-large-file=\"https:\/\/i0.wp.com\/eltrabajo.cl\/portal\/wp-content\/uploads\/2016\/03\/km-herido-sebastian-morales.jpg?fit=530%2C349&#038;ssl=1\" src=\"https:\/\/i0.wp.com\/eltrabajo.cl\/portal\/wp-content\/uploads\/2016\/03\/km-herido-sebastian-morales.jpg?w=209&#038;h=137&#038;ssl=1\" srcset=\"https:\/\/i0.wp.com\/eltrabajo.cl\/portal\/wp-content\/uploads\/2016\/03\/km-herido-sebastian-morales.jpg?w=530&amp;ssl=1 530w, https:\/\/i0.wp.com\/eltrabajo.cl\/portal\/wp-content\/uploads\/2016\/03\/km-herido-sebastian-morales.jpg?resize=200%2C132&amp;ssl=1 200w, https:\/\/i0.wp.com\/eltrabajo.cl\/portal\/wp-content\/uploads\/2016\/03\/km-herido-sebastian-morales.jpg?resize=300%2C198&amp;ssl=1 300w, https:\/\/i0.wp.com\/eltrabajo.cl\/portal\/wp-content\/uploads\/2016\/03\/km-herido-sebastian-morales.jpg?resize=228%2C150&amp;ssl=1 228w, https:\/\/i0.wp.com\/eltrabajo.cl\/portal\/wp-content\/uploads\/2016\/03\/km-herido-sebastian-morales.jpg?resize=400%2C263&amp;ssl=1 400w\" width=\"209\" height=\"137\" loading=\"lazy\" data-original-width=\"209\" data-original-height=\"137\" itemprop=\"http:\/\/schema.org\/image\" title=\"Sebasti\u00e1n Morales, brigadista de Conaf, sufri\u00f3 una fractura en su rodilla derecha.\" alt=\"Sebasti\u00e1n Morales, brigadista de Conaf, sufri\u00f3 una fractura en su rodilla derecha.\" style=\"width: 209px; height: 137px;\" \/> <\/a> <div class=\"tiled-gallery-caption\" itemprop=\"caption description\"> Sebasti\u00e1n Morales, brigadista de Conaf, sufri\u00f3 una fractura en su rodilla derecha. <\/div> <\/div> <\/div> <!-- close group --> <\/div> <!-- close row --> <div class=\"gallery-row\" style=\"width: 640px; height: 212px;\" data-original-width=\"640\" data-original-height=\"212\" > <div class=\"gallery-group images-1\" style=\"width: 320px; height: 212px;\" data-original-width=\"320\" data-original-height=\"212\" > <div class=\"tiled-gallery-item tiled-gallery-item-large\" itemprop=\"associatedMedia\" itemscope itemtype=\"http:\/\/schema.org\/ImageObject\"> <a href=\"https:\/\/eltrabajo.cl\/portal\/incendio-habria-arrasado-con-buena-parte-de-los-milenarios-cipreses\/km-lugareno-perdio-animales\/\" border=\"0\" itemprop=\"url\"> <meta itemprop=\"width\" content=\"316\"> <meta itemprop=\"height\" content=\"208\"> <img decoding=\"async\" class=\"\" data-attachment-id=\"67634\" data-orig-file=\"https:\/\/eltrabajo.cl\/portal\/wp-content\/uploads\/2016\/03\/km-lugare\u00f1o-perdio-animales.jpg\" data-orig-size=\"530,349\" data-comments-opened=\"1\" data-image-meta=\"{&quot;aperture&quot;:&quot;0&quot;,&quot;credit&quot;:&quot;&quot;,&quot;camera&quot;:&quot;&quot;,&quot;caption&quot;:&quot;&quot;,&quot;created_timestamp&quot;:&quot;0&quot;,&quot;copyright&quot;:&quot;&quot;,&quot;focal_length&quot;:&quot;0&quot;,&quot;iso&quot;:&quot;0&quot;,&quot;shutter_speed&quot;:&quot;0&quot;,&quot;title&quot;:&quot;&quot;,&quot;orientation&quot;:&quot;0&quot;}\" data-image-title=\"El arriero Carlos Far\u00edas asegur\u00f3 que lleg\u00f3 hasta la parte donde pudo ver que todos los cipreses se hab\u00edan quemado.\" data-image-description=\"&lt;p&gt;El arriero Carlos Far\u00edas asegur\u00f3 que lleg\u00f3 hasta la parte donde pudo ver que todos los cipreses se hab\u00edan quemado.&lt;\/p&gt; \" data-medium-file=\"https:\/\/i0.wp.com\/eltrabajo.cl\/portal\/wp-content\/uploads\/2016\/03\/km-lugare%C3%B1o-perdio-animales.jpg?fit=300%2C198&#038;ssl=1\" data-large-file=\"https:\/\/i0.wp.com\/eltrabajo.cl\/portal\/wp-content\/uploads\/2016\/03\/km-lugare%C3%B1o-perdio-animales.jpg?fit=530%2C349&#038;ssl=1\" src=\"https:\/\/i0.wp.com\/eltrabajo.cl\/portal\/wp-content\/uploads\/2016\/03\/km-lugare%C3%B1o-perdio-animales.jpg?w=316&#038;h=208&#038;ssl=1\" width=\"316\" height=\"208\" loading=\"lazy\" data-original-width=\"316\" data-original-height=\"208\" itemprop=\"http:\/\/schema.org\/image\" title=\"El arriero Carlos Far\u00edas asegur\u00f3 que lleg\u00f3 hasta la parte donde pudo ver que todos los cipreses se hab\u00edan quemado.\" alt=\"El arriero Carlos Far\u00edas asegur\u00f3 que lleg\u00f3 hasta la parte donde pudo ver que todos los cipreses se hab\u00edan quemado.\" style=\"width: 316px; height: 208px;\" \/> <\/a> <div class=\"tiled-gallery-caption\" itemprop=\"caption description\"> El arriero Carlos Far\u00edas asegur\u00f3 que lleg\u00f3 hasta la parte donde pudo ver que todos los cipreses se hab\u00edan quemado. <\/div> <\/div> <\/div> <!-- close group --> <div class=\"gallery-group images-1\" style=\"width: 320px; height: 212px;\" data-original-width=\"320\" data-original-height=\"212\" > <div class=\"tiled-gallery-item tiled-gallery-item-large\" itemprop=\"associatedMedia\" itemscope itemtype=\"http:\/\/schema.org\/ImageObject\"> <a href=\"https:\/\/eltrabajo.cl\/portal\/incendio-habria-arrasado-con-buena-parte-de-los-milenarios-cipreses\/porta-5\/\" border=\"0\" itemprop=\"url\"> <meta itemprop=\"width\" content=\"316\"> <meta itemprop=\"height\" content=\"208\"> <img decoding=\"async\" class=\"\" data-attachment-id=\"67635\" data-orig-file=\"https:\/\/eltrabajo.cl\/portal\/wp-content\/uploads\/2016\/03\/porta.jpg\" data-orig-size=\"530,349\" data-comments-opened=\"1\" data-image-meta=\"{&quot;aperture&quot;:&quot;0&quot;,&quot;credit&quot;:&quot;&quot;,&quot;camera&quot;:&quot;&quot;,&quot;caption&quot;:&quot;&quot;,&quot;created_timestamp&quot;:&quot;0&quot;,&quot;copyright&quot;:&quot;&quot;,&quot;focal_length&quot;:&quot;0&quot;,&quot;iso&quot;:&quot;0&quot;,&quot;shutter_speed&quot;:&quot;0&quot;,&quot;title&quot;:&quot;&quot;,&quot;orientation&quot;:&quot;0&quot;}\" data-image-title=\"Helic\u00f3pteros de Conaf, no exentos de dificultades, debieron trabajar hasta cerca de las 20 horas para evitar una propagaci\u00f3n mayor de las llamas.\" data-image-description=\"&lt;p&gt;Helic\u00f3pteros de Conaf, no exentos de dificultades, debieron trabajar hasta cerca de las 20 horas para evitar una propagaci\u00f3n mayor de las llamas.&lt;\/p&gt; \" data-medium-file=\"https:\/\/i0.wp.com\/eltrabajo.cl\/portal\/wp-content\/uploads\/2016\/03\/porta.jpg?fit=300%2C198&#038;ssl=1\" data-large-file=\"https:\/\/i0.wp.com\/eltrabajo.cl\/portal\/wp-content\/uploads\/2016\/03\/porta.jpg?fit=530%2C349&#038;ssl=1\" src=\"https:\/\/i0.wp.com\/eltrabajo.cl\/portal\/wp-content\/uploads\/2016\/03\/porta.jpg?w=316&#038;h=208&#038;ssl=1\" srcset=\"https:\/\/i0.wp.com\/eltrabajo.cl\/portal\/wp-content\/uploads\/2016\/03\/porta.jpg?w=530&amp;ssl=1 530w, https:\/\/i0.wp.com\/eltrabajo.cl\/portal\/wp-content\/uploads\/2016\/03\/porta.jpg?resize=200%2C132&amp;ssl=1 200w, https:\/\/i0.wp.com\/eltrabajo.cl\/portal\/wp-content\/uploads\/2016\/03\/porta.jpg?resize=300%2C198&amp;ssl=1 300w, https:\/\/i0.wp.com\/eltrabajo.cl\/portal\/wp-content\/uploads\/2016\/03\/porta.jpg?resize=228%2C150&amp;ssl=1 228w, https:\/\/i0.wp.com\/eltrabajo.cl\/portal\/wp-content\/uploads\/2016\/03\/porta.jpg?resize=400%2C263&amp;ssl=1 400w\" width=\"316\" height=\"208\" loading=\"lazy\" data-original-width=\"316\" data-original-height=\"208\" itemprop=\"http:\/\/schema.org\/image\" title=\"Helic\u00f3pteros de Conaf, no exentos de dificultades, debieron trabajar hasta cerca de las 20 horas para evitar una propagaci\u00f3n mayor de las llamas.\" alt=\"Helic\u00f3pteros de Conaf, no exentos de dificultades, debieron trabajar hasta cerca de las 20 horas para evitar una propagaci\u00f3n mayor de las llamas.\" style=\"width: 316px; height: 208px;\" \/> <\/a> <div class=\"tiled-gallery-caption\" itemprop=\"caption description\"> Helic\u00f3pteros de Conaf, no exentos de dificultades, debieron trabajar hasta cerca de las 20 horas para evitar una propagaci\u00f3n mayor de las llamas. <\/div> <\/div> <\/div> <!-- close group --> <\/div> <!-- close row --> <\/div>\n","protected":false},"excerpt":{"rendered":"<p>Mega siniestro consumi\u00f3 m\u00e1s de 500 hect\u00e1reas de la serran\u00eda Da\u00f1o no ha podido ser cuantificado oficialmente, sin embargo lugare\u00f1os reconocieron que las llamas afectaron el sector donde se encuentra el reservorio&#8230;.<\/p>\n","protected":false},"author":1,"featured_media":67629,"comment_status":"open","ping_status":"open","sticky":false,"template":"","format":"standard","meta":{"advanced_seo_description":"","jetpack_seo_html_title":"","jetpack_seo_noindex":false,"_jetpack_memberships_contains_paid_content":false,"footnotes":""},"categories":[21],"tags":[],"class_list":["post-67627","post","type-post","status-publish","format-standard","has-post-thumbnail","hentry","category-policial"],"jetpack_featured_media_url":"https:\/\/i0.wp.com\/eltrabajo.cl\/portal\/wp-content\/uploads\/2016\/03\/incendio-3-max.jpg?fit=530%2C350&ssl=1","jetpack_sharing_enabled":true,"jetpack_likes_enabled":true,"jetpack-related-posts":[],"_links":{"self":[{"href":"https:\/\/eltrabajo.cl\/portal\/wp-json\/wp\/v2\/posts\/67627","targetHints":{"allow":["GET"]}}],"collection":[{"href":"https:\/\/eltrabajo.cl\/portal\/wp-json\/wp\/v2\/posts"}],"about":[{"href":"https:\/\/eltrabajo.cl\/portal\/wp-json\/wp\/v2\/types\/post"}],"author":[{"embeddable":true,"href":"https:\/\/eltrabajo.cl\/portal\/wp-json\/wp\/v2\/users\/1"}],"replies":[{"embeddable":true,"href":"https:\/\/eltrabajo.cl\/portal\/wp-json\/wp\/v2\/comments?post=67627"}],"version-history":[{"count":0,"href":"https:\/\/eltrabajo.cl\/portal\/wp-json\/wp\/v2\/posts\/67627\/revisions"}],"wp:featuredmedia":[{"embeddable":true,"href":"https:\/\/eltrabajo.cl\/portal\/wp-json\/wp\/v2\/media\/67629"}],"wp:attachment":[{"href":"https:\/\/eltrabajo.cl\/portal\/wp-json\/wp\/v2\/media?parent=67627"}],"wp:term":[{"taxonomy":"category","embeddable":true,"href":"https:\/\/eltrabajo.cl\/portal\/wp-json\/wp\/v2\/categories?post=67627"},{"taxonomy":"post_tag","embeddable":true,"href":"https:\/\/eltrabajo.cl\/portal\/wp-json\/wp\/v2\/tags?post=67627"}],"curies":[{"name":"wp","href":"https:\/\/api.w.org\/{rel}","templated":true}]}}