{"id":67638,"date":"2016-03-11T08:49:56","date_gmt":"2016-03-11T11:49:56","guid":{"rendered":"http:\/\/www.eltrabajo.cl\/portal\/?p=67638"},"modified":"2016-03-11T08:49:56","modified_gmt":"2016-03-11T11:49:56","slug":"ordenanza-municipal-contra-el-lavado-de-autos-comienza-a-dar-resultados","status":"publish","type":"post","link":"https:\/\/eltrabajo.cl\/portal\/ordenanza-municipal-contra-el-lavado-de-autos-comienza-a-dar-resultados\/","title":{"rendered":"Ordenanza municipal contra el lavado de autos comienza a dar resultados"},"content":{"rendered":"<figure id=\"attachment_67640\" aria-describedby=\"caption-attachment-67640\" style=\"width: 530px\" class=\"wp-caption alignleft\"><a href=\"http:\/\/www.eltrabajo.cl\/portal\/ordenanza-municipal-contra-el-lavado-de-autos-comienza-a-dar-resultados\/foto-2-el-municipio-sanfelipeno-ha-probado-distintas\/\" rel=\"attachment wp-att-67640\"><img data-recalc-dims=\"1\" loading=\"lazy\" decoding=\"async\" class=\"size-full wp-image-67640\" src=\"https:\/\/i0.wp.com\/www.eltrabajo.cl\/portal\/wp-content\/uploads\/2016\/03\/FOTO-2-EL-MUNICIPIO-SANFELIPENO-HA-PROBADO-DISTINTAS.jpg?resize=530%2C348\" alt=\"El municipio sanfelipe\u00f1o ha probado distintas f\u00f3rmulas para terminar con el lavado de autos en el centro de la ciudad, entre ellas esta se\u00f1al\u00e9tica que en su momento no surti\u00f3 efecto alguno.\" width=\"530\" height=\"348\" srcset=\"https:\/\/i0.wp.com\/eltrabajo.cl\/portal\/wp-content\/uploads\/2016\/03\/FOTO-2-EL-MUNICIPIO-SANFELIPENO-HA-PROBADO-DISTINTAS.jpg?w=530&amp;ssl=1 530w, https:\/\/i0.wp.com\/eltrabajo.cl\/portal\/wp-content\/uploads\/2016\/03\/FOTO-2-EL-MUNICIPIO-SANFELIPENO-HA-PROBADO-DISTINTAS.jpg?resize=200%2C131&amp;ssl=1 200w, https:\/\/i0.wp.com\/eltrabajo.cl\/portal\/wp-content\/uploads\/2016\/03\/FOTO-2-EL-MUNICIPIO-SANFELIPENO-HA-PROBADO-DISTINTAS.jpg?resize=300%2C197&amp;ssl=1 300w, https:\/\/i0.wp.com\/eltrabajo.cl\/portal\/wp-content\/uploads\/2016\/03\/FOTO-2-EL-MUNICIPIO-SANFELIPENO-HA-PROBADO-DISTINTAS.jpg?resize=228%2C150&amp;ssl=1 228w, https:\/\/i0.wp.com\/eltrabajo.cl\/portal\/wp-content\/uploads\/2016\/03\/FOTO-2-EL-MUNICIPIO-SANFELIPENO-HA-PROBADO-DISTINTAS.jpg?resize=400%2C263&amp;ssl=1 400w\" sizes=\"auto, (max-width: 530px) 100vw, 530px\" \/><\/a><figcaption id=\"caption-attachment-67640\" class=\"wp-caption-text\">El municipio sanfelipe\u00f1o ha probado distintas f\u00f3rmulas para terminar con el lavado de autos en el centro de la ciudad, entre ellas esta se\u00f1al\u00e9tica que en su momento no surti\u00f3 efecto alguno.<\/figcaption><\/figure>\n<p><strong>Se han cursado alrededor de 20 infracciones por parte de los inspectores municipales:<\/strong><\/p>\n<p>La normativa que empez\u00f3 a regir hace casi un mes en San Felipe y que multa tanto a las personas que ejercen el oficio como tambi\u00e9n a los conductores que aceptan esta actividad, ha provocado una paulatina recuperaci\u00f3n de los espacios p\u00fablicos del damero central.<br \/>\nAlrededor de 20 infracciones han cursado los inspectores municipales de San Felipe durante el \u00faltimo mes, a los propietarios de autom\u00f3viles que infringen la ordenanza n\u00famero 9, que fuera modificada en su art\u00edculo 15 y que sanciona a quienes desarrollan la actividad de lavado o aseo de veh\u00edculos motorizados en la v\u00eda p\u00fablica, as\u00ed como tambi\u00e9n a los conductores que contraten sus servicios.<br \/>\nCabe recordar, que la modificaci\u00f3n a la normativa fue aprobada en noviembre de 2015 por el Concejo Municipal y su puesta en vigencia comenz\u00f3 a ejecutarse a partir de la segunda semana de febrero, luego de un per\u00edodo de marcha blanca desarrollado por la Municipalidad y Carabineros de la Secunda Comisaria de San Felipe, en el cual se efectu\u00f3 un trabajo informativo por parte de la autoridad.<br \/>\nDe acuerdo a lo manifestado por Mauricio Mass, abogado de la Municipalidad de San Felipe, la ciudadan\u00eda ha tenido una muy buena recepci\u00f3n del mandato municipal y asegur\u00f3 que poco a poco se ha ido apreciando una disminuci\u00f3n de la actividad en el damero central de la ciudad<\/p>\n<figure id=\"attachment_67639\" aria-describedby=\"caption-attachment-67639\" style=\"width: 300px\" class=\"wp-caption alignleft\"><a href=\"http:\/\/www.eltrabajo.cl\/portal\/ordenanza-municipal-contra-el-lavado-de-autos-comienza-a-dar-resultados\/foto-1-mauricio-mass-abogado\/\" rel=\"attachment wp-att-67639\"><img data-recalc-dims=\"1\" loading=\"lazy\" decoding=\"async\" class=\"size-medium wp-image-67639\" src=\"https:\/\/i0.wp.com\/www.eltrabajo.cl\/portal\/wp-content\/uploads\/2016\/03\/FOTO-1-MAURICIO-MASS-ABOGADO-300x197.jpg?resize=300%2C197\" alt=\"Mauricio Mass, abogado de la Municipalidad de San Felipe.\" width=\"300\" height=\"197\" srcset=\"https:\/\/i0.wp.com\/eltrabajo.cl\/portal\/wp-content\/uploads\/2016\/03\/FOTO-1-MAURICIO-MASS-ABOGADO.jpg?resize=300%2C197&amp;ssl=1 300w, https:\/\/i0.wp.com\/eltrabajo.cl\/portal\/wp-content\/uploads\/2016\/03\/FOTO-1-MAURICIO-MASS-ABOGADO.jpg?resize=200%2C131&amp;ssl=1 200w, https:\/\/i0.wp.com\/eltrabajo.cl\/portal\/wp-content\/uploads\/2016\/03\/FOTO-1-MAURICIO-MASS-ABOGADO.jpg?resize=228%2C150&amp;ssl=1 228w, https:\/\/i0.wp.com\/eltrabajo.cl\/portal\/wp-content\/uploads\/2016\/03\/FOTO-1-MAURICIO-MASS-ABOGADO.jpg?resize=400%2C263&amp;ssl=1 400w, https:\/\/i0.wp.com\/eltrabajo.cl\/portal\/wp-content\/uploads\/2016\/03\/FOTO-1-MAURICIO-MASS-ABOGADO.jpg?w=530&amp;ssl=1 530w\" sizes=\"auto, (max-width: 300px) 100vw, 300px\" \/><\/a><figcaption id=\"caption-attachment-67639\" class=\"wp-caption-text\">Mauricio Mass, abogado de la Municipalidad de San Felipe.<\/figcaption><\/figure>\n<p>\u201cHemos visto que felizmente en este mes en el que se implement\u00f3 la medida y a la fecha ha bajado considerablemente las personas que lavan sus veh\u00edculos en la plaza, hoy podemos caminar por la plaza y ver que no existen, o son focos muy aislados de situaciones de lavado de autos\u201d, declar\u00f3 Mass.<br \/>\nAs\u00ed mismo, el abogado destac\u00f3 que la ordenanza ha implicado una efectiva recuperaci\u00f3n de los espacios p\u00fablicos y la seguridad que se hab\u00eda visto trastocada a ra\u00edz de esta situaci\u00f3n, argumentando que \u201creiteramos el compromiso que hemos adquirido con la administraci\u00f3n del alcalde Patricio Freire en la recuperaci\u00f3n de los espacios p\u00fablicos espec\u00edficamente uno de los lugares m\u00e1s querido por los vecinos, como es la plaza de armas\u201d<br \/>\nJunto con agradecer la disposici\u00f3n que ha mostrado la comunidad sanfelipe\u00f1a al adoptar y aceptar esta normativa, Mass record\u00f3 que las infracciones pueden ser cursadas de forma directa o empadronadas y que Carabineros tambi\u00e9n tiene la facultad para cursar partes a quienes sean sorprendidos aceptando el lavado de su veh\u00edculo.<br \/>\n\u201cEn cuanto a lo que son las cifras de los partes que han sacado los funcionarios municipales, no son mayores pero s\u00ed efectivos, alrededor de 20\u2026 tambi\u00e9n est\u00e1 un n\u00famero importante de infracciones cursadas por personal de carabineros, quienes han demostrado muy buena disposici\u00f3n y entendimiento en la implementaci\u00f3n de esta nueva ordenanza\u201d, enfatiz\u00f3 el abogado municipal<br \/>\nRespecto si los propietarios de veh\u00edculos al momento de ser multados han mostrado alguna molestia o se ha generado alg\u00fan problema en el momento de cursar la infracci\u00f3n, Mass afirm\u00f3 que \u201ccuando se cursa el parte, la citaci\u00f3n queda hacia el tribunal, los descargos que puedan hacer los ciudadanos los tienen que hacer en el tribunal, ya que el funcionario cumple con hacer el denuncio y las explicaciones del contribuyente las tiene que dar en el tribunal, es \u00e9ste el que toma la decisi\u00f3n\u201d, concluy\u00f3<br \/>\nCabe consignar que la ordenanza municipal establece una multa para conductores y lavadores de veh\u00edculos, que va desde 1 a 5 Unidades Tributarias Mensuales, UTM.<\/p>\n","protected":false},"excerpt":{"rendered":"<p>Se han cursado alrededor de 20 infracciones por parte de los inspectores municipales: La normativa que empez\u00f3 a regir hace casi un mes en San Felipe y que multa tanto a las&#8230;<\/p>\n","protected":false},"author":1,"featured_media":67639,"comment_status":"open","ping_status":"open","sticky":false,"template":"","format":"standard","meta":{"advanced_seo_description":"","jetpack_seo_html_title":"","jetpack_seo_noindex":false,"_jetpack_memberships_contains_paid_content":false,"footnotes":""},"categories":[1],"tags":[],"class_list":["post-67638","post","type-post","status-publish","format-standard","has-post-thumbnail","hentry","category-cronica"],"jetpack_featured_media_url":"https:\/\/i0.wp.com\/eltrabajo.cl\/portal\/wp-content\/uploads\/2016\/03\/FOTO-1-MAURICIO-MASS-ABOGADO.jpg?fit=530%2C348&ssl=1","jetpack_sharing_enabled":true,"jetpack_likes_enabled":true,"jetpack-related-posts":[],"_links":{"self":[{"href":"https:\/\/eltrabajo.cl\/portal\/wp-json\/wp\/v2\/posts\/67638","targetHints":{"allow":["GET"]}}],"collection":[{"href":"https:\/\/eltrabajo.cl\/portal\/wp-json\/wp\/v2\/posts"}],"about":[{"href":"https:\/\/eltrabajo.cl\/portal\/wp-json\/wp\/v2\/types\/post"}],"author":[{"embeddable":true,"href":"https:\/\/eltrabajo.cl\/portal\/wp-json\/wp\/v2\/users\/1"}],"replies":[{"embeddable":true,"href":"https:\/\/eltrabajo.cl\/portal\/wp-json\/wp\/v2\/comments?post=67638"}],"version-history":[{"count":0,"href":"https:\/\/eltrabajo.cl\/portal\/wp-json\/wp\/v2\/posts\/67638\/revisions"}],"wp:featuredmedia":[{"embeddable":true,"href":"https:\/\/eltrabajo.cl\/portal\/wp-json\/wp\/v2\/media\/67639"}],"wp:attachment":[{"href":"https:\/\/eltrabajo.cl\/portal\/wp-json\/wp\/v2\/media?parent=67638"}],"wp:term":[{"taxonomy":"category","embeddable":true,"href":"https:\/\/eltrabajo.cl\/portal\/wp-json\/wp\/v2\/categories?post=67638"},{"taxonomy":"post_tag","embeddable":true,"href":"https:\/\/eltrabajo.cl\/portal\/wp-json\/wp\/v2\/tags?post=67638"}],"curies":[{"name":"wp","href":"https:\/\/api.w.org\/{rel}","templated":true}]}}