{"id":67643,"date":"2016-03-11T08:52:12","date_gmt":"2016-03-11T11:52:12","guid":{"rendered":"http:\/\/www.eltrabajo.cl\/portal\/?p=67643"},"modified":"2016-03-11T08:52:12","modified_gmt":"2016-03-11T11:52:12","slug":"adultos-mayores-celebraron-noveno-aniversario-del-centro-ayecan","status":"publish","type":"post","link":"https:\/\/eltrabajo.cl\/portal\/adultos-mayores-celebraron-noveno-aniversario-del-centro-ayecan\/","title":{"rendered":"Adultos mayores celebraron noveno aniversario del Centro Ayec\u00e1n"},"content":{"rendered":"<figure id=\"attachment_67644\" aria-describedby=\"caption-attachment-67644\" style=\"width: 530px\" class=\"wp-caption alignleft\"><a href=\"http:\/\/www.eltrabajo.cl\/portal\/adultos-mayores-celebraron-noveno-aniversario-del-centro-ayecan\/desayuno-ayecan\/\" rel=\"attachment wp-att-67644\"><img data-recalc-dims=\"1\" loading=\"lazy\" decoding=\"async\" class=\"size-full wp-image-67644\" src=\"https:\/\/i0.wp.com\/www.eltrabajo.cl\/portal\/wp-content\/uploads\/2016\/03\/Desayuno-Ayecan.jpg?resize=530%2C348\" alt=\"Adultos mayores de los distintos talleres, programas e instancias de apoyo y acompa\u00f1amiento del Centro Ayec\u00e1n, celebraron un nuevo aniversario.\" width=\"530\" height=\"348\" srcset=\"https:\/\/i0.wp.com\/eltrabajo.cl\/portal\/wp-content\/uploads\/2016\/03\/Desayuno-Ayecan.jpg?w=530&amp;ssl=1 530w, https:\/\/i0.wp.com\/eltrabajo.cl\/portal\/wp-content\/uploads\/2016\/03\/Desayuno-Ayecan.jpg?resize=200%2C131&amp;ssl=1 200w, https:\/\/i0.wp.com\/eltrabajo.cl\/portal\/wp-content\/uploads\/2016\/03\/Desayuno-Ayecan.jpg?resize=300%2C197&amp;ssl=1 300w, https:\/\/i0.wp.com\/eltrabajo.cl\/portal\/wp-content\/uploads\/2016\/03\/Desayuno-Ayecan.jpg?resize=228%2C150&amp;ssl=1 228w, https:\/\/i0.wp.com\/eltrabajo.cl\/portal\/wp-content\/uploads\/2016\/03\/Desayuno-Ayecan.jpg?resize=400%2C263&amp;ssl=1 400w\" sizes=\"auto, (max-width: 530px) 100vw, 530px\" \/><\/a><figcaption id=\"caption-attachment-67644\" class=\"wp-caption-text\">Adultos mayores de los distintos talleres, programas e instancias de apoyo y acompa\u00f1amiento del Centro Ayec\u00e1n, celebraron un nuevo aniversario.<\/figcaption><\/figure>\n<p><strong>Alcalde Freire aprovech\u00f3 la ocasi\u00f3n para anunciar elaboraci\u00f3n y postulaci\u00f3n a fondos de proyecto para ampliar las instalaciones de este recinto municipal.<\/strong><\/p>\n<p>Con un masivo desayuno donde participaron usuarios de los distintos talleres, programas e instancias de apoyo y acompa\u00f1amiento que desarrolla, el Centro Ayec\u00e1n de San Felipe celebr\u00f3 sus 9 a\u00f1os de trabajo junto a los adultos mayores de la comuna.<br \/>\nEn la oportunidad, estuvo presente el alcalde Patricio Freire y el concejal Dante Rodr\u00edguez, quienes compartieron con los beneficiarios de este centro, destacando la relevancia de la labor que se desarrolla desde esta instancia, que favorece a muchos adultos mayores de la comuna.<br \/>\nEllos mismos fueron los encargados de relevar el impacto que ha tenido en sus vidas incorporarse como usuarios del Ayec\u00e1n. Es el caso de Gloria Casorla, quien se\u00f1al\u00f3 que \u201cel centro ha sido muy importante para m\u00ed, sobre todo porque tengo una discapacidad, entonces me ha ayudado porque ac\u00e1 hago actividad f\u00edsica con profesionales expertos y eso me ha devuelto a la vida, si no tuviera este apoyo no podr\u00eda caminar\u201d.<br \/>\nEn este mismo sentido, el alcalde Patricio Freire manifest\u00f3 que el Centro Ayec\u00e1n no solo favorece un trabajo articulado con distintos organismos, sino tambi\u00e9n se ha convertido en un centro neur\u00e1lgico que favorece la participaci\u00f3n de los adultos mayores de la comuna, respondiendo a sus necesidades.<br \/>\nLa autoridad se\u00f1al\u00f3 que est\u00e1 el compromiso de su administraci\u00f3n por elaborar el proyecto y postular a los fondos que permitan ampliar las instalaciones del centro, en el entendido que la demanda de usuarios es tal, que se hace necesario contar con m\u00e1s espacio para favorecer m\u00e1s actividades.<br \/>\nSe trata de un espacio inaugurado hace nueve a\u00f1os que ha favorecido un trabajo articulado, respondiendo a las inquietudes, intereses y anhelos de muchos adultos mayores, que d\u00eda a d\u00eda participan en instancias que favorecen su salud no solo f\u00edsica, sino tambi\u00e9n mental y espiritual.<br \/>\n\u201cTenemos una oferta interesante para este a\u00f1o 2016. Hicimos una evaluaci\u00f3n del a\u00f1o 2015 y fue muy positiva, sobre todo por parte de nuestros usuarios, que adem\u00e1s incrementaron significativamente, destacando en ese sentido que nuestros usuarios no solo pertenecen a clubes del adulto mayor, sino tambi\u00e9n que no pertenecen a organizaciones, pero que han conocido el trabajo que aqu\u00ed se realiza y se han sumado\u201d, se\u00f1al\u00f3 Patricia Opazo, coordinadora del Centro Ayec\u00e1n.<br \/>\nExplic\u00f3 que este a\u00f1o, entre los talleres que se implementar\u00e1n, destacan algunos que se realizar\u00e1n en el \u00e1rea de la fonoaudiolog\u00eda, respondiendo a un requerimiento de fortalecer el tema de la voz y no solo la memoria. Se suma otro de tapicer\u00eda que esperan, tenga una buena acogida.<br \/>\nLa oferta completa, es posible conocerla en el Centro Ayec\u00e1n y los interesados en acceder a ella, deben tener 60 a\u00f1os de edad o m\u00e1s y tener aplicada la Ficha de Protecci\u00f3n Social, hoy Registro Social de Hogares.<\/p>\n","protected":false},"excerpt":{"rendered":"<p>Alcalde Freire aprovech\u00f3 la ocasi\u00f3n para anunciar elaboraci\u00f3n y postulaci\u00f3n a fondos de proyecto para ampliar las instalaciones de este recinto municipal. Con un masivo desayuno donde participaron usuarios de los distintos&#8230;<\/p>\n","protected":false},"author":1,"featured_media":67644,"comment_status":"open","ping_status":"open","sticky":false,"template":"","format":"standard","meta":{"advanced_seo_description":"","jetpack_seo_html_title":"","jetpack_seo_noindex":false,"_jetpack_memberships_contains_paid_content":false,"footnotes":""},"categories":[1],"tags":[],"class_list":["post-67643","post","type-post","status-publish","format-standard","has-post-thumbnail","hentry","category-cronica"],"jetpack_featured_media_url":"https:\/\/i0.wp.com\/eltrabajo.cl\/portal\/wp-content\/uploads\/2016\/03\/Desayuno-Ayecan.jpg?fit=530%2C348&ssl=1","jetpack_sharing_enabled":true,"jetpack_likes_enabled":true,"jetpack-related-posts":[],"_links":{"self":[{"href":"https:\/\/eltrabajo.cl\/portal\/wp-json\/wp\/v2\/posts\/67643","targetHints":{"allow":["GET"]}}],"collection":[{"href":"https:\/\/eltrabajo.cl\/portal\/wp-json\/wp\/v2\/posts"}],"about":[{"href":"https:\/\/eltrabajo.cl\/portal\/wp-json\/wp\/v2\/types\/post"}],"author":[{"embeddable":true,"href":"https:\/\/eltrabajo.cl\/portal\/wp-json\/wp\/v2\/users\/1"}],"replies":[{"embeddable":true,"href":"https:\/\/eltrabajo.cl\/portal\/wp-json\/wp\/v2\/comments?post=67643"}],"version-history":[{"count":0,"href":"https:\/\/eltrabajo.cl\/portal\/wp-json\/wp\/v2\/posts\/67643\/revisions"}],"wp:featuredmedia":[{"embeddable":true,"href":"https:\/\/eltrabajo.cl\/portal\/wp-json\/wp\/v2\/media\/67644"}],"wp:attachment":[{"href":"https:\/\/eltrabajo.cl\/portal\/wp-json\/wp\/v2\/media?parent=67643"}],"wp:term":[{"taxonomy":"category","embeddable":true,"href":"https:\/\/eltrabajo.cl\/portal\/wp-json\/wp\/v2\/categories?post=67643"},{"taxonomy":"post_tag","embeddable":true,"href":"https:\/\/eltrabajo.cl\/portal\/wp-json\/wp\/v2\/tags?post=67643"}],"curies":[{"name":"wp","href":"https:\/\/api.w.org\/{rel}","templated":true}]}}