{"id":67647,"date":"2016-03-11T08:54:07","date_gmt":"2016-03-11T11:54:07","guid":{"rendered":"http:\/\/www.eltrabajo.cl\/portal\/?p=67647"},"modified":"2016-03-11T08:54:07","modified_gmt":"2016-03-11T11:54:07","slug":"carreras-clandestinas-en-santa-filomena-despiertan-preocupacion-en-autoridades","status":"publish","type":"post","link":"https:\/\/eltrabajo.cl\/portal\/carreras-clandestinas-en-santa-filomena-despiertan-preocupacion-en-autoridades\/","title":{"rendered":"Carreras clandestinas en Santa Filomena despiertan preocupaci\u00f3n en autoridades"},"content":{"rendered":"<figure id=\"attachment_67648\" aria-describedby=\"caption-attachment-67648\" style=\"width: 300px\" class=\"wp-caption alignleft\"><a href=\"http:\/\/www.eltrabajo.cl\/portal\/carreras-clandestinas-en-santa-filomena-despiertan-preocupacion-en-autoridades\/foto-1-eduardo-leon-gobernador-de-la-provincia-de-san-felipe-2\/\" rel=\"attachment wp-att-67648\"><img data-recalc-dims=\"1\" loading=\"lazy\" decoding=\"async\" class=\"size-medium wp-image-67648\" src=\"https:\/\/i0.wp.com\/www.eltrabajo.cl\/portal\/wp-content\/uploads\/2016\/03\/FOTO-1-Eduardo-Leon-Gobernador-de-la-Provincia-de-San-Felipe-300x198.jpg?resize=300%2C198\" alt=\"Eduardo Le\u00f3n, gobernador de la provincia de San Felipe.\" width=\"300\" height=\"198\" srcset=\"https:\/\/i0.wp.com\/eltrabajo.cl\/portal\/wp-content\/uploads\/2016\/03\/FOTO-1-Eduardo-Leon-Gobernador-de-la-Provincia-de-San-Felipe.jpg?resize=300%2C198&amp;ssl=1 300w, https:\/\/i0.wp.com\/eltrabajo.cl\/portal\/wp-content\/uploads\/2016\/03\/FOTO-1-Eduardo-Leon-Gobernador-de-la-Provincia-de-San-Felipe.jpg?resize=200%2C132&amp;ssl=1 200w, https:\/\/i0.wp.com\/eltrabajo.cl\/portal\/wp-content\/uploads\/2016\/03\/FOTO-1-Eduardo-Leon-Gobernador-de-la-Provincia-de-San-Felipe.jpg?resize=228%2C150&amp;ssl=1 228w, https:\/\/i0.wp.com\/eltrabajo.cl\/portal\/wp-content\/uploads\/2016\/03\/FOTO-1-Eduardo-Leon-Gobernador-de-la-Provincia-de-San-Felipe.jpg?resize=400%2C263&amp;ssl=1 400w, https:\/\/i0.wp.com\/eltrabajo.cl\/portal\/wp-content\/uploads\/2016\/03\/FOTO-1-Eduardo-Leon-Gobernador-de-la-Provincia-de-San-Felipe.jpg?w=530&amp;ssl=1 530w\" sizes=\"auto, (max-width: 300px) 100vw, 300px\" \/><\/a><figcaption id=\"caption-attachment-67648\" class=\"wp-caption-text\">Eduardo Le\u00f3n, gobernador de la provincia de San Felipe.<\/figcaption><\/figure>\n<p><strong>Gobernador de San Felipe inst\u00f3 a los aficionados a sentarse a dialogar:<\/strong><\/p>\n<p>Se especula con la cesi\u00f3n de un terreno en la comuna de Santa Mar\u00eda donde se puedan reunir los amantes de la velocidad y el tunning. Por el momento m\u00e1xima autoridad provincial anunci\u00f3 el fortalecimiento de controles policiales.<br \/>\nEl Gobernador de la Provincia de San Felipe Eduardo Le\u00f3n, dio a conocer su preocupaci\u00f3n respecto de las carreras de veh\u00edculos clandestinas que se desarrollan en la comuna de Santa Mar\u00eda, espec\u00edficamente en el sector de Santa Filomena, en donde un masivo grupo de aficionados a la velocidad y el tuning se re\u00fane constantemente, en especial durante los fines de semana.<br \/>\nLe\u00f3n ratific\u00f3 que adem\u00e1s de ser una actividad ilegal, \u2018las carreras\u2019 implican un alto riesgo de accidentes por lo que actualmente se est\u00e1 trabajando junto a Carabineros y la Municipalidad de Santa Mar\u00eda en fortalecer el control de los autos que se acerquen hasta esa localidad.<br \/>\n\u201cActualmente existe una fiscalizaci\u00f3n de carabineros, se est\u00e1 multando a los veh\u00edculos, hay algunos requisados, estamos generando coordinaci\u00f3n en los procesos de multa y prevenci\u00f3n porque nos preocupa que a alguien le pueda ocurrir algo grave\u201d, expuso Le\u00f3n.<br \/>\nDe la misma forma, la m\u00e1xima autoridad provincial realiz\u00f3 un llamado de atenci\u00f3n, pero a la vez una invitaci\u00f3n, a los aficionados a esta disciplina, record\u00e1ndoles que \u201choy se est\u00e1n arriesgando a sufrir severas multas, no s\u00f3lo en Santa Mar\u00eda, tambi\u00e9n en otros lados\u2026yo invito a la gente que participa de estas carreras a que nos sentemos a conversar, hay un grupo aficionado de esa comuna que ya no est\u00e1 corriendo y que est\u00e1 acordando con el alcalde Claudio Zurita la manera de encausar su afici\u00f3n, talento, deporte o como le quieran llamar\u201d, destac\u00f3.<br \/>\nDe acuerdo a lo manifestado por Le\u00f3n, desde el municipio de Santa Mar\u00eda ha surgido la posibilidad de entregar un terreno a orillas del r\u00edo, hecho que de ser efectivo, contar\u00e1 con el apoyo de la Gobernaci\u00f3n, pues seg\u00fan expres\u00f3 \u201clo importante para nosotros es que las personas se organicen y puedan llegar a un acuerdo con la autoridad local\u201d, dijo.<br \/>\nRespecto del marco legal que envuelve la posibilidad de habilitar un terreno en esa comuna para desarrollar esta actividad, Le\u00f3n agreg\u00f3 que \u201cesta es una idea, que evidentemente como en todo proyecto, se deben analizar todas las alternativas como corresponde, lo primero es sentarse a la mesa y conversar en b\u00fasqueda de una soluci\u00f3n, todas las cosas bien hechas se pueden hacer, no hay problema con eso\u201d, concluy\u00f3.<\/p>\n","protected":false},"excerpt":{"rendered":"<p>Gobernador de San Felipe inst\u00f3 a los aficionados a sentarse a dialogar: Se especula con la cesi\u00f3n de un terreno en la comuna de Santa Mar\u00eda donde se puedan reunir los amantes&#8230;<\/p>\n","protected":false},"author":1,"featured_media":67648,"comment_status":"open","ping_status":"open","sticky":false,"template":"","format":"standard","meta":{"advanced_seo_description":"","jetpack_seo_html_title":"","jetpack_seo_noindex":false,"_jetpack_memberships_contains_paid_content":false,"footnotes":""},"categories":[1],"tags":[],"class_list":["post-67647","post","type-post","status-publish","format-standard","has-post-thumbnail","hentry","category-cronica"],"jetpack_featured_media_url":"https:\/\/i0.wp.com\/eltrabajo.cl\/portal\/wp-content\/uploads\/2016\/03\/FOTO-1-Eduardo-Leon-Gobernador-de-la-Provincia-de-San-Felipe.jpg?fit=530%2C349&ssl=1","jetpack_sharing_enabled":true,"jetpack_likes_enabled":true,"jetpack-related-posts":[],"_links":{"self":[{"href":"https:\/\/eltrabajo.cl\/portal\/wp-json\/wp\/v2\/posts\/67647","targetHints":{"allow":["GET"]}}],"collection":[{"href":"https:\/\/eltrabajo.cl\/portal\/wp-json\/wp\/v2\/posts"}],"about":[{"href":"https:\/\/eltrabajo.cl\/portal\/wp-json\/wp\/v2\/types\/post"}],"author":[{"embeddable":true,"href":"https:\/\/eltrabajo.cl\/portal\/wp-json\/wp\/v2\/users\/1"}],"replies":[{"embeddable":true,"href":"https:\/\/eltrabajo.cl\/portal\/wp-json\/wp\/v2\/comments?post=67647"}],"version-history":[{"count":0,"href":"https:\/\/eltrabajo.cl\/portal\/wp-json\/wp\/v2\/posts\/67647\/revisions"}],"wp:featuredmedia":[{"embeddable":true,"href":"https:\/\/eltrabajo.cl\/portal\/wp-json\/wp\/v2\/media\/67648"}],"wp:attachment":[{"href":"https:\/\/eltrabajo.cl\/portal\/wp-json\/wp\/v2\/media?parent=67647"}],"wp:term":[{"taxonomy":"category","embeddable":true,"href":"https:\/\/eltrabajo.cl\/portal\/wp-json\/wp\/v2\/categories?post=67647"},{"taxonomy":"post_tag","embeddable":true,"href":"https:\/\/eltrabajo.cl\/portal\/wp-json\/wp\/v2\/tags?post=67647"}],"curies":[{"name":"wp","href":"https:\/\/api.w.org\/{rel}","templated":true}]}}