{"id":67651,"date":"2016-03-11T08:56:55","date_gmt":"2016-03-11T11:56:55","guid":{"rendered":"http:\/\/www.eltrabajo.cl\/portal\/?p=67651"},"modified":"2016-03-11T08:56:55","modified_gmt":"2016-03-11T11:56:55","slug":"varios-caminos-rurales-putaendinos-cuentan-con-nueva-capa-asfaltica","status":"publish","type":"post","link":"https:\/\/eltrabajo.cl\/portal\/varios-caminos-rurales-putaendinos-cuentan-con-nueva-capa-asfaltica\/","title":{"rendered":"Varios caminos rurales putaendinos cuentan con nueva capa asf\u00e1ltica"},"content":{"rendered":"<figure id=\"attachment_67652\" aria-describedby=\"caption-attachment-67652\" style=\"width: 530px\" class=\"wp-caption alignleft\"><a href=\"http:\/\/www.eltrabajo.cl\/portal\/varios-caminos-rurales-putaendinos-cuentan-con-nueva-capa-asfaltica\/caminos-asfaltados-1\/\" rel=\"attachment wp-att-67652\"><img data-recalc-dims=\"1\" loading=\"lazy\" decoding=\"async\" class=\"size-full wp-image-67652\" src=\"https:\/\/i0.wp.com\/www.eltrabajo.cl\/portal\/wp-content\/uploads\/2016\/03\/Caminos-asfaltados-1.jpg?resize=530%2C350\" alt=\"Los trabajadores de Vialidad se han visto trabajando en diversos sectores de Putaendo, desarrollando trabajos de recarpeteo de calles.\" width=\"530\" height=\"350\" srcset=\"https:\/\/i0.wp.com\/eltrabajo.cl\/portal\/wp-content\/uploads\/2016\/03\/Caminos-asfaltados-1.jpg?w=530&amp;ssl=1 530w, https:\/\/i0.wp.com\/eltrabajo.cl\/portal\/wp-content\/uploads\/2016\/03\/Caminos-asfaltados-1.jpg?resize=200%2C132&amp;ssl=1 200w, https:\/\/i0.wp.com\/eltrabajo.cl\/portal\/wp-content\/uploads\/2016\/03\/Caminos-asfaltados-1.jpg?resize=300%2C198&amp;ssl=1 300w, https:\/\/i0.wp.com\/eltrabajo.cl\/portal\/wp-content\/uploads\/2016\/03\/Caminos-asfaltados-1.jpg?resize=227%2C150&amp;ssl=1 227w, https:\/\/i0.wp.com\/eltrabajo.cl\/portal\/wp-content\/uploads\/2016\/03\/Caminos-asfaltados-1.jpg?resize=400%2C264&amp;ssl=1 400w\" sizes=\"auto, (max-width: 530px) 100vw, 530px\" \/><\/a><figcaption id=\"caption-attachment-67652\" class=\"wp-caption-text\">Los trabajadores de Vialidad se han visto trabajando en diversos sectores de Putaendo, desarrollando trabajos de recarpeteo de calles.<\/figcaption><\/figure>\n<p><strong>La medida adoptada por la Direcci\u00f3n Provincial Vialidad obedece a las solicitudes de vecinos por lo deteriorado de los caminos.<\/strong><\/p>\n<p><strong>PUTAENDO.- <\/strong>La Direcci\u00f3n Provincial de Vialidad ha estado desarrollando un importante programa de recarpeteo asf\u00e1ltico en varios caminos de sectores rurales de la comuna, los cuales se encontraban bastante deteriorados por el paso del tiempo y el uso frecuente de todo tipo de veh\u00edculos.<br \/>\nSergio Olivares, Presidente de la Junta de Vecinos del sector Pillo \u2013 Pillo, destac\u00f3 este trabajo pues viene a mejorar significativamente las condiciones de tr\u00e1nsito en el sector, lo que se ve reflejado por ejemplo en Calle Los \u00c1lamos, que ya cumpli\u00f3 m\u00e1s de 10 a\u00f1os desde su \u00faltima vez que fue asfaltada, por lo que hoy su estado era deplorable.<br \/>\nEl dirigente, en representaci\u00f3n de los residentes del sector, agradeci\u00f3 la disposici\u00f3n que tuvo la Direcci\u00f3n Provincial de Vialidad por escuchar sus planteamientos, pues como vecinos ve\u00edan con preocupaci\u00f3n que no tan s\u00f3lo los hoyos, sino el mismo estado del camino ya eran demasiado peligrosos para transitar.<br \/>\nDurante varios d\u00edas ha sido posible apreciar maquinaria de Vialidad desarrollando trabajos de recarpeteo en calles como Los \u00c1lamos, Mu\u00f1oz y otras m\u00e1s del sector Granallas, hecho que ha permitido que estos deteriorados caminos hoy luzcan en mejores condiciones y mucho m\u00e1s seguros.<\/p>\n<p><strong>MEJORAS EN SE\u00d1ALIZACI\u00d3N VIAL<\/strong><br \/>\nEn los \u00faltimos d\u00edas Vialidad ha estado instalando se\u00f1alizaci\u00f3n de seguridad e informativa en las carreteras E-71 que une Putaendo con San Felipe y E-41 Putaendo- Cabildo, a lo que se suma el reciente anuncio del Seremi de Obras P\u00fablicas, que orden\u00f3 un estudio a la Conaset para definir las medidas preventivas en los tramos que correspondan en la ruta que une Putaendo con Cabildo.<br \/>\n<strong>Patricio Gallardo M.<\/strong><\/p>\n","protected":false},"excerpt":{"rendered":"<p>La medida adoptada por la Direcci\u00f3n Provincial Vialidad obedece a las solicitudes de vecinos por lo deteriorado de los caminos. PUTAENDO.- La Direcci\u00f3n Provincial de Vialidad ha estado desarrollando un importante programa&#8230;<\/p>\n","protected":false},"author":1,"featured_media":67652,"comment_status":"open","ping_status":"open","sticky":false,"template":"","format":"standard","meta":{"advanced_seo_description":"","jetpack_seo_html_title":"","jetpack_seo_noindex":false,"_jetpack_memberships_contains_paid_content":false,"footnotes":""},"categories":[1],"tags":[],"class_list":["post-67651","post","type-post","status-publish","format-standard","has-post-thumbnail","hentry","category-cronica"],"jetpack_featured_media_url":"https:\/\/i0.wp.com\/eltrabajo.cl\/portal\/wp-content\/uploads\/2016\/03\/Caminos-asfaltados-1.jpg?fit=530%2C350&ssl=1","jetpack_sharing_enabled":true,"jetpack_likes_enabled":true,"jetpack-related-posts":[],"_links":{"self":[{"href":"https:\/\/eltrabajo.cl\/portal\/wp-json\/wp\/v2\/posts\/67651","targetHints":{"allow":["GET"]}}],"collection":[{"href":"https:\/\/eltrabajo.cl\/portal\/wp-json\/wp\/v2\/posts"}],"about":[{"href":"https:\/\/eltrabajo.cl\/portal\/wp-json\/wp\/v2\/types\/post"}],"author":[{"embeddable":true,"href":"https:\/\/eltrabajo.cl\/portal\/wp-json\/wp\/v2\/users\/1"}],"replies":[{"embeddable":true,"href":"https:\/\/eltrabajo.cl\/portal\/wp-json\/wp\/v2\/comments?post=67651"}],"version-history":[{"count":0,"href":"https:\/\/eltrabajo.cl\/portal\/wp-json\/wp\/v2\/posts\/67651\/revisions"}],"wp:featuredmedia":[{"embeddable":true,"href":"https:\/\/eltrabajo.cl\/portal\/wp-json\/wp\/v2\/media\/67652"}],"wp:attachment":[{"href":"https:\/\/eltrabajo.cl\/portal\/wp-json\/wp\/v2\/media?parent=67651"}],"wp:term":[{"taxonomy":"category","embeddable":true,"href":"https:\/\/eltrabajo.cl\/portal\/wp-json\/wp\/v2\/categories?post=67651"},{"taxonomy":"post_tag","embeddable":true,"href":"https:\/\/eltrabajo.cl\/portal\/wp-json\/wp\/v2\/tags?post=67651"}],"curies":[{"name":"wp","href":"https:\/\/api.w.org\/{rel}","templated":true}]}}