{"id":67655,"date":"2016-03-11T08:59:35","date_gmt":"2016-03-11T11:59:35","guid":{"rendered":"http:\/\/www.eltrabajo.cl\/portal\/?p=67655"},"modified":"2016-03-11T08:59:35","modified_gmt":"2016-03-11T11:59:35","slug":"autoridades-aun-no-determinan-magnitud-del-dano-a-cipreses-por-el-fuego","status":"publish","type":"post","link":"https:\/\/eltrabajo.cl\/portal\/autoridades-aun-no-determinan-magnitud-del-dano-a-cipreses-por-el-fuego\/","title":{"rendered":"Autoridades a\u00fan no determinan magnitud del da\u00f1o a cipreses por el fuego"},"content":{"rendered":"<figure id=\"attachment_67656\" aria-describedby=\"caption-attachment-67656\" style=\"width: 530px\" class=\"wp-caption alignleft\"><a href=\"http:\/\/www.eltrabajo.cl\/portal\/autoridades-aun-no-determinan-magnitud-del-dano-a-cipreses-por-el-fuego\/incendio-el-asiento\/\" rel=\"attachment wp-att-67656\"><img data-recalc-dims=\"1\" loading=\"lazy\" decoding=\"async\" class=\"size-full wp-image-67656\" src=\"https:\/\/i0.wp.com\/www.eltrabajo.cl\/portal\/wp-content\/uploads\/2016\/03\/Incendio-El-Asiento.jpg?resize=530%2C349\" alt=\"Equipos de emergencia de Conaf durante el d\u00eda de ayer trabajaron arduamente en la contenci\u00f3n y extinci\u00f3n del siniestro que afect\u00f3 al sector de El Asiento.\" width=\"530\" height=\"349\" srcset=\"https:\/\/i0.wp.com\/eltrabajo.cl\/portal\/wp-content\/uploads\/2016\/03\/Incendio-El-Asiento.jpg?w=530&amp;ssl=1 530w, https:\/\/i0.wp.com\/eltrabajo.cl\/portal\/wp-content\/uploads\/2016\/03\/Incendio-El-Asiento.jpg?resize=200%2C132&amp;ssl=1 200w, https:\/\/i0.wp.com\/eltrabajo.cl\/portal\/wp-content\/uploads\/2016\/03\/Incendio-El-Asiento.jpg?resize=300%2C198&amp;ssl=1 300w, https:\/\/i0.wp.com\/eltrabajo.cl\/portal\/wp-content\/uploads\/2016\/03\/Incendio-El-Asiento.jpg?resize=228%2C150&amp;ssl=1 228w, https:\/\/i0.wp.com\/eltrabajo.cl\/portal\/wp-content\/uploads\/2016\/03\/Incendio-El-Asiento.jpg?resize=400%2C263&amp;ssl=1 400w\" sizes=\"auto, (max-width: 530px) 100vw, 530px\" \/><\/a><figcaption id=\"caption-attachment-67656\" class=\"wp-caption-text\">Equipos de emergencia de Conaf durante el d\u00eda de ayer trabajaron arduamente en la contenci\u00f3n y extinci\u00f3n del siniestro que afect\u00f3 al sector de El Asiento.<\/figcaption><\/figure>\n<p><strong>Autoridades informaron que deber\u00e1n esperar a que se controle el siniestro para conocer el estado real de los cipreses de la zona, que superan los 450 ejemplares.<\/strong><\/p>\n<p>Ayer continuaron los intensos trabajos de los equipos de emergencias de Conaf, la Gobernaci\u00f3n de San Felipe, Bomberos y Carabineros a fin de sofocar el gigantesco incendio que afect\u00f3 a la reserva natural en el sector del Asiento.<br \/>\nDurante este jueves, el Director (s) de Conaf, Claudio Ilabaca, confirm\u00f3 que el fuego mantuvo activo y que aument\u00f3 el n\u00famero de hect\u00e1reas afectadas con respecto al \u00faltimo balance entregado el d\u00eda mi\u00e9rcoles, que hablaba de 500, y ayer lleg\u00f3 a las 620. Adem\u00e1s, sostuvo que existir\u00eda afectaci\u00f3n al reservorio de cipreses milenarios, pero que eso se conocer\u00e1 posterior al siniestro. \u201cSe ha quemado arbolado nativo, arbustos y hasta el minuto tenemos una afectaci\u00f3n de cipreses que est\u00e1n ubicados dentro del santuario de la naturaleza, para eso se dispuso de personal t\u00e9cnico de Conaf, quienes realizar\u00e1n una evaluaci\u00f3n preliminar, esperando que se apague el incendio y ah\u00ed reci\u00e9n desarrollar una evaluaci\u00f3n final\u201d declar\u00f3.<br \/>\nEn tanto, Claudio Mart\u00ednez, Director de Protecci\u00f3n Civil y Emergencias de la Gobernaci\u00f3n de San Felipe, dijo que se han realizado constantes coordinaciones con otros servicios y que \u201cseguimos trabajando ya que se mantiene el \u00e1rea afectada. Estamos planteando junto a Conaf hacer la evaluaci\u00f3n en terreno, ya que debido al humo de ayer, no pudimos hacer una evaluaci\u00f3n m\u00e1s certera. Sabemos que existe una preocupaci\u00f3n latente de la comunidad, por lo tanto, la idea es poder sobrevolar y acceder al lugar para estimar el da\u00f1o\u201d enfatiz\u00f3 el profesional.<br \/>\nPor su parte, Alfredo Cruz, jefe de oficina SAG San Felipe, inform\u00f3 que han estado en constante comunicaci\u00f3n con la Gobernaci\u00f3n, por lo que dispusieron una unidad que estar\u00e1 a la espera de que los rescatistas les entreguen animales que hayan sido da\u00f1ados. \u201cTenemos informaci\u00f3n de que existir\u00edan algunos animales -como bovinos- que estaban pastando en el sector. Sin embargo, no tenemos informaci\u00f3n que otros animales nativos se hayan visto afectados, por lo que dispusimos r\u00e1pidamente de esta unidad de apoyo\u201d.<br \/>\nFinalmente, el alcalde Patricio Freire, mostr\u00f3 su preocupaci\u00f3n con esta situaci\u00f3n y la calific\u00f3 como una tragedia medio ambiental, asimismo, sostuvo que fueron suspendidas las clases en la Escuela de El Asiento durante estos d\u00edas, ya que el establecimiento estar\u00e1 disponible para que lo utilicen los brigadistas.<\/p>\n","protected":false},"excerpt":{"rendered":"<p>Autoridades informaron que deber\u00e1n esperar a que se controle el siniestro para conocer el estado real de los cipreses de la zona, que superan los 450 ejemplares. Ayer continuaron los intensos trabajos&#8230;<\/p>\n","protected":false},"author":1,"featured_media":67656,"comment_status":"open","ping_status":"open","sticky":false,"template":"","format":"standard","meta":{"advanced_seo_description":"","jetpack_seo_html_title":"","jetpack_seo_noindex":false,"_jetpack_memberships_contains_paid_content":false,"footnotes":""},"categories":[1],"tags":[],"class_list":["post-67655","post","type-post","status-publish","format-standard","has-post-thumbnail","hentry","category-cronica"],"jetpack_featured_media_url":"https:\/\/i0.wp.com\/eltrabajo.cl\/portal\/wp-content\/uploads\/2016\/03\/Incendio-El-Asiento.jpg?fit=530%2C349&ssl=1","jetpack_sharing_enabled":true,"jetpack_likes_enabled":true,"jetpack-related-posts":[],"_links":{"self":[{"href":"https:\/\/eltrabajo.cl\/portal\/wp-json\/wp\/v2\/posts\/67655","targetHints":{"allow":["GET"]}}],"collection":[{"href":"https:\/\/eltrabajo.cl\/portal\/wp-json\/wp\/v2\/posts"}],"about":[{"href":"https:\/\/eltrabajo.cl\/portal\/wp-json\/wp\/v2\/types\/post"}],"author":[{"embeddable":true,"href":"https:\/\/eltrabajo.cl\/portal\/wp-json\/wp\/v2\/users\/1"}],"replies":[{"embeddable":true,"href":"https:\/\/eltrabajo.cl\/portal\/wp-json\/wp\/v2\/comments?post=67655"}],"version-history":[{"count":0,"href":"https:\/\/eltrabajo.cl\/portal\/wp-json\/wp\/v2\/posts\/67655\/revisions"}],"wp:featuredmedia":[{"embeddable":true,"href":"https:\/\/eltrabajo.cl\/portal\/wp-json\/wp\/v2\/media\/67656"}],"wp:attachment":[{"href":"https:\/\/eltrabajo.cl\/portal\/wp-json\/wp\/v2\/media?parent=67655"}],"wp:term":[{"taxonomy":"category","embeddable":true,"href":"https:\/\/eltrabajo.cl\/portal\/wp-json\/wp\/v2\/categories?post=67655"},{"taxonomy":"post_tag","embeddable":true,"href":"https:\/\/eltrabajo.cl\/portal\/wp-json\/wp\/v2\/tags?post=67655"}],"curies":[{"name":"wp","href":"https:\/\/api.w.org\/{rel}","templated":true}]}}