{"id":67659,"date":"2016-03-11T09:01:20","date_gmt":"2016-03-11T12:01:20","guid":{"rendered":"http:\/\/www.eltrabajo.cl\/portal\/?p=67659"},"modified":"2016-03-11T09:01:21","modified_gmt":"2016-03-11T12:01:21","slug":"preocupacion-causa-agua-azul-saliendo-de-la-llave-en-sector-tocornal","status":"publish","type":"post","link":"https:\/\/eltrabajo.cl\/portal\/preocupacion-causa-agua-azul-saliendo-de-la-llave-en-sector-tocornal\/","title":{"rendered":"Preocupaci\u00f3n causa agua azul saliendo de la llave en sector Tocornal"},"content":{"rendered":"<figure id=\"attachment_67660\" aria-describedby=\"caption-attachment-67660\" style=\"width: 530px\" class=\"wp-caption alignleft\"><a href=\"http:\/\/www.eltrabajo.cl\/portal\/preocupacion-causa-agua-azul-saliendo-de-la-llave-en-sector-tocornal\/agua-azul\/\" rel=\"attachment wp-att-67660\"><img data-recalc-dims=\"1\" loading=\"lazy\" decoding=\"async\" class=\"size-full wp-image-67660\" src=\"https:\/\/i0.wp.com\/www.eltrabajo.cl\/portal\/wp-content\/uploads\/2016\/03\/agua-azul.jpg?resize=530%2C349\" alt=\"Una explicaci\u00f3n bastante razonable entreg\u00f3 Esval para este fen\u00f3meno singular.\" width=\"530\" height=\"349\" srcset=\"https:\/\/i0.wp.com\/eltrabajo.cl\/portal\/wp-content\/uploads\/2016\/03\/agua-azul.jpg?w=530&amp;ssl=1 530w, https:\/\/i0.wp.com\/eltrabajo.cl\/portal\/wp-content\/uploads\/2016\/03\/agua-azul.jpg?resize=200%2C132&amp;ssl=1 200w, https:\/\/i0.wp.com\/eltrabajo.cl\/portal\/wp-content\/uploads\/2016\/03\/agua-azul.jpg?resize=300%2C198&amp;ssl=1 300w, https:\/\/i0.wp.com\/eltrabajo.cl\/portal\/wp-content\/uploads\/2016\/03\/agua-azul.jpg?resize=228%2C150&amp;ssl=1 228w, https:\/\/i0.wp.com\/eltrabajo.cl\/portal\/wp-content\/uploads\/2016\/03\/agua-azul.jpg?resize=400%2C263&amp;ssl=1 400w\" sizes=\"auto, (max-width: 530px) 100vw, 530px\" \/><\/a><figcaption id=\"caption-attachment-67660\" class=\"wp-caption-text\">Una explicaci\u00f3n bastante razonable entreg\u00f3 Esval para este fen\u00f3meno singular.<\/figcaption><\/figure>\n<p>Una singular fotograf\u00eda de una llave escurriendo agua de color azul intenso en el lavaplatos de una casa, que circul\u00f3 ayer por las redes, nos llev\u00f3 a consultar a Esval por este extra\u00f1o fen\u00f3meno, del que incluso algunos culparon a Codelco. La respuesta fue bastante sencilla y quisimos compartirla con ustedes.<br \/>\nDe acuerdo a Gonzalo G\u00e1lvez Torres, Encargado de Medios de Esval, \u00abeste fen\u00f3meno es habitual en algunas casas tras un corte del suministro, y se produce por la reabsorci\u00f3n del agua en los hogares donde hay dispositivos perfumantes o de limpieza, ya sea en el estanque del WC o en la grifer\u00eda de ba\u00f1o y\/o cocina.<br \/>\n\u00abNo es de responsabilidad de Esval ni tampoco procede de nuestras fuentes, es simplemente un episodio puntual que se produce tras un corte -como el que hubo en el sector de Tocornal esta tarde (ayer)- y dura algunos minutos. En estos casos, se sugiere dejar escurrir el agua hasta que se vaya normalizando\u00bb<\/p>\n","protected":false},"excerpt":{"rendered":"<p>Una singular fotograf\u00eda de una llave escurriendo agua de color azul intenso en el lavaplatos de una casa, que circul\u00f3 ayer por las redes, nos llev\u00f3 a consultar a Esval por este&#8230;<\/p>\n","protected":false},"author":1,"featured_media":67660,"comment_status":"open","ping_status":"open","sticky":false,"template":"","format":"standard","meta":{"advanced_seo_description":"","jetpack_seo_html_title":"","jetpack_seo_noindex":false,"_jetpack_memberships_contains_paid_content":false,"footnotes":""},"categories":[15],"tags":[],"class_list":["post-67659","post","type-post","status-publish","format-standard","has-post-thumbnail","hentry","category-comunidad"],"jetpack_featured_media_url":"https:\/\/i0.wp.com\/eltrabajo.cl\/portal\/wp-content\/uploads\/2016\/03\/agua-azul.jpg?fit=530%2C349&ssl=1","jetpack_sharing_enabled":true,"jetpack_likes_enabled":true,"jetpack-related-posts":[],"_links":{"self":[{"href":"https:\/\/eltrabajo.cl\/portal\/wp-json\/wp\/v2\/posts\/67659","targetHints":{"allow":["GET"]}}],"collection":[{"href":"https:\/\/eltrabajo.cl\/portal\/wp-json\/wp\/v2\/posts"}],"about":[{"href":"https:\/\/eltrabajo.cl\/portal\/wp-json\/wp\/v2\/types\/post"}],"author":[{"embeddable":true,"href":"https:\/\/eltrabajo.cl\/portal\/wp-json\/wp\/v2\/users\/1"}],"replies":[{"embeddable":true,"href":"https:\/\/eltrabajo.cl\/portal\/wp-json\/wp\/v2\/comments?post=67659"}],"version-history":[{"count":0,"href":"https:\/\/eltrabajo.cl\/portal\/wp-json\/wp\/v2\/posts\/67659\/revisions"}],"wp:featuredmedia":[{"embeddable":true,"href":"https:\/\/eltrabajo.cl\/portal\/wp-json\/wp\/v2\/media\/67660"}],"wp:attachment":[{"href":"https:\/\/eltrabajo.cl\/portal\/wp-json\/wp\/v2\/media?parent=67659"}],"wp:term":[{"taxonomy":"category","embeddable":true,"href":"https:\/\/eltrabajo.cl\/portal\/wp-json\/wp\/v2\/categories?post=67659"},{"taxonomy":"post_tag","embeddable":true,"href":"https:\/\/eltrabajo.cl\/portal\/wp-json\/wp\/v2\/tags?post=67659"}],"curies":[{"name":"wp","href":"https:\/\/api.w.org\/{rel}","templated":true}]}}