{"id":67671,"date":"2016-03-11T09:12:11","date_gmt":"2016-03-11T12:12:11","guid":{"rendered":"http:\/\/www.eltrabajo.cl\/portal\/?p=67671"},"modified":"2016-03-11T09:16:41","modified_gmt":"2016-03-11T12:16:41","slug":"papa-era-el-alma-de-la-fiesta-en-cualquier-lugar-en-el-que-estuviera","status":"publish","type":"post","link":"https:\/\/eltrabajo.cl\/portal\/papa-era-el-alma-de-la-fiesta-en-cualquier-lugar-en-el-que-estuviera\/","title":{"rendered":"Pap\u00e1 era \u2018el alma de la fiesta\u2019 en cualquier lugar en el que estuviera"},"content":{"rendered":"<p><strong>Marisol Contreras, hija v\u00edctima de homicidio en Los Olmos:<\/strong><\/p>\n<p>Luego que se supo en todo el Valle de Aconcagua el tr\u00e1gico final que experiment\u00f3 el querid\u00edsimo Juan Jos\u00e9 \u2018Corbatita\u2019 Contreras Cordero, vecino de Santa Mar\u00eda, quien apareciera sin vida en un sector de San Esteban de Los Andes, la consternaci\u00f3n y el pesar se apoder\u00f3 de miles de personas que le conoc\u00edan, al igual que a su familia, pues don Juan Jos\u00e9 era todo un personaje.<\/p>\n<p><strong>TODOS LO LLORAN<\/strong><br \/>\nLo comentan en los paraderos de buses; en el Terminal; en los mercados; en las empresas y en las plazas, \u2018Corbatita\u2019 se nos fue. Diario El Trabajo pudo hablar este jueves con una de sus hijas, Marisol Contreras Rosas, quien nos atendi\u00f3 en la vivienda en que est\u00e1 siendo velado su padre, ubicada en callej\u00f3n Silva de San Fernando, compartiendo as\u00ed con nuestros lectores detalles de su ahora difunto padre.<br \/>\n<strong>&#8211; \u00bfC\u00f3mo describir\u00edas a tu padre?<\/strong><br \/>\n&#8211; Pap\u00e1 era bromista y alguien que viv\u00eda su vida en un d\u00eda a d\u00eda; ten\u00eda 73 a\u00f1os y los \u00faltimos a\u00f1os los dedic\u00f3 a ser fletero. Cuando empez\u00f3 con esto de los fletes, \u00e9l puso un letrero en su camioneta que dec\u00eda \u2018El Fletero del pueblo, soltero y el m\u00e1s baratero\u2019, todos lo quer\u00edan por su buen sentido del humor y el buen trato que ten\u00eda con las personas.<br \/>\n<strong>&#8211; \u00bfTuvo muchos hijos \u2018Corbatita\u2019?<\/strong><br \/>\n&#8211; Pap\u00e1 ten\u00eda tres hijos, Juan, yo y Jos\u00e9; ten\u00eda tambi\u00e9n cinco nietos y dos bisnietas. \u00c9l naci\u00f3 en Calle El Canuto de San Esteban. Era cat\u00f3lico. Pap\u00e1 era casado con nuestra madre, Carmen Rosas, quien falleciera hace seis meses.<br \/>\n<strong>&#8211; \u00bfPor qu\u00e9 le dec\u00edan \u2018Corbatita\u2019 a su pap\u00e1?<\/strong><br \/>\n&#8211; Porque a \u00e9l le encantaba vestirse de terno completo los domingos, muy feliz con su corbatita, por eso le pusieron ese apodo y a \u00e9l no le molestaba.<br \/>\n<strong>&#8211; \u00bfLe afect\u00f3 mucho a su pap\u00e1 la muerte de tu madre?<\/strong><br \/>\n&#8211; S\u00ed. Claro que le afect\u00f3 bastante, pero ni toda la tristeza que sent\u00eda, lo doblegaron, \u00e9l segu\u00eda siendo \u2018El alma de la fiesta\u2019 en cada lugar que visitaba.<br \/>\n<strong>&#8211; Como familia, \u00bfqu\u00e9 suponen ustedes que pas\u00f3 con don Juan Jos\u00e9?<\/strong><br \/>\n&#8211; Suponemos que a pap\u00e1 lo asaltaron, todo nos hace pensar eso, aunque ser\u00e1 la Polic\u00eda la que establezca la causa real de su muerte y el m\u00f3vil del crimen.<br \/>\nEl velatorio de Juan Jos\u00e9 \u2018Corbatita\u2019 Contreras se est\u00e1 realizando en la casa de habitaci\u00f3n de su hija Marisol, en callej\u00f3n Silva, los funerales se realizan hoy a las 17 horas en la iglesia local de Santa Mar\u00eda, pasando luego a ser sepultado en el cementerio municipal de la comuna.<br \/>\nRoberto Gonz\u00e1lez Short<br \/>\nrgonzalez@eltrabajo.cl<br \/>\nENVIADO ESPECIAL<\/p>\n<div class=\"tiled-gallery type-rectangular tiled-gallery-unresized\" data-original-width=\"640\" data-carousel-extra='null' itemscope itemtype=\"http:\/\/schema.org\/ImageGallery\" > <div class=\"gallery-row\" style=\"width: 640px; height: 282px;\" data-original-width=\"640\" data-original-height=\"282\" > <div class=\"gallery-group images-1\" style=\"width: 428px; height: 282px;\" data-original-width=\"428\" data-original-height=\"282\" > <div class=\"tiled-gallery-item tiled-gallery-item-large\" itemprop=\"associatedMedia\" itemscope itemtype=\"http:\/\/schema.org\/ImageObject\"> <a href=\"https:\/\/eltrabajo.cl\/portal\/papa-era-el-alma-de-la-fiesta-en-cualquier-lugar-en-el-que-estuviera\/juan-jose-contreras-cordero\/\" border=\"0\" itemprop=\"url\"> <meta itemprop=\"width\" content=\"424\"> <meta itemprop=\"height\" content=\"278\"> <img decoding=\"async\" class=\"\" data-attachment-id=\"67678\" data-orig-file=\"https:\/\/eltrabajo.cl\/portal\/wp-content\/uploads\/2016\/03\/Juan-Jose-Contreras-Cordero.jpg\" data-orig-size=\"530,348\" data-comments-opened=\"1\" data-image-meta=\"{&quot;aperture&quot;:&quot;0&quot;,&quot;credit&quot;:&quot;&quot;,&quot;camera&quot;:&quot;&quot;,&quot;caption&quot;:&quot;&quot;,&quot;created_timestamp&quot;:&quot;0&quot;,&quot;copyright&quot;:&quot;&quot;,&quot;focal_length&quot;:&quot;0&quot;,&quot;iso&quot;:&quot;0&quot;,&quot;shutter_speed&quot;:&quot;0&quot;,&quot;title&quot;:&quot;&quot;,&quot;orientation&quot;:&quot;0&quot;}\" data-image-title=\"Juan Jos\u00e9 \u2018Corbatita\u2019 Contreras Cordero, vecino de Santa Mar\u00eda, ser\u00e1 sepultado hoy.\" data-image-description=\"&lt;p&gt;Juan Jos\u00e9 \u2018Corbatita\u2019 Contreras Cordero, vecino de Santa Mar\u00eda, ser\u00e1 sepultado hoy.&lt;\/p&gt; \" data-medium-file=\"https:\/\/i0.wp.com\/eltrabajo.cl\/portal\/wp-content\/uploads\/2016\/03\/Juan-Jose-Contreras-Cordero.jpg?fit=300%2C197&#038;ssl=1\" data-large-file=\"https:\/\/i0.wp.com\/eltrabajo.cl\/portal\/wp-content\/uploads\/2016\/03\/Juan-Jose-Contreras-Cordero.jpg?fit=530%2C348&#038;ssl=1\" src=\"https:\/\/i0.wp.com\/eltrabajo.cl\/portal\/wp-content\/uploads\/2016\/03\/Juan-Jose-Contreras-Cordero.jpg?w=424&#038;h=278&#038;ssl=1\" srcset=\"https:\/\/i0.wp.com\/eltrabajo.cl\/portal\/wp-content\/uploads\/2016\/03\/Juan-Jose-Contreras-Cordero.jpg?w=530&amp;ssl=1 530w, https:\/\/i0.wp.com\/eltrabajo.cl\/portal\/wp-content\/uploads\/2016\/03\/Juan-Jose-Contreras-Cordero.jpg?resize=200%2C131&amp;ssl=1 200w, https:\/\/i0.wp.com\/eltrabajo.cl\/portal\/wp-content\/uploads\/2016\/03\/Juan-Jose-Contreras-Cordero.jpg?resize=300%2C197&amp;ssl=1 300w, https:\/\/i0.wp.com\/eltrabajo.cl\/portal\/wp-content\/uploads\/2016\/03\/Juan-Jose-Contreras-Cordero.jpg?resize=228%2C150&amp;ssl=1 228w, https:\/\/i0.wp.com\/eltrabajo.cl\/portal\/wp-content\/uploads\/2016\/03\/Juan-Jose-Contreras-Cordero.jpg?resize=400%2C263&amp;ssl=1 400w\" width=\"424\" height=\"278\" loading=\"lazy\" data-original-width=\"424\" data-original-height=\"278\" itemprop=\"http:\/\/schema.org\/image\" title=\"Juan Jos\u00e9 \u2018Corbatita\u2019 Contreras Cordero, vecino de Santa Mar\u00eda, ser\u00e1 sepultado hoy.\" alt=\"Juan Jos\u00e9 \u2018Corbatita\u2019 Contreras Cordero, vecino de Santa Mar\u00eda, ser\u00e1 sepultado hoy.\" style=\"width: 424px; height: 278px;\" \/> <\/a> <div class=\"tiled-gallery-caption\" itemprop=\"caption description\"> Juan Jos\u00e9 \u2018Corbatita\u2019 Contreras Cordero, vecino de Santa Mar\u00eda, ser\u00e1 sepultado hoy. <\/div> <\/div> <\/div> <!-- close group --> <div class=\"gallery-group images-2\" style=\"width: 212px; height: 282px;\" data-original-width=\"212\" data-original-height=\"282\" > <div class=\"tiled-gallery-item tiled-gallery-item-small\" itemprop=\"associatedMedia\" itemscope itemtype=\"http:\/\/schema.org\/ImageObject\"> <a href=\"https:\/\/eltrabajo.cl\/portal\/papa-era-el-alma-de-la-fiesta-en-cualquier-lugar-en-el-que-estuviera\/cuerpo1-6\/\" border=\"0\" itemprop=\"url\"> <meta itemprop=\"width\" content=\"208\"> <meta itemprop=\"height\" content=\"137\"> <img decoding=\"async\" class=\"\" data-attachment-id=\"67680\" data-orig-file=\"https:\/\/eltrabajo.cl\/portal\/wp-content\/uploads\/2016\/03\/Cuerpo1.jpg\" data-orig-size=\"530,350\" data-comments-opened=\"1\" data-image-meta=\"{&quot;aperture&quot;:&quot;0&quot;,&quot;credit&quot;:&quot;&quot;,&quot;camera&quot;:&quot;&quot;,&quot;caption&quot;:&quot;&quot;,&quot;created_timestamp&quot;:&quot;0&quot;,&quot;copyright&quot;:&quot;&quot;,&quot;focal_length&quot;:&quot;0&quot;,&quot;iso&quot;:&quot;0&quot;,&quot;shutter_speed&quot;:&quot;0&quot;,&quot;title&quot;:&quot;&quot;,&quot;orientation&quot;:&quot;0&quot;}\" data-image-title=\"TRISTE FINAL.- El cuerpo de \u2018Corbatita\u2019 Contreras fue hallado en callej\u00f3n Los Olmos de San Esteban.\" data-image-description=\"&lt;p&gt;TRISTE FINAL.- El cuerpo de \u2018Corbatita\u2019 Contreras fue hallado en callej\u00f3n Los Olmos de San Esteban.&lt;\/p&gt; \" data-medium-file=\"https:\/\/i0.wp.com\/eltrabajo.cl\/portal\/wp-content\/uploads\/2016\/03\/Cuerpo1.jpg?fit=300%2C198&#038;ssl=1\" data-large-file=\"https:\/\/i0.wp.com\/eltrabajo.cl\/portal\/wp-content\/uploads\/2016\/03\/Cuerpo1.jpg?fit=530%2C350&#038;ssl=1\" src=\"https:\/\/i0.wp.com\/eltrabajo.cl\/portal\/wp-content\/uploads\/2016\/03\/Cuerpo1.jpg?w=208&#038;h=137&#038;ssl=1\" srcset=\"https:\/\/i0.wp.com\/eltrabajo.cl\/portal\/wp-content\/uploads\/2016\/03\/Cuerpo1.jpg?w=530&amp;ssl=1 530w, https:\/\/i0.wp.com\/eltrabajo.cl\/portal\/wp-content\/uploads\/2016\/03\/Cuerpo1.jpg?resize=200%2C132&amp;ssl=1 200w, https:\/\/i0.wp.com\/eltrabajo.cl\/portal\/wp-content\/uploads\/2016\/03\/Cuerpo1.jpg?resize=300%2C198&amp;ssl=1 300w, https:\/\/i0.wp.com\/eltrabajo.cl\/portal\/wp-content\/uploads\/2016\/03\/Cuerpo1.jpg?resize=227%2C150&amp;ssl=1 227w, https:\/\/i0.wp.com\/eltrabajo.cl\/portal\/wp-content\/uploads\/2016\/03\/Cuerpo1.jpg?resize=400%2C264&amp;ssl=1 400w\" width=\"208\" height=\"137\" loading=\"lazy\" data-original-width=\"208\" data-original-height=\"137\" itemprop=\"http:\/\/schema.org\/image\" title=\"TRISTE FINAL.- El cuerpo de \u2018Corbatita\u2019 Contreras fue hallado en callej\u00f3n Los Olmos de San Esteban.\" alt=\"TRISTE FINAL.- El cuerpo de \u2018Corbatita\u2019 Contreras fue hallado en callej\u00f3n Los Olmos de San Esteban.\" style=\"width: 208px; height: 137px;\" \/> <\/a> <div class=\"tiled-gallery-caption\" itemprop=\"caption description\"> TRISTE FINAL.- El cuerpo de \u2018Corbatita\u2019 Contreras fue hallado en callej\u00f3n Los Olmos de San Esteban. <\/div> <\/div> <div class=\"tiled-gallery-item tiled-gallery-item-small\" itemprop=\"associatedMedia\" itemscope itemtype=\"http:\/\/schema.org\/ImageObject\"> <a href=\"https:\/\/eltrabajo.cl\/portal\/papa-era-el-alma-de-la-fiesta-en-cualquier-lugar-en-el-que-estuviera\/marisol-contreras\/\" border=\"0\" itemprop=\"url\"> <meta itemprop=\"width\" content=\"208\"> <meta itemprop=\"height\" content=\"137\"> <img decoding=\"async\" class=\"\" data-attachment-id=\"67679\" data-orig-file=\"https:\/\/eltrabajo.cl\/portal\/wp-content\/uploads\/2016\/03\/Marisol-Contreras.jpg\" data-orig-size=\"530,348\" data-comments-opened=\"1\" data-image-meta=\"{&quot;aperture&quot;:&quot;0&quot;,&quot;credit&quot;:&quot;&quot;,&quot;camera&quot;:&quot;&quot;,&quot;caption&quot;:&quot;&quot;,&quot;created_timestamp&quot;:&quot;0&quot;,&quot;copyright&quot;:&quot;&quot;,&quot;focal_length&quot;:&quot;0&quot;,&quot;iso&quot;:&quot;0&quot;,&quot;shutter_speed&quot;:&quot;0&quot;,&quot;title&quot;:&quot;&quot;,&quot;orientation&quot;:&quot;0&quot;}\" data-image-title=\"Marisol Contreras, hija del tristemente c\u00e9lebre \u2018Corbatita\u2019 Contreras.\" data-image-description=\"&lt;p&gt;Marisol Contreras, hija del tristemente c\u00e9lebre \u2018Corbatita\u2019 Contreras.&lt;\/p&gt; \" data-medium-file=\"https:\/\/i0.wp.com\/eltrabajo.cl\/portal\/wp-content\/uploads\/2016\/03\/Marisol-Contreras.jpg?fit=300%2C197&#038;ssl=1\" data-large-file=\"https:\/\/i0.wp.com\/eltrabajo.cl\/portal\/wp-content\/uploads\/2016\/03\/Marisol-Contreras.jpg?fit=530%2C348&#038;ssl=1\" src=\"https:\/\/i0.wp.com\/eltrabajo.cl\/portal\/wp-content\/uploads\/2016\/03\/Marisol-Contreras.jpg?w=208&#038;h=137&#038;ssl=1\" srcset=\"https:\/\/i0.wp.com\/eltrabajo.cl\/portal\/wp-content\/uploads\/2016\/03\/Marisol-Contreras.jpg?w=530&amp;ssl=1 530w, https:\/\/i0.wp.com\/eltrabajo.cl\/portal\/wp-content\/uploads\/2016\/03\/Marisol-Contreras.jpg?resize=200%2C131&amp;ssl=1 200w, https:\/\/i0.wp.com\/eltrabajo.cl\/portal\/wp-content\/uploads\/2016\/03\/Marisol-Contreras.jpg?resize=300%2C197&amp;ssl=1 300w, https:\/\/i0.wp.com\/eltrabajo.cl\/portal\/wp-content\/uploads\/2016\/03\/Marisol-Contreras.jpg?resize=228%2C150&amp;ssl=1 228w, https:\/\/i0.wp.com\/eltrabajo.cl\/portal\/wp-content\/uploads\/2016\/03\/Marisol-Contreras.jpg?resize=400%2C263&amp;ssl=1 400w\" width=\"208\" height=\"137\" loading=\"lazy\" data-original-width=\"208\" data-original-height=\"137\" itemprop=\"http:\/\/schema.org\/image\" title=\"Marisol Contreras, hija del tristemente c\u00e9lebre \u2018Corbatita\u2019 Contreras.\" alt=\"Marisol Contreras, hija del tristemente c\u00e9lebre \u2018Corbatita\u2019 Contreras.\" style=\"width: 208px; height: 137px;\" \/> <\/a> <div class=\"tiled-gallery-caption\" itemprop=\"caption description\"> Marisol Contreras, hija del tristemente c\u00e9lebre \u2018Corbatita\u2019 Contreras. <\/div> <\/div> <\/div> <!-- close group --> <\/div> <!-- close row --> <\/div>\n","protected":false},"excerpt":{"rendered":"<p>Marisol Contreras, hija v\u00edctima de homicidio en Los Olmos: Luego que se supo en todo el Valle de Aconcagua el tr\u00e1gico final que experiment\u00f3 el querid\u00edsimo Juan Jos\u00e9 \u2018Corbatita\u2019 Contreras Cordero, vecino&#8230;<\/p>\n","protected":false},"author":1,"featured_media":67678,"comment_status":"open","ping_status":"open","sticky":false,"template":"","format":"standard","meta":{"advanced_seo_description":"","jetpack_seo_html_title":"","jetpack_seo_noindex":false,"_jetpack_memberships_contains_paid_content":false,"footnotes":""},"categories":[15],"tags":[],"class_list":["post-67671","post","type-post","status-publish","format-standard","has-post-thumbnail","hentry","category-comunidad"],"jetpack_featured_media_url":"https:\/\/i0.wp.com\/eltrabajo.cl\/portal\/wp-content\/uploads\/2016\/03\/Juan-Jose-Contreras-Cordero.jpg?fit=530%2C348&ssl=1","jetpack_sharing_enabled":true,"jetpack_likes_enabled":true,"jetpack-related-posts":[],"_links":{"self":[{"href":"https:\/\/eltrabajo.cl\/portal\/wp-json\/wp\/v2\/posts\/67671","targetHints":{"allow":["GET"]}}],"collection":[{"href":"https:\/\/eltrabajo.cl\/portal\/wp-json\/wp\/v2\/posts"}],"about":[{"href":"https:\/\/eltrabajo.cl\/portal\/wp-json\/wp\/v2\/types\/post"}],"author":[{"embeddable":true,"href":"https:\/\/eltrabajo.cl\/portal\/wp-json\/wp\/v2\/users\/1"}],"replies":[{"embeddable":true,"href":"https:\/\/eltrabajo.cl\/portal\/wp-json\/wp\/v2\/comments?post=67671"}],"version-history":[{"count":0,"href":"https:\/\/eltrabajo.cl\/portal\/wp-json\/wp\/v2\/posts\/67671\/revisions"}],"wp:featuredmedia":[{"embeddable":true,"href":"https:\/\/eltrabajo.cl\/portal\/wp-json\/wp\/v2\/media\/67678"}],"wp:attachment":[{"href":"https:\/\/eltrabajo.cl\/portal\/wp-json\/wp\/v2\/media?parent=67671"}],"wp:term":[{"taxonomy":"category","embeddable":true,"href":"https:\/\/eltrabajo.cl\/portal\/wp-json\/wp\/v2\/categories?post=67671"},{"taxonomy":"post_tag","embeddable":true,"href":"https:\/\/eltrabajo.cl\/portal\/wp-json\/wp\/v2\/tags?post=67671"}],"curies":[{"name":"wp","href":"https:\/\/api.w.org\/{rel}","templated":true}]}}