{"id":67703,"date":"2016-03-11T09:28:22","date_gmt":"2016-03-11T12:28:22","guid":{"rendered":"http:\/\/www.eltrabajo.cl\/portal\/?p=67703"},"modified":"2016-03-11T09:28:22","modified_gmt":"2016-03-11T12:28:22","slug":"de-un-escopetazo-hombre-asesino-a-su-pareja-y-luego-se-suicido","status":"publish","type":"post","link":"https:\/\/eltrabajo.cl\/portal\/de-un-escopetazo-hombre-asesino-a-su-pareja-y-luego-se-suicido\/","title":{"rendered":"De un escopetazo hombre asesin\u00f3 a su pareja y luego se suicid\u00f3"},"content":{"rendered":"<figure id=\"attachment_67704\" aria-describedby=\"caption-attachment-67704\" style=\"width: 300px\" class=\"wp-caption alignleft\"><a href=\"http:\/\/www.eltrabajo.cl\/portal\/de-un-escopetazo-hombre-asesino-a-su-pareja-y-luego-se-suicido\/comisario-gino-gutierrez-8\/\" rel=\"attachment wp-att-67704\"><img data-recalc-dims=\"1\" loading=\"lazy\" decoding=\"async\" class=\"size-medium wp-image-67704\" src=\"https:\/\/i0.wp.com\/www.eltrabajo.cl\/portal\/wp-content\/uploads\/2016\/03\/Comisario-Gino-Gutierrez-300x198.jpg?resize=300%2C198\" alt=\"Comisario Gino Guti\u00e9rrez, jefe de la Brigada de Homicidios.\" width=\"300\" height=\"198\" srcset=\"https:\/\/i0.wp.com\/eltrabajo.cl\/portal\/wp-content\/uploads\/2016\/03\/Comisario-Gino-Gutierrez.jpg?resize=300%2C198&amp;ssl=1 300w, https:\/\/i0.wp.com\/eltrabajo.cl\/portal\/wp-content\/uploads\/2016\/03\/Comisario-Gino-Gutierrez.jpg?resize=200%2C132&amp;ssl=1 200w, https:\/\/i0.wp.com\/eltrabajo.cl\/portal\/wp-content\/uploads\/2016\/03\/Comisario-Gino-Gutierrez.jpg?resize=227%2C150&amp;ssl=1 227w, https:\/\/i0.wp.com\/eltrabajo.cl\/portal\/wp-content\/uploads\/2016\/03\/Comisario-Gino-Gutierrez.jpg?resize=400%2C264&amp;ssl=1 400w, https:\/\/i0.wp.com\/eltrabajo.cl\/portal\/wp-content\/uploads\/2016\/03\/Comisario-Gino-Gutierrez.jpg?w=530&amp;ssl=1 530w\" sizes=\"auto, (max-width: 300px) 100vw, 300px\" \/><\/a><figcaption id=\"caption-attachment-67704\" class=\"wp-caption-text\">Comisario Gino Guti\u00e9rrez, jefe de la Brigada de Homicidios.<\/figcaption><\/figure>\n<p><strong>Manten\u00edan problemas de convivencia que gatillaron este tr\u00e1gico desenlace.<\/strong><\/p>\n<p><strong>RINCONADA.-<\/strong> El cuidador de un fundo dio muerte a su esposa dispar\u00e1ndole un tiro de escopeta en la cabeza y luego se quit\u00f3 la vida usando la misma arma.<br \/>\nEste Femicidio y suicidio se produjo a eso de las 3 de la madrugada al interior de una casa ubicada en el fundo Porchile en el sector de Ba\u00f1os de Auco de esa comuna, luego que tras sostener una discusi\u00f3n, el trabajador Fernando Octavio G\u00f3mez Mu\u00f1oz (62) tom\u00f3 una escopeta de su propiedad que manten\u00eda debidamente inscrita para caza y dispar\u00f3 un tiro en la parte izquierda de la cabeza a su mujer Nancy Domitila Arenas Astudillo (58,) que se encontraba acostada en la cama de su dormitorio, falleciendo en el acto.<br \/>\nPosteriormente se arrodill\u00f3 a los pies de la cama y se descerraj\u00f3 un tiro en el rostro muriendo tambi\u00e9n de manera instant\u00e1nea.<br \/>\nLos disparos alertaron a otro trabajador del fundo que observ\u00f3 a trav\u00e9s de una ventana el cuerpo de la mujer, dando aviso a Carabineros.<br \/>\nPersonal de la Tenencia de esa comuna lleg\u00f3 hasta el inmueble y al ingresar se encontr\u00f3 con la macabra escena.<br \/>\nHasta el lugar concurri\u00f3 el fiscal de turno Osvaldo Basso quien orden\u00f3 la concurrencia de la Brigada de Homicidios de la PDI para esclarecer los hechos.<br \/>\nSeg\u00fan relataron familiares a la polic\u00eda, la pareja manten\u00eda problemas de convivencia que habr\u00eda gatillado este tr\u00e1gico desenlace.<br \/>\nEl Jefe de la Brigada de Homicidios, Comisario Gino Guti\u00e9rrez, ratific\u00f3 que se trat\u00f3 de un Femicidio y posterior suicidio usando para ello una escopeta calibre 12.<br \/>\nIndic\u00f3 que en el lugar no se encontraron cartas explicando los motivos de esta decisi\u00f3n tan brutal, \u201cpero aparentemente y conforme a lo que \u00e9l le habr\u00eda se\u00f1alado a familiares comunica el hecho de haber cometido el Femicidio antes de quitarse la vida\u201d.<br \/>\nA\u00f1adi\u00f3 que conforme a la evidencia levantada en el sitio del suceso dan cuenta que no hubo participaci\u00f3n de terceros, \u201cadem\u00e1s el arma junto a la munici\u00f3n fueron levantadas para ser sometidas a las pericias bal\u00edsticas respectivas\u201d.A<br \/>\nPrecis\u00f3 que aunque no hab\u00eda denuncias previas por violencia intrafamiliar, \u201caparentemente hab\u00edan diferencias que se manten\u00edan en el seno de este matrimonio, puesto que las indagaciones que efectuamos no arrojaron situaciones hacia el exterior ni hacia la familia ni hacia el entorno laboral\u201d.<br \/>\nLos cuerpos de las v\u00edctimas fueron levantados y remitidos al Servicio M\u00e9dico Legal de San Felipe para la autopsia de rigor.<\/p>\n","protected":false},"excerpt":{"rendered":"<p>Manten\u00edan problemas de convivencia que gatillaron este tr\u00e1gico desenlace. RINCONADA.- El cuidador de un fundo dio muerte a su esposa dispar\u00e1ndole un tiro de escopeta en la cabeza y luego se quit\u00f3&#8230;<\/p>\n","protected":false},"author":1,"featured_media":67704,"comment_status":"open","ping_status":"open","sticky":false,"template":"","format":"standard","meta":{"advanced_seo_description":"","jetpack_seo_html_title":"","jetpack_seo_noindex":false,"_jetpack_memberships_contains_paid_content":false,"footnotes":""},"categories":[21],"tags":[],"class_list":["post-67703","post","type-post","status-publish","format-standard","has-post-thumbnail","hentry","category-policial"],"jetpack_featured_media_url":"https:\/\/i0.wp.com\/eltrabajo.cl\/portal\/wp-content\/uploads\/2016\/03\/Comisario-Gino-Gutierrez.jpg?fit=530%2C350&ssl=1","jetpack_sharing_enabled":true,"jetpack_likes_enabled":true,"jetpack-related-posts":[],"_links":{"self":[{"href":"https:\/\/eltrabajo.cl\/portal\/wp-json\/wp\/v2\/posts\/67703","targetHints":{"allow":["GET"]}}],"collection":[{"href":"https:\/\/eltrabajo.cl\/portal\/wp-json\/wp\/v2\/posts"}],"about":[{"href":"https:\/\/eltrabajo.cl\/portal\/wp-json\/wp\/v2\/types\/post"}],"author":[{"embeddable":true,"href":"https:\/\/eltrabajo.cl\/portal\/wp-json\/wp\/v2\/users\/1"}],"replies":[{"embeddable":true,"href":"https:\/\/eltrabajo.cl\/portal\/wp-json\/wp\/v2\/comments?post=67703"}],"version-history":[{"count":0,"href":"https:\/\/eltrabajo.cl\/portal\/wp-json\/wp\/v2\/posts\/67703\/revisions"}],"wp:featuredmedia":[{"embeddable":true,"href":"https:\/\/eltrabajo.cl\/portal\/wp-json\/wp\/v2\/media\/67704"}],"wp:attachment":[{"href":"https:\/\/eltrabajo.cl\/portal\/wp-json\/wp\/v2\/media?parent=67703"}],"wp:term":[{"taxonomy":"category","embeddable":true,"href":"https:\/\/eltrabajo.cl\/portal\/wp-json\/wp\/v2\/categories?post=67703"},{"taxonomy":"post_tag","embeddable":true,"href":"https:\/\/eltrabajo.cl\/portal\/wp-json\/wp\/v2\/tags?post=67703"}],"curies":[{"name":"wp","href":"https:\/\/api.w.org\/{rel}","templated":true}]}}