{"id":67707,"date":"2016-03-14T08:15:05","date_gmt":"2016-03-14T11:15:05","guid":{"rendered":"http:\/\/www.eltrabajo.cl\/portal\/?p=67707"},"modified":"2016-03-14T08:15:05","modified_gmt":"2016-03-14T11:15:05","slug":"joven-estudiante-andina-participo-en-campamento-cientifico-bayer-kimplu","status":"publish","type":"post","link":"https:\/\/eltrabajo.cl\/portal\/joven-estudiante-andina-participo-en-campamento-cientifico-bayer-kimplu\/","title":{"rendered":"Joven estudiante andina particip\u00f3 en campamento cient\u00edfico Bayer Kimplu"},"content":{"rendered":"<figure id=\"attachment_67710\" aria-describedby=\"caption-attachment-67710\" style=\"width: 300px\" class=\"wp-caption alignleft\"><a href=\"http:\/\/www.eltrabajo.cl\/portal\/joven-estudiante-andina-participo-en-campamento-cientifico-bayer-kimplu\/maria-graciela\/\" rel=\"attachment wp-att-67710\"><img data-recalc-dims=\"1\" loading=\"lazy\" decoding=\"async\" class=\"size-medium wp-image-67710\" src=\"https:\/\/i0.wp.com\/www.eltrabajo.cl\/portal\/wp-content\/uploads\/2016\/03\/Maria-Graciela-300x198.jpg?resize=300%2C198\" alt=\"Mar\u00eda Graciela Cantellano fue una de las 40 j\u00f3venes de Chile y Argentina que particip\u00f3 en la quinta versi\u00f3n del campamento cient\u00edfico Bayer Kimlu desarrollado en el Parque Tantauco en la Isla de Chiloe.\" width=\"300\" height=\"198\" srcset=\"https:\/\/i0.wp.com\/eltrabajo.cl\/portal\/wp-content\/uploads\/2016\/03\/Maria-Graciela.jpg?resize=300%2C198&amp;ssl=1 300w, https:\/\/i0.wp.com\/eltrabajo.cl\/portal\/wp-content\/uploads\/2016\/03\/Maria-Graciela.jpg?resize=200%2C132&amp;ssl=1 200w, https:\/\/i0.wp.com\/eltrabajo.cl\/portal\/wp-content\/uploads\/2016\/03\/Maria-Graciela.jpg?resize=227%2C150&amp;ssl=1 227w, https:\/\/i0.wp.com\/eltrabajo.cl\/portal\/wp-content\/uploads\/2016\/03\/Maria-Graciela.jpg?resize=400%2C264&amp;ssl=1 400w, https:\/\/i0.wp.com\/eltrabajo.cl\/portal\/wp-content\/uploads\/2016\/03\/Maria-Graciela.jpg?w=530&amp;ssl=1 530w\" sizes=\"auto, (max-width: 300px) 100vw, 300px\" \/><\/a><figcaption id=\"caption-attachment-67710\" class=\"wp-caption-text\">Mar\u00eda Graciela Cantellano fue una de las 40 j\u00f3venes de Chile y Argentina que particip\u00f3 en la quinta versi\u00f3n del campamento cient\u00edfico Bayer Kimlu desarrollado en el Parque Tantauco en la Isla de Chiloe.<\/figcaption><\/figure>\n<p><strong>Actividad se desarroll\u00f3 en el Parque Tantauco en la Isla de Chiloe.<\/strong><\/p>\n<p><strong>LOS ANDES.-<\/strong> Mar\u00eda Graciela Cantellano de Los Andes fue uno de los 40 j\u00f3venes de Chile y Argentina que participaron en la quinta versi\u00f3n del campamento cient\u00edfico Bayer Kimlu. La actividad tiene como prop\u00f3sito formar a la pr\u00f3xima generaci\u00f3n de l\u00edderes cient\u00edficos de Latinoam\u00e9rica y entregarles las herramientas necesarias para su desarrollo personal y profesional.<br \/>\nDurante 10 d\u00edas los campers realizaron cursos que buscaron potenciar sus aptitudes cient\u00edficas tales como talleres de m\u00e9todo e investigaciones, adem\u00e1s de actividades recreacionales al aire libre como trekking, en un ambiente de alta exigencia y trabajo en equipo.<br \/>\n\u201cPostul\u00e9 a este campamento porque consider\u00e9 que era una gran oportunidad para aprender m\u00e1s sobre la ciencia y ver si me motivaba m\u00e1s por esto que me apasiona. Creo que fue una muy buena oportunidad para aprender y conocer gente nueva que tiene los mismos gustos\u201d, destac\u00f3 Mar\u00eda Graciela Cantellano.<br \/>\n\u201cComo fundaci\u00f3n creemos que estos j\u00f3venes tienen un gran futuro en la rama de las ciencias y queremos seguir gui\u00e1ndolos en su camino profesional. Nos sentimos orgullosos de los 40 asistentes y las habilidades que mostraron durante los 10 d\u00edas. Adem\u00e1s esta fue la primera vez que realizamos el campamento en Chilo\u00e9 y el ecosistema del Parque Tantauco fue una verdadera contribuci\u00f3n para los campers\u201d, destac\u00f3 \u00d3scar Contreras, director ejecutivo de la Fundaci\u00f3n Ciencia Joven.<br \/>\nCabe destacar que la mayor\u00eda de los seleccionados ya han ganado premios en el \u00e1rea de la ciencia y destacan por su participaci\u00f3n en Olimpiadas de Ciencias, Congresos Nacionales e Internacionales, entre otras.<br \/>\n\u201cEstamos felices por el resultado que obtuvimos este a\u00f1o. Para Bayer es muy importante compartir con los j\u00f3venes el esp\u00edritu de sacarle partido a la ciencia para ponerla al servicio de las personas\u201d, explic\u00f3 Camila Reid, Directora de Relaciones Institucionales de Bayer.<br \/>\nEsta fue la quinta versi\u00f3n del Campamento Cient\u00edfico Bayer Kimlu, que ya ha inspirado a m\u00e1s de 200 j\u00f3venes que se han desarrollado personal y profesionalmente, y hoy estudian en las mejores universidades del continente, conformando una red de l\u00edderes en ciencia.<\/p>\n","protected":false},"excerpt":{"rendered":"<p>Actividad se desarroll\u00f3 en el Parque Tantauco en la Isla de Chiloe. LOS ANDES.- Mar\u00eda Graciela Cantellano de Los Andes fue uno de los 40 j\u00f3venes de Chile y Argentina que participaron&#8230;<\/p>\n","protected":false},"author":1,"featured_media":67710,"comment_status":"open","ping_status":"open","sticky":false,"template":"","format":"standard","meta":{"advanced_seo_description":"","jetpack_seo_html_title":"","jetpack_seo_noindex":false,"_jetpack_memberships_contains_paid_content":false,"footnotes":""},"categories":[17],"tags":[],"class_list":["post-67707","post","type-post","status-publish","format-standard","has-post-thumbnail","hentry","category-educacion"],"jetpack_featured_media_url":"https:\/\/i0.wp.com\/eltrabajo.cl\/portal\/wp-content\/uploads\/2016\/03\/Maria-Graciela.jpg?fit=530%2C350&ssl=1","jetpack_sharing_enabled":true,"jetpack_likes_enabled":true,"jetpack-related-posts":[],"_links":{"self":[{"href":"https:\/\/eltrabajo.cl\/portal\/wp-json\/wp\/v2\/posts\/67707","targetHints":{"allow":["GET"]}}],"collection":[{"href":"https:\/\/eltrabajo.cl\/portal\/wp-json\/wp\/v2\/posts"}],"about":[{"href":"https:\/\/eltrabajo.cl\/portal\/wp-json\/wp\/v2\/types\/post"}],"author":[{"embeddable":true,"href":"https:\/\/eltrabajo.cl\/portal\/wp-json\/wp\/v2\/users\/1"}],"replies":[{"embeddable":true,"href":"https:\/\/eltrabajo.cl\/portal\/wp-json\/wp\/v2\/comments?post=67707"}],"version-history":[{"count":0,"href":"https:\/\/eltrabajo.cl\/portal\/wp-json\/wp\/v2\/posts\/67707\/revisions"}],"wp:featuredmedia":[{"embeddable":true,"href":"https:\/\/eltrabajo.cl\/portal\/wp-json\/wp\/v2\/media\/67710"}],"wp:attachment":[{"href":"https:\/\/eltrabajo.cl\/portal\/wp-json\/wp\/v2\/media?parent=67707"}],"wp:term":[{"taxonomy":"category","embeddable":true,"href":"https:\/\/eltrabajo.cl\/portal\/wp-json\/wp\/v2\/categories?post=67707"},{"taxonomy":"post_tag","embeddable":true,"href":"https:\/\/eltrabajo.cl\/portal\/wp-json\/wp\/v2\/tags?post=67707"}],"curies":[{"name":"wp","href":"https:\/\/api.w.org\/{rel}","templated":true}]}}