{"id":67717,"date":"2016-03-14T08:21:16","date_gmt":"2016-03-14T11:21:16","guid":{"rendered":"http:\/\/www.eltrabajo.cl\/portal\/?p=67717"},"modified":"2016-03-14T08:21:16","modified_gmt":"2016-03-14T11:21:16","slug":"preparan-plan-de-restauracion-de-sector-el-asiento-afectado-por-incendio","status":"publish","type":"post","link":"https:\/\/eltrabajo.cl\/portal\/preparan-plan-de-restauracion-de-sector-el-asiento-afectado-por-incendio\/","title":{"rendered":"Preparan plan de restauraci\u00f3n de sector El Asiento afectado por incendio"},"content":{"rendered":"<figure id=\"attachment_67718\" aria-describedby=\"caption-attachment-67718\" style=\"width: 530px\" class=\"wp-caption alignleft\"><a href=\"http:\/\/www.eltrabajo.cl\/portal\/preparan-plan-de-restauracion-de-sector-el-asiento-afectado-por-incendio\/incendio-el-asiento-2\/\" rel=\"attachment wp-att-67718\"><img data-recalc-dims=\"1\" loading=\"lazy\" decoding=\"async\" class=\"size-full wp-image-67718\" src=\"https:\/\/i0.wp.com\/www.eltrabajo.cl\/portal\/wp-content\/uploads\/2016\/03\/Incendio-El-Asiento-1.jpg?resize=530%2C350\" alt=\"El incendio consumi\u00f3 cerca de 760 hect\u00e1reas de matorrales y arbolado nativo, de las cuales 730 corresponden al Santuario de la Naturaleza Serran\u00eda El Cipr\u00e9s.\" width=\"530\" height=\"350\" srcset=\"https:\/\/i0.wp.com\/eltrabajo.cl\/portal\/wp-content\/uploads\/2016\/03\/Incendio-El-Asiento-1.jpg?w=530&amp;ssl=1 530w, https:\/\/i0.wp.com\/eltrabajo.cl\/portal\/wp-content\/uploads\/2016\/03\/Incendio-El-Asiento-1.jpg?resize=200%2C132&amp;ssl=1 200w, https:\/\/i0.wp.com\/eltrabajo.cl\/portal\/wp-content\/uploads\/2016\/03\/Incendio-El-Asiento-1.jpg?resize=300%2C198&amp;ssl=1 300w, https:\/\/i0.wp.com\/eltrabajo.cl\/portal\/wp-content\/uploads\/2016\/03\/Incendio-El-Asiento-1.jpg?resize=227%2C150&amp;ssl=1 227w, https:\/\/i0.wp.com\/eltrabajo.cl\/portal\/wp-content\/uploads\/2016\/03\/Incendio-El-Asiento-1.jpg?resize=400%2C264&amp;ssl=1 400w\" sizes=\"auto, (max-width: 530px) 100vw, 530px\" \/><\/a><figcaption id=\"caption-attachment-67718\" class=\"wp-caption-text\">El incendio consumi\u00f3 cerca de 760 hect\u00e1reas de matorrales y arbolado nativo, de las cuales 730 corresponden al Santuario de la Naturaleza Serran\u00eda El Cipr\u00e9s.<\/figcaption><\/figure>\n<p>Siniestro consumi\u00f3 una superficie preliminar de 760 hect\u00e1reas de vegetaci\u00f3n en el sector El Asiento, de las cuales 730 corresponden al Santuario de la Naturaleza Serran\u00eda El Cipr\u00e9s.<br \/>\nCon alerta roja se mantiene desde el mi\u00e9rcoles la comuna de San Felipe, debido al incendio forestal que afect\u00f3 al sector El Asiento, donde est\u00e1 ubicado el Santuario de la Naturaleza Serran\u00eda El Cipr\u00e9s.<br \/>\nEste siniestro consumi\u00f3 una superficie preliminar de 760 hect\u00e1reas de pastizal, matorral y arbolado nativo, de las cuales 730 corresponden al mencionado espacio protegido.<br \/>\nAs\u00ed lo dio a conocer el director regional (s) de la Corporaci\u00f3n Nacional Forestal (Conaf), Claudio Ilabaca, quien explic\u00f3 que se conform\u00f3 \u201cun equipo multidisciplinario, el cual est\u00e1 compuesto por ingenieros geomensores, ingenieros forestales y bot\u00e1nicos, los cuales se encuentran trabajando en este momento en determinar cu\u00e1l es el efecto real del incendio sobre la formaci\u00f3n de cipreses de la cordillera que protege el Santuario de la Naturaleza\u201d.<br \/>\n\u201cLa pr\u00f3xima semana, una vez que el siniestro est\u00e9 completamente extinguido, se va a hacer un sobrevuelo con un dron para poder hacer un levantamiento en detalle con ortofotos, de manera tal de poder definir finalmente cu\u00e1l va a ser el plan de restauraci\u00f3n que se va a aplicar\u201d, a\u00f1adi\u00f3.<br \/>\nPor otra parte, Ilabaca asever\u00f3 que en la sofocaci\u00f3n del fuego se desempe\u00f1aron cinco brigadas, tres t\u00e9cnicos, el puesto de mando m\u00f3vil (Puma 5) y un helic\u00f3ptero de la instituci\u00f3n, m\u00e1s tres helic\u00f3pteros gestionados por la Oficina Nacional de Emergencia (Onemi), personal de rescate de Bomberos de San Felipe y Carabineros.<\/p>\n","protected":false},"excerpt":{"rendered":"<p>Siniestro consumi\u00f3 una superficie preliminar de 760 hect\u00e1reas de vegetaci\u00f3n en el sector El Asiento, de las cuales 730 corresponden al Santuario de la Naturaleza Serran\u00eda El Cipr\u00e9s. Con alerta roja se&#8230;<\/p>\n","protected":false},"author":1,"featured_media":67718,"comment_status":"open","ping_status":"open","sticky":false,"template":"","format":"standard","meta":{"advanced_seo_description":"","jetpack_seo_html_title":"","jetpack_seo_noindex":false,"_jetpack_memberships_contains_paid_content":false,"footnotes":""},"categories":[1],"tags":[],"class_list":["post-67717","post","type-post","status-publish","format-standard","has-post-thumbnail","hentry","category-cronica"],"jetpack_featured_media_url":"https:\/\/i0.wp.com\/eltrabajo.cl\/portal\/wp-content\/uploads\/2016\/03\/Incendio-El-Asiento-1.jpg?fit=530%2C350&ssl=1","jetpack_sharing_enabled":true,"jetpack_likes_enabled":true,"jetpack-related-posts":[],"_links":{"self":[{"href":"https:\/\/eltrabajo.cl\/portal\/wp-json\/wp\/v2\/posts\/67717","targetHints":{"allow":["GET"]}}],"collection":[{"href":"https:\/\/eltrabajo.cl\/portal\/wp-json\/wp\/v2\/posts"}],"about":[{"href":"https:\/\/eltrabajo.cl\/portal\/wp-json\/wp\/v2\/types\/post"}],"author":[{"embeddable":true,"href":"https:\/\/eltrabajo.cl\/portal\/wp-json\/wp\/v2\/users\/1"}],"replies":[{"embeddable":true,"href":"https:\/\/eltrabajo.cl\/portal\/wp-json\/wp\/v2\/comments?post=67717"}],"version-history":[{"count":0,"href":"https:\/\/eltrabajo.cl\/portal\/wp-json\/wp\/v2\/posts\/67717\/revisions"}],"wp:featuredmedia":[{"embeddable":true,"href":"https:\/\/eltrabajo.cl\/portal\/wp-json\/wp\/v2\/media\/67718"}],"wp:attachment":[{"href":"https:\/\/eltrabajo.cl\/portal\/wp-json\/wp\/v2\/media?parent=67717"}],"wp:term":[{"taxonomy":"category","embeddable":true,"href":"https:\/\/eltrabajo.cl\/portal\/wp-json\/wp\/v2\/categories?post=67717"},{"taxonomy":"post_tag","embeddable":true,"href":"https:\/\/eltrabajo.cl\/portal\/wp-json\/wp\/v2\/tags?post=67717"}],"curies":[{"name":"wp","href":"https:\/\/api.w.org\/{rel}","templated":true}]}}