{"id":67721,"date":"2016-03-14T08:28:09","date_gmt":"2016-03-14T11:28:09","guid":{"rendered":"http:\/\/www.eltrabajo.cl\/portal\/?p=67721"},"modified":"2016-03-14T08:28:09","modified_gmt":"2016-03-14T11:28:09","slug":"empresa-extranjera-usara-26-hectareas-de-humedal-para-paneles-solares","status":"publish","type":"post","link":"https:\/\/eltrabajo.cl\/portal\/empresa-extranjera-usara-26-hectareas-de-humedal-para-paneles-solares\/","title":{"rendered":"Empresa extranjera usar\u00e1 26 hect\u00e1reas de humedal para paneles solares"},"content":{"rendered":"<figure id=\"attachment_67728\" aria-describedby=\"caption-attachment-67728\" style=\"width: 530px\" class=\"wp-caption alignleft\"><a href=\"http:\/\/www.eltrabajo.cl\/portal\/empresa-extranjera-usara-26-hectareas-de-humedal-para-paneles-solares\/porta3\/\" rel=\"attachment wp-att-67728\"><img data-recalc-dims=\"1\" loading=\"lazy\" decoding=\"async\" class=\"size-full wp-image-67728\" src=\"https:\/\/i0.wp.com\/www.eltrabajo.cl\/portal\/wp-content\/uploads\/2016\/03\/Porta3.jpg?resize=530%2C349\" alt=\"VECINOS FIRMES.- M\u00e1s que molestos, bastante indignados se expresaron muchos vecinos del sector El Olivo en contra del Parque solar Enc\u00f3n, que pretende ejecutar en nuestra comuna la empresa norteamericana Loa Solar SpA.\" width=\"530\" height=\"349\" srcset=\"https:\/\/i0.wp.com\/eltrabajo.cl\/portal\/wp-content\/uploads\/2016\/03\/Porta3.jpg?w=530&amp;ssl=1 530w, https:\/\/i0.wp.com\/eltrabajo.cl\/portal\/wp-content\/uploads\/2016\/03\/Porta3.jpg?resize=200%2C132&amp;ssl=1 200w, https:\/\/i0.wp.com\/eltrabajo.cl\/portal\/wp-content\/uploads\/2016\/03\/Porta3.jpg?resize=300%2C198&amp;ssl=1 300w, https:\/\/i0.wp.com\/eltrabajo.cl\/portal\/wp-content\/uploads\/2016\/03\/Porta3.jpg?resize=228%2C150&amp;ssl=1 228w, https:\/\/i0.wp.com\/eltrabajo.cl\/portal\/wp-content\/uploads\/2016\/03\/Porta3.jpg?resize=400%2C263&amp;ssl=1 400w\" sizes=\"auto, (max-width: 530px) 100vw, 530px\" \/><\/a><figcaption id=\"caption-attachment-67728\" class=\"wp-caption-text\">VECINOS FIRMES.- M\u00e1s que molestos, bastante indignados se expresaron muchos vecinos del sector El Olivo en contra del Parque solar Enc\u00f3n, que pretende ejecutar en nuestra comuna la empresa norteamericana Loa Solar SpA.<\/figcaption><\/figure>\n<p><strong>Vecinos del sector junto a Alcalde Freire protestan indignados:<\/strong><br \/>\nGran malestar ha generado entre vecinos de los sectores poblaci\u00f3n El Olivo, El Algarrobal y tambi\u00e9n entre las m\u00e1s altas autoridades de nuestra provincia el anuncio oficial de la empresa estadounidense Loa Solar SpA, vinculada directamente al grupo empresarial Verano Capital, (Newen Energy &amp; Uma Energy Group) la que anunciara en una reuni\u00f3n a estos vecinos, que pr\u00f3ximamente estar\u00edan ellos iniciando operaciones para instaurar en nuestra comuna el proyecto Parque solar Enc\u00f3n.<br \/>\nEste proyecto quedar\u00eda ubicado en un tri\u00e1ngulo entre Enc\u00f3n, El Algarrobal y Barrancas, lo que implicar\u00eda una cercan\u00eda abrumadora al per\u00edmetro del Plano Regulador de nuestra comuna.<\/p>\n<p><strong>PIDEN REUNI\u00d3N<\/strong><br \/>\nFue para que se dieran explicaciones por parte de esa empresa y tambi\u00e9n para que el Servicio de Evaluaci\u00f3n Ambiental explicara a los vecinos los alcances de este proyecto de casi 27 hect\u00e1reas que se usar\u00edan para colocar m\u00e1s de 36.000 paneles solares que generar\u00edan 9 megawats de energ\u00eda fotovoltaica, que la junta vecinal de El Olivo solicit\u00f3 una reuni\u00f3n, a la que tambi\u00e9n lleg\u00f3 el alcalde Patricio Freire y la concejal Jeannette Sotomayor.<\/p>\n<p><strong>AS\u00cd LO DESCRIBEN<\/strong><br \/>\n\u00abProyectos como este aportan el disminuir la huella de carbono en la matriz de generaci\u00f3n energ\u00e9tica (\u2026) que una comuna como San Felipe aporte en ese sentido, es un logro muy importante. Para tranquilizar a los sanfelipe\u00f1os, puedo informar que este proyecto no genera contaminaci\u00f3n al medioambiente ni afecta la salud de humanos\u00bb, coment\u00f3 a Diario El Trabajo el asesor ambiental de la empresa Loa Solar SpA, Jos\u00e9 Miguel Lehued\u00e9.<\/p>\n<p><strong>ADI\u00d3S HUMEDALES<\/strong><br \/>\nPor su parte Gast\u00f3n Hern\u00e1ndez, funcionario de la Direcci\u00f3n de Protecci\u00f3n del Ambiente de la Municipalidad de San Felipe, explic\u00f3 a nuestro medio que \u00abel temor de los vecinos y por ende del Municipio, est\u00e1 relacionado en que la zona a intervenir, est\u00e1 catalogada como humedales, esto atenta contra el sentido l\u00f3gico con el que los vecinos han convivido siempre, son 30 a\u00f1os los que se estar\u00edan usando estos terrenos y eso es lo que preocupa. Esta es la zona m\u00e1s baja del valle, es la parte en donde se unen r\u00edos como Aconcagua, Putaendo y Estero Quilpu\u00e9, lo cierto en este momento es que toda la comunidad est\u00e1 en contra de la ejecuci\u00f3n de este proyecto, ya que todas esas hect\u00e1reas dejar\u00e1n de producir agricultura\u00bb.<\/p>\n<p><strong>RECHAZO TOTAL<\/strong><br \/>\nDiario El Trabajo tambi\u00e9n habl\u00f3 con Paulina Herrera, presidente junta vecinal El Olivo. \u00abNosotros como vecinos, que somos unas 70 familias, estamos en contra del desarrollo de este proyecto, adem\u00e1s no rinde beneficio alguno para el sector, porque estar\u00eda ubicado en terrenos agr\u00edcolas\u00bb, dijo la dirigente.<\/p>\n<p><strong>EN A\u00d1O Y MEDIO<\/strong><br \/>\nEn la parte media del conflicto, fue Alberto Acu\u00f1a Cerda, director regional del Servicio de Evaluaci\u00f3n Ambiental de Valpara\u00edso, quien aport\u00f3 tambi\u00e9n su punto de vista.<br \/>\n\u00abEste es un proyecto que a\u00fan no ha sido calificado, estamos en una etapa de participaci\u00f3n ciudadana, la labor del SEA es la de mostrar c\u00f3mo funciona este proceso, y la empresa titular explicar\u00e1 a los vecinos el proyecto, la energ\u00eda que se genere de estos paneles, seg\u00fan se proyecta, ser\u00eda inyectado al torrente de la empresa Chilquinta. Estos proyectos exigen un alto consumo de los suelos, por eso es que estamos evaluando cada una de las partes del mismo, ya que habr\u00eda un cambio de uso, del agr\u00edcola al que se pretende, faltan muchas etapas para que sea realidad, tendr\u00e1n que intervenir el Servicio Agr\u00edcola Ganadero; la Municipalidad de San Felipe; la Seremi de Salud por ejemplo, y despu\u00e9s la Comisi\u00f3n Nacional, en donde se aprobar\u00eda o desestimar\u00eda el proyecto, esto podr\u00eda tomar unos 18 meses\u00bb, explic\u00f3 Acu\u00f1a.<\/p>\n<p><strong>ALCALDE FURIOSO<\/strong><br \/>\nQuien no se contuvo e interrumpi\u00f3 la reuni\u00f3n bastante molesto, fue el mismo alcalde de la comuna Patricio Freire, quien indignado estableci\u00f3 la postura del Municipio en apoyo al medioambiente y a los vecinos.<br \/>\n\u00abNo vamos a permitir que se le d\u00e9 otro uso a esas hect\u00e1reas que no sean las del uso agr\u00edcola, como ha sido siempre. Aqu\u00ed pareciera que todo este asunto ya viene \u2018Oleado y Sacramentado\u2019, porque si lo que opinemos las autoridades y lo que digan los vecinos no es vinculante a este proyecto, entonces para qu\u00e9 estas reuniones si a fin de cuentas ya ustedes (la empresa Loa Solar SpA) tienen esto \u2018cocinado\u2019. Considero que este accionar es una completa burla, pero veremos y sabremos lo que tenemos que hacer\u00bb, dijo el edil. El l\u00edmite para esta etapa de participaci\u00f3n ciudadana, finaliza el 31 de marzo. La inversi\u00f3n de este proyecto es de USD 15.300.000. (Quince mil trescientos millones de d\u00f3lares)<br \/>\n<strong>Roberto Gonz\u00e1lez Short<\/strong><br \/>\n<strong>rgonzalez@eltrabajo.cl<\/strong><\/p>\n<div class=\"tiled-gallery type-rectangular tiled-gallery-unresized\" data-original-width=\"640\" data-carousel-extra='null' itemscope itemtype=\"http:\/\/schema.org\/ImageGallery\" > <div class=\"gallery-row\" style=\"width: 640px; height: 283px;\" data-original-width=\"640\" data-original-height=\"283\" > <div class=\"gallery-group images-1\" style=\"width: 427px; height: 283px;\" data-original-width=\"427\" data-original-height=\"283\" > <div class=\"tiled-gallery-item tiled-gallery-item-large\" itemprop=\"associatedMedia\" itemscope itemtype=\"http:\/\/schema.org\/ImageObject\"> <a href=\"https:\/\/eltrabajo.cl\/portal\/empresa-extranjera-usara-26-hectareas-de-humedal-para-paneles-solares\/ubicacion33\/\" border=\"0\" itemprop=\"url\"> <meta itemprop=\"width\" content=\"423\"> <meta itemprop=\"height\" content=\"279\"> <img decoding=\"async\" class=\"\" data-attachment-id=\"67729\" data-orig-file=\"https:\/\/eltrabajo.cl\/portal\/wp-content\/uploads\/2016\/03\/Ubicacion33.jpg\" data-orig-size=\"530,349\" data-comments-opened=\"1\" data-image-meta=\"{&quot;aperture&quot;:&quot;0&quot;,&quot;credit&quot;:&quot;&quot;,&quot;camera&quot;:&quot;&quot;,&quot;caption&quot;:&quot;&quot;,&quot;created_timestamp&quot;:&quot;0&quot;,&quot;copyright&quot;:&quot;&quot;,&quot;focal_length&quot;:&quot;0&quot;,&quot;iso&quot;:&quot;0&quot;,&quot;shutter_speed&quot;:&quot;0&quot;,&quot;title&quot;:&quot;&quot;,&quot;orientation&quot;:&quot;0&quot;}\" data-image-title=\"M\u00c1S DE 26 HECT\u00c1REAS.- Seg\u00fan los gr\u00e1ficos presentados el jueves en la reuni\u00f3n, aqu\u00ed estar\u00eda ubicado este proyecto.\" data-image-description=\"&lt;p&gt;M\u00c1S DE 26 HECT\u00c1REAS.- Seg\u00fan los gr\u00e1ficos presentados el jueves en la reuni\u00f3n, aqu\u00ed estar\u00eda ubicado este proyecto.&lt;\/p&gt; \" data-medium-file=\"https:\/\/i0.wp.com\/eltrabajo.cl\/portal\/wp-content\/uploads\/2016\/03\/Ubicacion33.jpg?fit=300%2C198&#038;ssl=1\" data-large-file=\"https:\/\/i0.wp.com\/eltrabajo.cl\/portal\/wp-content\/uploads\/2016\/03\/Ubicacion33.jpg?fit=530%2C349&#038;ssl=1\" src=\"https:\/\/i0.wp.com\/eltrabajo.cl\/portal\/wp-content\/uploads\/2016\/03\/Ubicacion33.jpg?w=423&#038;h=279&#038;ssl=1\" srcset=\"https:\/\/i0.wp.com\/eltrabajo.cl\/portal\/wp-content\/uploads\/2016\/03\/Ubicacion33.jpg?w=530&amp;ssl=1 530w, https:\/\/i0.wp.com\/eltrabajo.cl\/portal\/wp-content\/uploads\/2016\/03\/Ubicacion33.jpg?resize=200%2C132&amp;ssl=1 200w, https:\/\/i0.wp.com\/eltrabajo.cl\/portal\/wp-content\/uploads\/2016\/03\/Ubicacion33.jpg?resize=300%2C198&amp;ssl=1 300w, https:\/\/i0.wp.com\/eltrabajo.cl\/portal\/wp-content\/uploads\/2016\/03\/Ubicacion33.jpg?resize=228%2C150&amp;ssl=1 228w, https:\/\/i0.wp.com\/eltrabajo.cl\/portal\/wp-content\/uploads\/2016\/03\/Ubicacion33.jpg?resize=400%2C263&amp;ssl=1 400w\" width=\"423\" height=\"279\" loading=\"lazy\" data-original-width=\"423\" data-original-height=\"279\" itemprop=\"http:\/\/schema.org\/image\" title=\"M\u00c1S DE 26 HECT\u00c1REAS.- Seg\u00fan los gr\u00e1ficos presentados el jueves en la reuni\u00f3n, aqu\u00ed estar\u00eda ubicado este proyecto.\" alt=\"M\u00c1S DE 26 HECT\u00c1REAS.- Seg\u00fan los gr\u00e1ficos presentados el jueves en la reuni\u00f3n, aqu\u00ed estar\u00eda ubicado este proyecto.\" style=\"width: 423px; height: 279px;\" \/> <\/a> <div class=\"tiled-gallery-caption\" itemprop=\"caption description\"> M\u00c1S DE 26 HECT\u00c1REAS.- Seg\u00fan los gr\u00e1ficos presentados el jueves en la reuni\u00f3n, aqu\u00ed estar\u00eda ubicado este proyecto. <\/div> <\/div> <\/div> <!-- close group --> <div class=\"gallery-group images-2\" style=\"width: 213px; height: 283px;\" data-original-width=\"213\" data-original-height=\"283\" > <div class=\"tiled-gallery-item tiled-gallery-item-small\" itemprop=\"associatedMedia\" itemscope itemtype=\"http:\/\/schema.org\/ImageObject\"> <a href=\"https:\/\/eltrabajo.cl\/portal\/empresa-extranjera-usara-26-hectareas-de-humedal-para-paneles-solares\/paulina-herrera\/\" border=\"0\" itemprop=\"url\"> <meta itemprop=\"width\" content=\"209\"> <meta itemprop=\"height\" content=\"138\"> <img decoding=\"async\" class=\"\" data-attachment-id=\"67727\" data-orig-file=\"https:\/\/eltrabajo.cl\/portal\/wp-content\/uploads\/2016\/03\/Paulina-Herrera.jpg\" data-orig-size=\"530,348\" data-comments-opened=\"1\" data-image-meta=\"{&quot;aperture&quot;:&quot;0&quot;,&quot;credit&quot;:&quot;&quot;,&quot;camera&quot;:&quot;&quot;,&quot;caption&quot;:&quot;&quot;,&quot;created_timestamp&quot;:&quot;0&quot;,&quot;copyright&quot;:&quot;&quot;,&quot;focal_length&quot;:&quot;0&quot;,&quot;iso&quot;:&quot;0&quot;,&quot;shutter_speed&quot;:&quot;0&quot;,&quot;title&quot;:&quot;&quot;,&quot;orientation&quot;:&quot;0&quot;}\" data-image-title=\"Paulina Herrera, presidente junta vecinal El Olivo.\" data-image-description=\"&lt;p&gt;Paulina Herrera, presidente junta vecinal El Olivo.&lt;\/p&gt; \" data-medium-file=\"https:\/\/i0.wp.com\/eltrabajo.cl\/portal\/wp-content\/uploads\/2016\/03\/Paulina-Herrera.jpg?fit=300%2C197&#038;ssl=1\" data-large-file=\"https:\/\/i0.wp.com\/eltrabajo.cl\/portal\/wp-content\/uploads\/2016\/03\/Paulina-Herrera.jpg?fit=530%2C348&#038;ssl=1\" src=\"https:\/\/i0.wp.com\/eltrabajo.cl\/portal\/wp-content\/uploads\/2016\/03\/Paulina-Herrera.jpg?w=209&#038;h=138&#038;ssl=1\" srcset=\"https:\/\/i0.wp.com\/eltrabajo.cl\/portal\/wp-content\/uploads\/2016\/03\/Paulina-Herrera.jpg?w=530&amp;ssl=1 530w, https:\/\/i0.wp.com\/eltrabajo.cl\/portal\/wp-content\/uploads\/2016\/03\/Paulina-Herrera.jpg?resize=200%2C131&amp;ssl=1 200w, https:\/\/i0.wp.com\/eltrabajo.cl\/portal\/wp-content\/uploads\/2016\/03\/Paulina-Herrera.jpg?resize=300%2C197&amp;ssl=1 300w, https:\/\/i0.wp.com\/eltrabajo.cl\/portal\/wp-content\/uploads\/2016\/03\/Paulina-Herrera.jpg?resize=228%2C150&amp;ssl=1 228w, https:\/\/i0.wp.com\/eltrabajo.cl\/portal\/wp-content\/uploads\/2016\/03\/Paulina-Herrera.jpg?resize=400%2C263&amp;ssl=1 400w\" width=\"209\" height=\"138\" loading=\"lazy\" data-original-width=\"209\" data-original-height=\"138\" itemprop=\"http:\/\/schema.org\/image\" title=\"Paulina Herrera, presidente junta vecinal El Olivo.\" alt=\"Paulina Herrera, presidente junta vecinal El Olivo.\" style=\"width: 209px; height: 138px;\" \/> <\/a> <div class=\"tiled-gallery-caption\" itemprop=\"caption description\"> Paulina Herrera, presidente junta vecinal El Olivo. <\/div> <\/div> <div class=\"tiled-gallery-item tiled-gallery-item-small\" itemprop=\"associatedMedia\" itemscope itemtype=\"http:\/\/schema.org\/ImageObject\"> <a href=\"https:\/\/eltrabajo.cl\/portal\/empresa-extranjera-usara-26-hectareas-de-humedal-para-paneles-solares\/patricio-freire-16\/\" border=\"0\" itemprop=\"url\"> <meta itemprop=\"width\" content=\"209\"> <meta itemprop=\"height\" content=\"137\"> <img decoding=\"async\" class=\"\" data-attachment-id=\"67726\" data-orig-file=\"https:\/\/eltrabajo.cl\/portal\/wp-content\/uploads\/2016\/03\/Patricio-Freire.jpg\" data-orig-size=\"530,348\" data-comments-opened=\"1\" data-image-meta=\"{&quot;aperture&quot;:&quot;0&quot;,&quot;credit&quot;:&quot;&quot;,&quot;camera&quot;:&quot;&quot;,&quot;caption&quot;:&quot;&quot;,&quot;created_timestamp&quot;:&quot;0&quot;,&quot;copyright&quot;:&quot;&quot;,&quot;focal_length&quot;:&quot;0&quot;,&quot;iso&quot;:&quot;0&quot;,&quot;shutter_speed&quot;:&quot;0&quot;,&quot;title&quot;:&quot;&quot;,&quot;orientation&quot;:&quot;0&quot;}\" data-image-title=\"Patricio Freire, alcalde de San Felipe.\" data-image-description=\"&lt;p&gt;Patricio Freire, alcalde de San Felipe.&lt;\/p&gt; \" data-medium-file=\"https:\/\/i0.wp.com\/eltrabajo.cl\/portal\/wp-content\/uploads\/2016\/03\/Patricio-Freire.jpg?fit=300%2C197&#038;ssl=1\" data-large-file=\"https:\/\/i0.wp.com\/eltrabajo.cl\/portal\/wp-content\/uploads\/2016\/03\/Patricio-Freire.jpg?fit=530%2C348&#038;ssl=1\" src=\"https:\/\/i0.wp.com\/eltrabajo.cl\/portal\/wp-content\/uploads\/2016\/03\/Patricio-Freire.jpg?w=209&#038;h=137&#038;ssl=1\" srcset=\"https:\/\/i0.wp.com\/eltrabajo.cl\/portal\/wp-content\/uploads\/2016\/03\/Patricio-Freire.jpg?w=530&amp;ssl=1 530w, https:\/\/i0.wp.com\/eltrabajo.cl\/portal\/wp-content\/uploads\/2016\/03\/Patricio-Freire.jpg?resize=200%2C131&amp;ssl=1 200w, https:\/\/i0.wp.com\/eltrabajo.cl\/portal\/wp-content\/uploads\/2016\/03\/Patricio-Freire.jpg?resize=300%2C197&amp;ssl=1 300w, https:\/\/i0.wp.com\/eltrabajo.cl\/portal\/wp-content\/uploads\/2016\/03\/Patricio-Freire.jpg?resize=228%2C150&amp;ssl=1 228w, https:\/\/i0.wp.com\/eltrabajo.cl\/portal\/wp-content\/uploads\/2016\/03\/Patricio-Freire.jpg?resize=400%2C263&amp;ssl=1 400w\" width=\"209\" height=\"137\" loading=\"lazy\" data-original-width=\"209\" data-original-height=\"137\" itemprop=\"http:\/\/schema.org\/image\" title=\"Patricio Freire, alcalde de San Felipe.\" alt=\"Patricio Freire, alcalde de San Felipe.\" style=\"width: 209px; height: 137px;\" \/> <\/a> <div class=\"tiled-gallery-caption\" itemprop=\"caption description\"> Patricio Freire, alcalde de San Felipe. <\/div> <\/div> <\/div> <!-- close group --> <\/div> <!-- close row --> <div class=\"gallery-row\" style=\"width: 640px; height: 107px;\" data-original-width=\"640\" data-original-height=\"107\" > <div class=\"gallery-group images-1\" style=\"width: 160px; height: 107px;\" data-original-width=\"160\" data-original-height=\"107\" > <div class=\"tiled-gallery-item tiled-gallery-item-small\" itemprop=\"associatedMedia\" itemscope itemtype=\"http:\/\/schema.org\/ImageObject\"> <a href=\"https:\/\/eltrabajo.cl\/portal\/empresa-extranjera-usara-26-hectareas-de-humedal-para-paneles-solares\/jose-miguel-lehuede\/\" border=\"0\" itemprop=\"url\"> <meta itemprop=\"width\" content=\"156\"> <meta itemprop=\"height\" content=\"103\"> <img decoding=\"async\" class=\"\" data-attachment-id=\"67725\" data-orig-file=\"https:\/\/eltrabajo.cl\/portal\/wp-content\/uploads\/2016\/03\/Jose-Miguel-Lehuede.jpg\" data-orig-size=\"530,348\" data-comments-opened=\"1\" data-image-meta=\"{&quot;aperture&quot;:&quot;0&quot;,&quot;credit&quot;:&quot;&quot;,&quot;camera&quot;:&quot;&quot;,&quot;caption&quot;:&quot;&quot;,&quot;created_timestamp&quot;:&quot;0&quot;,&quot;copyright&quot;:&quot;&quot;,&quot;focal_length&quot;:&quot;0&quot;,&quot;iso&quot;:&quot;0&quot;,&quot;shutter_speed&quot;:&quot;0&quot;,&quot;title&quot;:&quot;&quot;,&quot;orientation&quot;:&quot;0&quot;}\" data-image-title=\"Asesor ambiental de la empresa Loa Solar SpA, Jos\u00e9 Miguel Lehued\u00e9.\" data-image-description=\"&lt;p&gt;Asesor ambiental de la empresa Loa Solar SpA, Jos\u00e9 Miguel Lehued\u00e9.&lt;\/p&gt; \" data-medium-file=\"https:\/\/i0.wp.com\/eltrabajo.cl\/portal\/wp-content\/uploads\/2016\/03\/Jose-Miguel-Lehuede.jpg?fit=300%2C197&#038;ssl=1\" data-large-file=\"https:\/\/i0.wp.com\/eltrabajo.cl\/portal\/wp-content\/uploads\/2016\/03\/Jose-Miguel-Lehuede.jpg?fit=530%2C348&#038;ssl=1\" src=\"https:\/\/i0.wp.com\/eltrabajo.cl\/portal\/wp-content\/uploads\/2016\/03\/Jose-Miguel-Lehuede.jpg?w=156&#038;h=103&#038;ssl=1\" srcset=\"https:\/\/i0.wp.com\/eltrabajo.cl\/portal\/wp-content\/uploads\/2016\/03\/Jose-Miguel-Lehuede.jpg?w=530&amp;ssl=1 530w, https:\/\/i0.wp.com\/eltrabajo.cl\/portal\/wp-content\/uploads\/2016\/03\/Jose-Miguel-Lehuede.jpg?resize=200%2C131&amp;ssl=1 200w, https:\/\/i0.wp.com\/eltrabajo.cl\/portal\/wp-content\/uploads\/2016\/03\/Jose-Miguel-Lehuede.jpg?resize=300%2C197&amp;ssl=1 300w, https:\/\/i0.wp.com\/eltrabajo.cl\/portal\/wp-content\/uploads\/2016\/03\/Jose-Miguel-Lehuede.jpg?resize=228%2C150&amp;ssl=1 228w, https:\/\/i0.wp.com\/eltrabajo.cl\/portal\/wp-content\/uploads\/2016\/03\/Jose-Miguel-Lehuede.jpg?resize=400%2C263&amp;ssl=1 400w\" width=\"156\" height=\"103\" loading=\"lazy\" data-original-width=\"156\" data-original-height=\"103\" itemprop=\"http:\/\/schema.org\/image\" title=\"Asesor ambiental de la empresa Loa Solar SpA, Jos\u00e9 Miguel Lehued\u00e9.\" alt=\"Asesor ambiental de la empresa Loa Solar SpA, Jos\u00e9 Miguel Lehued\u00e9.\" style=\"width: 156px; height: 103px;\" \/> <\/a> <div class=\"tiled-gallery-caption\" itemprop=\"caption description\"> Asesor ambiental de la empresa Loa Solar SpA, Jos\u00e9 Miguel Lehued\u00e9. <\/div> <\/div> <\/div> <!-- close group --> <div class=\"gallery-group images-1\" style=\"width: 160px; height: 107px;\" data-original-width=\"160\" data-original-height=\"107\" > <div class=\"tiled-gallery-item tiled-gallery-item-small\" itemprop=\"associatedMedia\" itemscope itemtype=\"http:\/\/schema.org\/ImageObject\"> <a href=\"https:\/\/eltrabajo.cl\/portal\/empresa-extranjera-usara-26-hectareas-de-humedal-para-paneles-solares\/gaston-hernandez\/\" border=\"0\" itemprop=\"url\"> <meta itemprop=\"width\" content=\"156\"> <meta itemprop=\"height\" content=\"103\"> <img decoding=\"async\" class=\"\" data-attachment-id=\"67724\" data-orig-file=\"https:\/\/eltrabajo.cl\/portal\/wp-content\/uploads\/2016\/03\/Gaston-Hernandez.jpg\" data-orig-size=\"530,348\" data-comments-opened=\"1\" data-image-meta=\"{&quot;aperture&quot;:&quot;0&quot;,&quot;credit&quot;:&quot;&quot;,&quot;camera&quot;:&quot;&quot;,&quot;caption&quot;:&quot;&quot;,&quot;created_timestamp&quot;:&quot;0&quot;,&quot;copyright&quot;:&quot;&quot;,&quot;focal_length&quot;:&quot;0&quot;,&quot;iso&quot;:&quot;0&quot;,&quot;shutter_speed&quot;:&quot;0&quot;,&quot;title&quot;:&quot;&quot;,&quot;orientation&quot;:&quot;0&quot;}\" data-image-title=\"Gast\u00f3n Hern\u00e1ndez, funcionario de la Direcci\u00f3n de Protecci\u00f3n del Ambiente de la Municipalidad de San Felipe.\" data-image-description=\"&lt;p&gt;Gast\u00f3n Hern\u00e1ndez, funcionario de la Direcci\u00f3n de Protecci\u00f3n del Ambiente de la Municipalidad de San Felipe.&lt;\/p&gt; \" data-medium-file=\"https:\/\/i0.wp.com\/eltrabajo.cl\/portal\/wp-content\/uploads\/2016\/03\/Gaston-Hernandez.jpg?fit=300%2C197&#038;ssl=1\" data-large-file=\"https:\/\/i0.wp.com\/eltrabajo.cl\/portal\/wp-content\/uploads\/2016\/03\/Gaston-Hernandez.jpg?fit=530%2C348&#038;ssl=1\" src=\"https:\/\/i0.wp.com\/eltrabajo.cl\/portal\/wp-content\/uploads\/2016\/03\/Gaston-Hernandez.jpg?w=156&#038;h=103&#038;ssl=1\" srcset=\"https:\/\/i0.wp.com\/eltrabajo.cl\/portal\/wp-content\/uploads\/2016\/03\/Gaston-Hernandez.jpg?w=530&amp;ssl=1 530w, https:\/\/i0.wp.com\/eltrabajo.cl\/portal\/wp-content\/uploads\/2016\/03\/Gaston-Hernandez.jpg?resize=200%2C131&amp;ssl=1 200w, https:\/\/i0.wp.com\/eltrabajo.cl\/portal\/wp-content\/uploads\/2016\/03\/Gaston-Hernandez.jpg?resize=300%2C197&amp;ssl=1 300w, https:\/\/i0.wp.com\/eltrabajo.cl\/portal\/wp-content\/uploads\/2016\/03\/Gaston-Hernandez.jpg?resize=228%2C150&amp;ssl=1 228w, https:\/\/i0.wp.com\/eltrabajo.cl\/portal\/wp-content\/uploads\/2016\/03\/Gaston-Hernandez.jpg?resize=400%2C263&amp;ssl=1 400w\" width=\"156\" height=\"103\" loading=\"lazy\" data-original-width=\"156\" data-original-height=\"103\" itemprop=\"http:\/\/schema.org\/image\" title=\"Gast\u00f3n Hern\u00e1ndez, funcionario de la Direcci\u00f3n de Protecci\u00f3n del Ambiente de la Municipalidad de San Felipe.\" alt=\"Gast\u00f3n Hern\u00e1ndez, funcionario de la Direcci\u00f3n de Protecci\u00f3n del Ambiente de la Municipalidad de San Felipe.\" style=\"width: 156px; height: 103px;\" \/> <\/a> <div class=\"tiled-gallery-caption\" itemprop=\"caption description\"> Gast\u00f3n Hern\u00e1ndez, funcionario de la Direcci\u00f3n de Protecci\u00f3n del Ambiente de la Municipalidad de San Felipe. <\/div> <\/div> <\/div> <!-- close group --> <div class=\"gallery-group images-1\" style=\"width: 160px; height: 107px;\" data-original-width=\"160\" data-original-height=\"107\" > <div class=\"tiled-gallery-item tiled-gallery-item-small\" itemprop=\"associatedMedia\" itemscope itemtype=\"http:\/\/schema.org\/ImageObject\"> <a href=\"https:\/\/eltrabajo.cl\/portal\/empresa-extranjera-usara-26-hectareas-de-humedal-para-paneles-solares\/furioso1\/\" border=\"0\" itemprop=\"url\"> <meta itemprop=\"width\" content=\"156\"> <meta itemprop=\"height\" content=\"103\"> <img decoding=\"async\" class=\"\" data-attachment-id=\"67723\" data-orig-file=\"https:\/\/eltrabajo.cl\/portal\/wp-content\/uploads\/2016\/03\/Furioso1.jpg\" data-orig-size=\"530,350\" data-comments-opened=\"1\" data-image-meta=\"{&quot;aperture&quot;:&quot;0&quot;,&quot;credit&quot;:&quot;&quot;,&quot;camera&quot;:&quot;&quot;,&quot;caption&quot;:&quot;&quot;,&quot;created_timestamp&quot;:&quot;0&quot;,&quot;copyright&quot;:&quot;&quot;,&quot;focal_length&quot;:&quot;0&quot;,&quot;iso&quot;:&quot;0&quot;,&quot;shutter_speed&quot;:&quot;0&quot;,&quot;title&quot;:&quot;&quot;,&quot;orientation&quot;:&quot;0&quot;}\" data-image-title=\"ALCALDE FURIOSO.- El alcalde Patricio Freire no necesit\u00f3 escuchar toda la presentaci\u00f3n del proyecto, para salir en defensa de los vecinos y del medioambiente en peligro.\" data-image-description=\"&lt;p&gt;ALCALDE FURIOSO.- El alcalde Patricio Freire no necesit\u00f3 escuchar toda la presentaci\u00f3n del proyecto, para salir en defensa de los vecinos y del medioambiente en peligro.&lt;\/p&gt; \" data-medium-file=\"https:\/\/i0.wp.com\/eltrabajo.cl\/portal\/wp-content\/uploads\/2016\/03\/Furioso1.jpg?fit=300%2C198&#038;ssl=1\" data-large-file=\"https:\/\/i0.wp.com\/eltrabajo.cl\/portal\/wp-content\/uploads\/2016\/03\/Furioso1.jpg?fit=530%2C350&#038;ssl=1\" src=\"https:\/\/i0.wp.com\/eltrabajo.cl\/portal\/wp-content\/uploads\/2016\/03\/Furioso1.jpg?w=156&#038;h=103&#038;ssl=1\" srcset=\"https:\/\/i0.wp.com\/eltrabajo.cl\/portal\/wp-content\/uploads\/2016\/03\/Furioso1.jpg?w=530&amp;ssl=1 530w, https:\/\/i0.wp.com\/eltrabajo.cl\/portal\/wp-content\/uploads\/2016\/03\/Furioso1.jpg?resize=200%2C132&amp;ssl=1 200w, https:\/\/i0.wp.com\/eltrabajo.cl\/portal\/wp-content\/uploads\/2016\/03\/Furioso1.jpg?resize=300%2C198&amp;ssl=1 300w, https:\/\/i0.wp.com\/eltrabajo.cl\/portal\/wp-content\/uploads\/2016\/03\/Furioso1.jpg?resize=227%2C150&amp;ssl=1 227w, https:\/\/i0.wp.com\/eltrabajo.cl\/portal\/wp-content\/uploads\/2016\/03\/Furioso1.jpg?resize=400%2C264&amp;ssl=1 400w\" width=\"156\" height=\"103\" loading=\"lazy\" data-original-width=\"156\" data-original-height=\"103\" itemprop=\"http:\/\/schema.org\/image\" title=\"ALCALDE FURIOSO.- El alcalde Patricio Freire no necesit\u00f3 escuchar toda la presentaci\u00f3n del proyecto, para salir en defensa de los vecinos y del medioambiente en peligro.\" alt=\"ALCALDE FURIOSO.- El alcalde Patricio Freire no necesit\u00f3 escuchar toda la presentaci\u00f3n del proyecto, para salir en defensa de los vecinos y del medioambiente en peligro.\" style=\"width: 156px; height: 103px;\" \/> <\/a> <div class=\"tiled-gallery-caption\" itemprop=\"caption description\"> ALCALDE FURIOSO.- El alcalde Patricio Freire no necesit\u00f3 escuchar toda la presentaci\u00f3n del proyecto, para salir en defensa de los vecinos y del medioambiente en peligro. <\/div> <\/div> <\/div> <!-- close group --> <div class=\"gallery-group images-1\" style=\"width: 160px; height: 107px;\" data-original-width=\"160\" data-original-height=\"107\" > <div class=\"tiled-gallery-item tiled-gallery-item-small\" itemprop=\"associatedMedia\" itemscope itemtype=\"http:\/\/schema.org\/ImageObject\"> <a href=\"https:\/\/eltrabajo.cl\/portal\/empresa-extranjera-usara-26-hectareas-de-humedal-para-paneles-solares\/alberto-acuna\/\" border=\"0\" itemprop=\"url\"> <meta itemprop=\"width\" content=\"156\"> <meta itemprop=\"height\" content=\"103\"> <img decoding=\"async\" class=\"\" data-attachment-id=\"67722\" data-orig-file=\"https:\/\/eltrabajo.cl\/portal\/wp-content\/uploads\/2016\/03\/Alberto-Acuna.jpg\" data-orig-size=\"530,348\" data-comments-opened=\"1\" data-image-meta=\"{&quot;aperture&quot;:&quot;0&quot;,&quot;credit&quot;:&quot;&quot;,&quot;camera&quot;:&quot;&quot;,&quot;caption&quot;:&quot;&quot;,&quot;created_timestamp&quot;:&quot;0&quot;,&quot;copyright&quot;:&quot;&quot;,&quot;focal_length&quot;:&quot;0&quot;,&quot;iso&quot;:&quot;0&quot;,&quot;shutter_speed&quot;:&quot;0&quot;,&quot;title&quot;:&quot;&quot;,&quot;orientation&quot;:&quot;0&quot;}\" data-image-title=\"Alberto Acu\u00f1a Cerda, director regional del Servicio de Evaluaci\u00f3n Ambiental de Valpara\u00edso.\" data-image-description=\"&lt;p&gt;Alberto Acu\u00f1a Cerda, director regional del Servicio de Evaluaci\u00f3n Ambiental de Valpara\u00edso.&lt;\/p&gt; \" data-medium-file=\"https:\/\/i0.wp.com\/eltrabajo.cl\/portal\/wp-content\/uploads\/2016\/03\/Alberto-Acuna.jpg?fit=300%2C197&#038;ssl=1\" data-large-file=\"https:\/\/i0.wp.com\/eltrabajo.cl\/portal\/wp-content\/uploads\/2016\/03\/Alberto-Acuna.jpg?fit=530%2C348&#038;ssl=1\" src=\"https:\/\/i0.wp.com\/eltrabajo.cl\/portal\/wp-content\/uploads\/2016\/03\/Alberto-Acuna.jpg?w=156&#038;h=103&#038;ssl=1\" srcset=\"https:\/\/i0.wp.com\/eltrabajo.cl\/portal\/wp-content\/uploads\/2016\/03\/Alberto-Acuna.jpg?w=530&amp;ssl=1 530w, https:\/\/i0.wp.com\/eltrabajo.cl\/portal\/wp-content\/uploads\/2016\/03\/Alberto-Acuna.jpg?resize=200%2C131&amp;ssl=1 200w, https:\/\/i0.wp.com\/eltrabajo.cl\/portal\/wp-content\/uploads\/2016\/03\/Alberto-Acuna.jpg?resize=300%2C197&amp;ssl=1 300w, https:\/\/i0.wp.com\/eltrabajo.cl\/portal\/wp-content\/uploads\/2016\/03\/Alberto-Acuna.jpg?resize=228%2C150&amp;ssl=1 228w, https:\/\/i0.wp.com\/eltrabajo.cl\/portal\/wp-content\/uploads\/2016\/03\/Alberto-Acuna.jpg?resize=400%2C263&amp;ssl=1 400w\" width=\"156\" height=\"103\" loading=\"lazy\" data-original-width=\"156\" data-original-height=\"103\" itemprop=\"http:\/\/schema.org\/image\" title=\"Alberto Acu\u00f1a Cerda, director regional del Servicio de Evaluaci\u00f3n Ambiental de Valpara\u00edso.\" alt=\"Alberto Acu\u00f1a Cerda, director regional del Servicio de Evaluaci\u00f3n Ambiental de Valpara\u00edso.\" style=\"width: 156px; height: 103px;\" \/> <\/a> <div class=\"tiled-gallery-caption\" itemprop=\"caption description\"> Alberto Acu\u00f1a Cerda, director regional del Servicio de Evaluaci\u00f3n Ambiental de Valpara\u00edso. <\/div> <\/div> <\/div> <!-- close group --> <\/div> <!-- close row --> <\/div>\n","protected":false},"excerpt":{"rendered":"<p>Vecinos del sector junto a Alcalde Freire protestan indignados: Gran malestar ha generado entre vecinos de los sectores poblaci\u00f3n El Olivo, El Algarrobal y tambi\u00e9n entre las m\u00e1s altas autoridades de nuestra&#8230;<\/p>\n","protected":false},"author":1,"featured_media":67728,"comment_status":"open","ping_status":"open","sticky":false,"template":"","format":"standard","meta":{"advanced_seo_description":"","jetpack_seo_html_title":"","jetpack_seo_noindex":false,"_jetpack_memberships_contains_paid_content":false,"footnotes":""},"categories":[15],"tags":[],"class_list":["post-67721","post","type-post","status-publish","format-standard","has-post-thumbnail","hentry","category-comunidad"],"jetpack_featured_media_url":"https:\/\/i0.wp.com\/eltrabajo.cl\/portal\/wp-content\/uploads\/2016\/03\/Porta3.jpg?fit=530%2C349&ssl=1","jetpack_sharing_enabled":true,"jetpack_likes_enabled":true,"jetpack-related-posts":[],"_links":{"self":[{"href":"https:\/\/eltrabajo.cl\/portal\/wp-json\/wp\/v2\/posts\/67721","targetHints":{"allow":["GET"]}}],"collection":[{"href":"https:\/\/eltrabajo.cl\/portal\/wp-json\/wp\/v2\/posts"}],"about":[{"href":"https:\/\/eltrabajo.cl\/portal\/wp-json\/wp\/v2\/types\/post"}],"author":[{"embeddable":true,"href":"https:\/\/eltrabajo.cl\/portal\/wp-json\/wp\/v2\/users\/1"}],"replies":[{"embeddable":true,"href":"https:\/\/eltrabajo.cl\/portal\/wp-json\/wp\/v2\/comments?post=67721"}],"version-history":[{"count":0,"href":"https:\/\/eltrabajo.cl\/portal\/wp-json\/wp\/v2\/posts\/67721\/revisions"}],"wp:featuredmedia":[{"embeddable":true,"href":"https:\/\/eltrabajo.cl\/portal\/wp-json\/wp\/v2\/media\/67728"}],"wp:attachment":[{"href":"https:\/\/eltrabajo.cl\/portal\/wp-json\/wp\/v2\/media?parent=67721"}],"wp:term":[{"taxonomy":"category","embeddable":true,"href":"https:\/\/eltrabajo.cl\/portal\/wp-json\/wp\/v2\/categories?post=67721"},{"taxonomy":"post_tag","embeddable":true,"href":"https:\/\/eltrabajo.cl\/portal\/wp-json\/wp\/v2\/tags?post=67721"}],"curies":[{"name":"wp","href":"https:\/\/api.w.org\/{rel}","templated":true}]}}