{"id":67736,"date":"2016-03-14T08:32:05","date_gmt":"2016-03-14T11:32:05","guid":{"rendered":"http:\/\/www.eltrabajo.cl\/portal\/?p=67736"},"modified":"2016-03-14T08:32:05","modified_gmt":"2016-03-14T11:32:05","slug":"adulto-mayor-fallece-tras-caer-de-techumbre-mientras-efectuaba-limpieza","status":"publish","type":"post","link":"https:\/\/eltrabajo.cl\/portal\/adulto-mayor-fallece-tras-caer-de-techumbre-mientras-efectuaba-limpieza\/","title":{"rendered":"Adulto mayor fallece tras caer de techumbre mientras efectuaba limpieza"},"content":{"rendered":"<figure id=\"attachment_67737\" aria-describedby=\"caption-attachment-67737\" style=\"width: 300px\" class=\"wp-caption alignleft\"><a href=\"http:\/\/www.eltrabajo.cl\/portal\/adulto-mayor-fallece-tras-caer-de-techumbre-mientras-efectuaba-limpieza\/medico-legal\/\" rel=\"attachment wp-att-67737\"><img data-recalc-dims=\"1\" loading=\"lazy\" decoding=\"async\" class=\"size-medium wp-image-67737\" src=\"https:\/\/i0.wp.com\/www.eltrabajo.cl\/portal\/wp-content\/uploads\/2016\/03\/MEDICO-LEGAL-300x197.jpg?resize=300%2C197\" alt=\"El cuerpo del adulto mayor fue derivado hasta el Servicio M\u00e9dico Legal de San Felipe (Foto Referancial). \" width=\"300\" height=\"197\" srcset=\"https:\/\/i0.wp.com\/eltrabajo.cl\/portal\/wp-content\/uploads\/2016\/03\/MEDICO-LEGAL.jpg?resize=300%2C197&amp;ssl=1 300w, https:\/\/i0.wp.com\/eltrabajo.cl\/portal\/wp-content\/uploads\/2016\/03\/MEDICO-LEGAL.jpg?resize=200%2C131&amp;ssl=1 200w, https:\/\/i0.wp.com\/eltrabajo.cl\/portal\/wp-content\/uploads\/2016\/03\/MEDICO-LEGAL.jpg?resize=228%2C150&amp;ssl=1 228w, https:\/\/i0.wp.com\/eltrabajo.cl\/portal\/wp-content\/uploads\/2016\/03\/MEDICO-LEGAL.jpg?resize=400%2C263&amp;ssl=1 400w, https:\/\/i0.wp.com\/eltrabajo.cl\/portal\/wp-content\/uploads\/2016\/03\/MEDICO-LEGAL.jpg?w=530&amp;ssl=1 530w\" sizes=\"auto, (max-width: 300px) 100vw, 300px\" \/><\/a><figcaption id=\"caption-attachment-67737\" class=\"wp-caption-text\">El cuerpo del adulto mayor fue derivado hasta el Servicio M\u00e9dico Legal de San Felipe (Foto Referancial).<\/figcaption><\/figure>\n<p><strong>Tragedia en sector rural La Colonia de Catemu:<\/strong><\/p>\n<p>Brigada de Homicidios preliminarmente descart\u00f3 intervenci\u00f3n de terceras personas.<br \/>\nV\u00edctima de un traumatismo enc\u00e9falo craneal falleci\u00f3 la tarde del jueves un adulto mayor de 60 a\u00f1os de edad, tras haber ca\u00eddo violentamente desde una techumbre de una vivienda en el sector rural de La Colonia en Catemu. El accidente se produjo mientras efectuaba labores de limpieza en el lugar, quebr\u00e1ndose unos de los pizarre\u00f1os, lo que hizo que cayera y perdiera la vida poco despu\u00e9s cuando era asistido en el Hospital San Camilo de San Felipe.<br \/>\nEl caso qued\u00f3 bajo las pericias de la Brigada de Homicidios de la Polic\u00eda de Investigaciones de Los Andes, que confirm\u00f3 el deceso del occiso descartando preliminarmente la intervenci\u00f3n de terceras personas en el hecho.<br \/>\nSeg\u00fan los antecedentes policiales revelados, la v\u00edctima proveniente de la ciudad de Vi\u00f1a del Mar, habr\u00eda ca\u00eddo desde la techumbre a una altura de m\u00e1s de dos metros aproximadamente, mientras efectuaba labores de limpieza, golpe\u00e1ndose bruscamente en la cabeza, siendo trasladado hasta el servicio de urgencias de dicho centro hospitalario, lugar donde se produjo su lamentable deceso.<br \/>\nEl cuerpo del fallecido fue derivado hasta el Servicio M\u00e9dico Legal para la correspondiente autopsia de rigor.<br \/>\n<strong>Pablo Salinas Sald\u00edas<\/strong><\/p>\n","protected":false},"excerpt":{"rendered":"<p>Tragedia en sector rural La Colonia de Catemu: Brigada de Homicidios preliminarmente descart\u00f3 intervenci\u00f3n de terceras personas. V\u00edctima de un traumatismo enc\u00e9falo craneal falleci\u00f3 la tarde del jueves un adulto mayor de&#8230;<\/p>\n","protected":false},"author":1,"featured_media":67737,"comment_status":"open","ping_status":"open","sticky":false,"template":"","format":"standard","meta":{"advanced_seo_description":"","jetpack_seo_html_title":"","jetpack_seo_noindex":false,"_jetpack_memberships_contains_paid_content":false,"footnotes":""},"categories":[21],"tags":[],"class_list":["post-67736","post","type-post","status-publish","format-standard","has-post-thumbnail","hentry","category-policial"],"jetpack_featured_media_url":"https:\/\/i0.wp.com\/eltrabajo.cl\/portal\/wp-content\/uploads\/2016\/03\/MEDICO-LEGAL.jpg?fit=530%2C348&ssl=1","jetpack_sharing_enabled":true,"jetpack_likes_enabled":true,"jetpack-related-posts":[],"_links":{"self":[{"href":"https:\/\/eltrabajo.cl\/portal\/wp-json\/wp\/v2\/posts\/67736","targetHints":{"allow":["GET"]}}],"collection":[{"href":"https:\/\/eltrabajo.cl\/portal\/wp-json\/wp\/v2\/posts"}],"about":[{"href":"https:\/\/eltrabajo.cl\/portal\/wp-json\/wp\/v2\/types\/post"}],"author":[{"embeddable":true,"href":"https:\/\/eltrabajo.cl\/portal\/wp-json\/wp\/v2\/users\/1"}],"replies":[{"embeddable":true,"href":"https:\/\/eltrabajo.cl\/portal\/wp-json\/wp\/v2\/comments?post=67736"}],"version-history":[{"count":0,"href":"https:\/\/eltrabajo.cl\/portal\/wp-json\/wp\/v2\/posts\/67736\/revisions"}],"wp:featuredmedia":[{"embeddable":true,"href":"https:\/\/eltrabajo.cl\/portal\/wp-json\/wp\/v2\/media\/67737"}],"wp:attachment":[{"href":"https:\/\/eltrabajo.cl\/portal\/wp-json\/wp\/v2\/media?parent=67736"}],"wp:term":[{"taxonomy":"category","embeddable":true,"href":"https:\/\/eltrabajo.cl\/portal\/wp-json\/wp\/v2\/categories?post=67736"},{"taxonomy":"post_tag","embeddable":true,"href":"https:\/\/eltrabajo.cl\/portal\/wp-json\/wp\/v2\/tags?post=67736"}],"curies":[{"name":"wp","href":"https:\/\/api.w.org\/{rel}","templated":true}]}}