{"id":67745,"date":"2016-03-14T08:38:41","date_gmt":"2016-03-14T11:38:41","guid":{"rendered":"http:\/\/www.eltrabajo.cl\/portal\/?p=67745"},"modified":"2016-03-14T08:38:41","modified_gmt":"2016-03-14T11:38:41","slug":"con-cuchillas-falsos-pasajeros-asaltan-a-taxista-para-robarle-dinero-y-celular","status":"publish","type":"post","link":"https:\/\/eltrabajo.cl\/portal\/con-cuchillas-falsos-pasajeros-asaltan-a-taxista-para-robarle-dinero-y-celular\/","title":{"rendered":"Con cuchillas falsos pasajeros asaltan a taxista para robarle dinero y celular"},"content":{"rendered":"<figure id=\"attachment_67746\" aria-describedby=\"caption-attachment-67746\" style=\"width: 530px\" class=\"wp-caption alignleft\"><a href=\"http:\/\/www.eltrabajo.cl\/portal\/con-cuchillas-falsos-pasajeros-asaltan-a-taxista-para-robarle-dinero-y-celular\/fernando-abel-cordero-olguin\/\" rel=\"attachment wp-att-67746\"><img data-recalc-dims=\"1\" loading=\"lazy\" decoding=\"async\" class=\"size-full wp-image-67746\" src=\"https:\/\/i0.wp.com\/www.eltrabajo.cl\/portal\/wp-content\/uploads\/2016\/03\/Fernando-Abel-Cordero-Olguin.jpg?resize=530%2C349\" alt=\"M.E.D. de 21 a\u00f1os de edad y sin antecedentes policiales, fue detenido junto a Fernando Cordero Olgu\u00edn de 33 a\u00f1os, con antecedentes policiales por delito de robo.\" width=\"530\" height=\"349\" srcset=\"https:\/\/i0.wp.com\/eltrabajo.cl\/portal\/wp-content\/uploads\/2016\/03\/Fernando-Abel-Cordero-Olguin.jpg?w=530&amp;ssl=1 530w, https:\/\/i0.wp.com\/eltrabajo.cl\/portal\/wp-content\/uploads\/2016\/03\/Fernando-Abel-Cordero-Olguin.jpg?resize=200%2C132&amp;ssl=1 200w, https:\/\/i0.wp.com\/eltrabajo.cl\/portal\/wp-content\/uploads\/2016\/03\/Fernando-Abel-Cordero-Olguin.jpg?resize=300%2C198&amp;ssl=1 300w, https:\/\/i0.wp.com\/eltrabajo.cl\/portal\/wp-content\/uploads\/2016\/03\/Fernando-Abel-Cordero-Olguin.jpg?resize=228%2C150&amp;ssl=1 228w, https:\/\/i0.wp.com\/eltrabajo.cl\/portal\/wp-content\/uploads\/2016\/03\/Fernando-Abel-Cordero-Olguin.jpg?resize=400%2C263&amp;ssl=1 400w\" sizes=\"auto, (max-width: 530px) 100vw, 530px\" \/><\/a><figcaption id=\"caption-attachment-67746\" class=\"wp-caption-text\">M.E.D. de 21 a\u00f1os de edad y sin antecedentes policiales, fue detenido junto a Fernando Cordero Olgu\u00edn de 33 a\u00f1os, con antecedentes policiales por delito de robo.<\/figcaption><\/figure>\n<p><strong>Los antisociales abordaron el m\u00f3vil asaltando de inmediato al chofer en horas de la madrugada de ayer domingo en San Felipe.<\/strong><\/p>\n<p>Un tel\u00e9fono celular y 60.000 pesos en efectivo, fue el saldo de un robo con intimidaci\u00f3n que perpetraron dos delincuentes, quienes haci\u00e9ndose pasar por falsos pasajeros, intimidaron a un taxista en los momentos que el trabajador los recogi\u00f3 en la intersecci\u00f3n de calles Abraham Ahumada con Circunvalaci\u00f3n Santa Teresa de San Felipe.<br \/>\nEl hecho se produjo en horas de la madrugada de ayer domingo, quedando al descubierto luego que la v\u00edctima denunci\u00f3 el episodio a Carabineros, quienes se trasladaron al sitio del suceso. Los efectivos policiales iniciaron patrullajes en b\u00fasqueda de los delincuentes de acuerdo a las caracter\u00edsticas f\u00edsicas y de vestimentas que relat\u00f3 el afectado, quien adem\u00e1s acompa\u00f1\u00f3 a los uniformados en la captura de los sujetos.<br \/>\nLas diligencias rindieron sus frutos a solo cuadras del lugar de los hechos, donde la v\u00edctima reconoci\u00f3 a los agresores que circulaban por la v\u00eda p\u00fablica, siendo arrestados portando las especies sustra\u00eddas; posteriormente fueron derivados hasta el cuartel de la Segunda Comisar\u00eda.<br \/>\nLos imputados por este robo con intimidaci\u00f3n fueron individualizados como M. S. E. D. de 21 a\u00f1os de edad, sin antecedentes penales y Fernando Abel Cordero Olgu\u00edn de 33 a\u00f1os, con un prontuario delictivo por delitos de robo en lugar habitado y robo con intimidaci\u00f3n.<br \/>\nLa Comisario (S) de Carabineros, Capit\u00e1n Carolina Fern\u00e1ndez, destac\u00f3 la alianza que existe entre Carabineros y la comunidad, \u201cque en definitiva nos permite lograr la r\u00e1pida acci\u00f3n y detenci\u00f3n de estos antisociales para ser puestos a disposici\u00f3n de los tribunales, aumentando de esta forma la sensaci\u00f3n de seguridad en la gente\u201d.<br \/>\nLa oficial policial agreg\u00f3 que los detenidos fueron trasladados hasta el Juzgado de Garant\u00eda de San Felipe durante la ma\u00f1ana de ayer domingo para ser formalizados por este delito, quedando a disposici\u00f3n de la Fiscal\u00eda que investigar\u00e1 el caso.<br \/>\n<strong>Pablo Salinas Sald\u00edas<\/strong><\/p>\n","protected":false},"excerpt":{"rendered":"<p>Los antisociales abordaron el m\u00f3vil asaltando de inmediato al chofer en horas de la madrugada de ayer domingo en San Felipe. Un tel\u00e9fono celular y 60.000 pesos en efectivo, fue el saldo&#8230;<\/p>\n","protected":false},"author":1,"featured_media":67746,"comment_status":"open","ping_status":"open","sticky":false,"template":"","format":"standard","meta":{"advanced_seo_description":"","jetpack_seo_html_title":"","jetpack_seo_noindex":false,"_jetpack_memberships_contains_paid_content":false,"footnotes":""},"categories":[21],"tags":[],"class_list":["post-67745","post","type-post","status-publish","format-standard","has-post-thumbnail","hentry","category-policial"],"jetpack_featured_media_url":"https:\/\/i0.wp.com\/eltrabajo.cl\/portal\/wp-content\/uploads\/2016\/03\/Fernando-Abel-Cordero-Olguin.jpg?fit=530%2C349&ssl=1","jetpack_sharing_enabled":true,"jetpack_likes_enabled":true,"jetpack-related-posts":[],"_links":{"self":[{"href":"https:\/\/eltrabajo.cl\/portal\/wp-json\/wp\/v2\/posts\/67745","targetHints":{"allow":["GET"]}}],"collection":[{"href":"https:\/\/eltrabajo.cl\/portal\/wp-json\/wp\/v2\/posts"}],"about":[{"href":"https:\/\/eltrabajo.cl\/portal\/wp-json\/wp\/v2\/types\/post"}],"author":[{"embeddable":true,"href":"https:\/\/eltrabajo.cl\/portal\/wp-json\/wp\/v2\/users\/1"}],"replies":[{"embeddable":true,"href":"https:\/\/eltrabajo.cl\/portal\/wp-json\/wp\/v2\/comments?post=67745"}],"version-history":[{"count":0,"href":"https:\/\/eltrabajo.cl\/portal\/wp-json\/wp\/v2\/posts\/67745\/revisions"}],"wp:featuredmedia":[{"embeddable":true,"href":"https:\/\/eltrabajo.cl\/portal\/wp-json\/wp\/v2\/media\/67746"}],"wp:attachment":[{"href":"https:\/\/eltrabajo.cl\/portal\/wp-json\/wp\/v2\/media?parent=67745"}],"wp:term":[{"taxonomy":"category","embeddable":true,"href":"https:\/\/eltrabajo.cl\/portal\/wp-json\/wp\/v2\/categories?post=67745"},{"taxonomy":"post_tag","embeddable":true,"href":"https:\/\/eltrabajo.cl\/portal\/wp-json\/wp\/v2\/tags?post=67745"}],"curies":[{"name":"wp","href":"https:\/\/api.w.org\/{rel}","templated":true}]}}