{"id":67749,"date":"2016-03-15T08:12:57","date_gmt":"2016-03-15T11:12:57","guid":{"rendered":"http:\/\/www.eltrabajo.cl\/portal\/?p=67749"},"modified":"2016-03-15T08:12:57","modified_gmt":"2016-03-15T11:12:57","slug":"hoy-en-villa-sol-del-inca-inician-operativos-municipales-de-desparasitacion-de-mascotas","status":"publish","type":"post","link":"https:\/\/eltrabajo.cl\/portal\/hoy-en-villa-sol-del-inca-inician-operativos-municipales-de-desparasitacion-de-mascotas\/","title":{"rendered":"Hoy en villa Sol del Inca inician operativos municipales de desparasitaci\u00f3n de mascotas"},"content":{"rendered":"<figure id=\"attachment_67750\" aria-describedby=\"caption-attachment-67750\" style=\"width: 300px\" class=\"wp-caption alignleft\"><a href=\"http:\/\/www.eltrabajo.cl\/portal\/hoy-en-villa-sol-del-inca-inician-operativos-municipales-de-desparasitacion-de-mascotas\/mariana-bravo-3\/\" rel=\"attachment wp-att-67750\"><img data-recalc-dims=\"1\" loading=\"lazy\" decoding=\"async\" class=\"size-medium wp-image-67750\" src=\"https:\/\/i0.wp.com\/www.eltrabajo.cl\/portal\/wp-content\/uploads\/2016\/03\/mariana-bravo-300x197.jpg?resize=300%2C197\" alt=\"Mariana Bravo, encargada de programa de Tenencia Responsable de Animales de Compa\u00f1\u00eda, que ejecuta la Municipalidad de San Felipe.\" width=\"300\" height=\"197\" srcset=\"https:\/\/i0.wp.com\/eltrabajo.cl\/portal\/wp-content\/uploads\/2016\/03\/mariana-bravo.jpg?resize=300%2C197&amp;ssl=1 300w, https:\/\/i0.wp.com\/eltrabajo.cl\/portal\/wp-content\/uploads\/2016\/03\/mariana-bravo.jpg?resize=200%2C131&amp;ssl=1 200w, https:\/\/i0.wp.com\/eltrabajo.cl\/portal\/wp-content\/uploads\/2016\/03\/mariana-bravo.jpg?resize=228%2C150&amp;ssl=1 228w, https:\/\/i0.wp.com\/eltrabajo.cl\/portal\/wp-content\/uploads\/2016\/03\/mariana-bravo.jpg?resize=400%2C263&amp;ssl=1 400w, https:\/\/i0.wp.com\/eltrabajo.cl\/portal\/wp-content\/uploads\/2016\/03\/mariana-bravo.jpg?w=530&amp;ssl=1 530w\" sizes=\"auto, (max-width: 300px) 100vw, 300px\" \/><\/a><figcaption id=\"caption-attachment-67750\" class=\"wp-caption-text\">Mariana Bravo, encargada de programa de Tenencia Responsable de Animales de Compa\u00f1\u00eda, que ejecuta la Municipalidad de San Felipe.<\/figcaption><\/figure>\n<p>Iniciativa est\u00e1 enmarcada en el Programa de Tenencia Responsable de Mascotas.<br \/>\nEn la villa Sol del Inca contin\u00faa este martes la labor de desparasitaci\u00f3n de mascotas, con un operativo gratuito para los vecinos del sector y de las villas cercanas, enmarcado en el Programa de Tenencia Responsable de Animales de Compa\u00f1\u00eda, que ejecuta la Municipalidad de San Felipe.<br \/>\nLa informaci\u00f3n la entreg\u00f3 la encargada de este programa, Mariana Bravo, quien detall\u00f3 que mientras el martes se trabajar\u00e1 en Sol del Inca, el mi\u00e9rcoles 16 estar\u00e1n en el sector Puente &#8211; Unidad Vecinal N\u00b0 23 y el jueves 17 en las Villas Argelia y La Escuadra.<br \/>\n\u201cLa idea es que la comunidad pueda aprovechar este beneficio, donde el equipo municipal pone a disposici\u00f3n de sus mascotas un desparasitario interno y externo, por lo que las mascotas eliminan pulgas y garrapatas, pero tambi\u00e9n par\u00e1sitos internos, que les afectan mucho durante esta \u00e9poca de altas temperaturas\u201d, manifest\u00f3 Mariana Bravo.<br \/>\nLos profesionales del Programa de Tenencia Responsable de Mascotas realizan esta labor en las afueras de las sedes comunitarias o bien, en las plazoletas de los sectores donde acuden.<br \/>\nMariana Bravo destac\u00f3 en este sentido, el trabajo conjunto con los dirigentes vecinales, que realizan una fuerte labor de difusi\u00f3n de esta iniciativa, que promueve el Alcalde Patricio Freire, comprendiendo que se hace sumamente necesario favorecer acciones que respondan a la Pol\u00edtica Comunal de Tenencia Responsable.<br \/>\nDe ah\u00ed entonces que estos operativos se ejecutan \u00edntegramente con recursos municipales y se extender\u00e1n por todo el mes de marzo pues, como ya se hab\u00eda informado anteriormente, pr\u00f3ximamente se reanudar\u00e1 el programa de esterilizaci\u00f3n municipal, que considera un sistema de copago, mientras se espera la llegada de fondos de Gobierno, para continuar con la misma acci\u00f3n, pero de manera gratuita.<\/p>\n","protected":false},"excerpt":{"rendered":"<p>Iniciativa est\u00e1 enmarcada en el Programa de Tenencia Responsable de Mascotas. En la villa Sol del Inca contin\u00faa este martes la labor de desparasitaci\u00f3n de mascotas, con un operativo gratuito para los&#8230;<\/p>\n","protected":false},"author":1,"featured_media":67750,"comment_status":"open","ping_status":"open","sticky":false,"template":"","format":"standard","meta":{"advanced_seo_description":"","jetpack_seo_html_title":"","jetpack_seo_noindex":false,"_jetpack_memberships_contains_paid_content":false,"footnotes":""},"categories":[1],"tags":[],"class_list":["post-67749","post","type-post","status-publish","format-standard","has-post-thumbnail","hentry","category-cronica"],"jetpack_featured_media_url":"https:\/\/i0.wp.com\/eltrabajo.cl\/portal\/wp-content\/uploads\/2016\/03\/mariana-bravo.jpg?fit=530%2C348&ssl=1","jetpack_sharing_enabled":true,"jetpack_likes_enabled":true,"jetpack-related-posts":[],"_links":{"self":[{"href":"https:\/\/eltrabajo.cl\/portal\/wp-json\/wp\/v2\/posts\/67749","targetHints":{"allow":["GET"]}}],"collection":[{"href":"https:\/\/eltrabajo.cl\/portal\/wp-json\/wp\/v2\/posts"}],"about":[{"href":"https:\/\/eltrabajo.cl\/portal\/wp-json\/wp\/v2\/types\/post"}],"author":[{"embeddable":true,"href":"https:\/\/eltrabajo.cl\/portal\/wp-json\/wp\/v2\/users\/1"}],"replies":[{"embeddable":true,"href":"https:\/\/eltrabajo.cl\/portal\/wp-json\/wp\/v2\/comments?post=67749"}],"version-history":[{"count":0,"href":"https:\/\/eltrabajo.cl\/portal\/wp-json\/wp\/v2\/posts\/67749\/revisions"}],"wp:featuredmedia":[{"embeddable":true,"href":"https:\/\/eltrabajo.cl\/portal\/wp-json\/wp\/v2\/media\/67750"}],"wp:attachment":[{"href":"https:\/\/eltrabajo.cl\/portal\/wp-json\/wp\/v2\/media?parent=67749"}],"wp:term":[{"taxonomy":"category","embeddable":true,"href":"https:\/\/eltrabajo.cl\/portal\/wp-json\/wp\/v2\/categories?post=67749"},{"taxonomy":"post_tag","embeddable":true,"href":"https:\/\/eltrabajo.cl\/portal\/wp-json\/wp\/v2\/tags?post=67749"}],"curies":[{"name":"wp","href":"https:\/\/api.w.org\/{rel}","templated":true}]}}