{"id":67753,"date":"2016-03-15T08:14:57","date_gmt":"2016-03-15T11:14:57","guid":{"rendered":"http:\/\/www.eltrabajo.cl\/portal\/?p=67753"},"modified":"2016-03-15T08:14:57","modified_gmt":"2016-03-15T11:14:57","slug":"piden-carcel-para-sujeto-que-violo-a-su-prima-enajenada-mental","status":"publish","type":"post","link":"https:\/\/eltrabajo.cl\/portal\/piden-carcel-para-sujeto-que-violo-a-su-prima-enajenada-mental\/","title":{"rendered":"Piden c\u00e1rcel para sujeto que viol\u00f3 a su prima enajenada mental"},"content":{"rendered":"<figure id=\"attachment_67754\" aria-describedby=\"caption-attachment-67754\" style=\"width: 300px\" class=\"wp-caption alignleft\"><a href=\"http:\/\/www.eltrabajo.cl\/portal\/piden-carcel-para-sujeto-que-violo-a-su-prima-enajenada-mental\/fiscal-alejandro-bustos-2\/\" rel=\"attachment wp-att-67754\"><img data-recalc-dims=\"1\" loading=\"lazy\" decoding=\"async\" class=\"size-medium wp-image-67754\" src=\"https:\/\/i0.wp.com\/www.eltrabajo.cl\/portal\/wp-content\/uploads\/2016\/03\/Fiscal-Alejandro-Bustos-2-300x197.jpg?resize=300%2C197\" alt=\"Fiscal de Delitos Sexuales del Ministerio P\u00fablico de San Felipe, Alejandro Bustos.\" width=\"300\" height=\"197\" srcset=\"https:\/\/i0.wp.com\/eltrabajo.cl\/portal\/wp-content\/uploads\/2016\/03\/Fiscal-Alejandro-Bustos-2.jpg?resize=300%2C197&amp;ssl=1 300w, https:\/\/i0.wp.com\/eltrabajo.cl\/portal\/wp-content\/uploads\/2016\/03\/Fiscal-Alejandro-Bustos-2.jpg?resize=200%2C131&amp;ssl=1 200w, https:\/\/i0.wp.com\/eltrabajo.cl\/portal\/wp-content\/uploads\/2016\/03\/Fiscal-Alejandro-Bustos-2.jpg?resize=228%2C150&amp;ssl=1 228w, https:\/\/i0.wp.com\/eltrabajo.cl\/portal\/wp-content\/uploads\/2016\/03\/Fiscal-Alejandro-Bustos-2.jpg?resize=400%2C263&amp;ssl=1 400w, https:\/\/i0.wp.com\/eltrabajo.cl\/portal\/wp-content\/uploads\/2016\/03\/Fiscal-Alejandro-Bustos-2.jpg?w=530&amp;ssl=1 530w\" sizes=\"auto, (max-width: 300px) 100vw, 300px\" \/><\/a><figcaption id=\"caption-attachment-67754\" class=\"wp-caption-text\">Fiscal de Delitos Sexuales del Ministerio P\u00fablico de San Felipe, Alejandro Bustos.<\/figcaption><\/figure>\n<p><strong>Condenado est\u00e1 en libertad y arriesga hasta siete a\u00f1os de presidio:<\/strong><br \/>\nFiscal\u00eda de San Felipe persigue una pena privativa de libertad por el delito de violaci\u00f3n, luego que la terna de jueces condenara estos hechos cometidos por el acusado.<br \/>\nPor unanimidad, los jueces del Tribunal Oral en Lo Penal de San Felipe condenaron a un sujeto identificado como Miguel \u00c1ngel Mu\u00f1oz Videla, quien fue considerado culpable del delito de violaci\u00f3n, siendo v\u00edctima su prima enajenada mental, hecho que fue cometido en esta comuna.<br \/>\nHabiendo trascurrido cuatro a\u00f1os de los hechos, la Fiscal\u00eda llev\u00f3 a juicio al acusado por un episodio ocurrido en una vivienda de la poblaci\u00f3n Pedro Araya de San Felipe, en el mes de junio del a\u00f1o 2012. De acuerdo a las investigaciones, en aquel entonces la v\u00edctima con retraso mental moderado, estando sola en su domicilio cuando recibi\u00f3 la visita de su primo Miguel Mu\u00f1oz Videla, quien adem\u00e1s resid\u00eda en una vivienda cercana.<br \/>\nLa afectada relat\u00f3 durante el juicio que su primo, aprovechando su cercan\u00eda familiar, procedi\u00f3 a violarla bucalmente, para luego abandonar la vivienda; a ra\u00edz de este hecho, la v\u00edctima sufri\u00f3 una profunda depresi\u00f3n. La Fiscal\u00eda investig\u00f3 la denuncia, acusando al sujeto de violaci\u00f3n adem\u00e1s de haber abusado de la enajenaci\u00f3n mental que afecta a la mujer, seg\u00fan argumenta el Fiscal de Delitos Sexuales, Alejandro Bustos.<br \/>\n\u201cEl Tribunal dio por acreditados los hechos por unanimidad de la terna de jueces en su veredicto. Nosotros como Fiscal\u00eda requerimos siete a\u00f1os de presidio\u201d, precis\u00f3 el persecutor a Diario El Trabajo.<br \/>\nMu\u00f1oz Videla, quien se ha presentado a los actos del procedimiento por gozar de libertad absoluta, podr\u00eda ser condenado a una pena tras las rejas seg\u00fan la sentencia que impondr\u00eda el Tribunal Oral en Lo Penal de San Felipe en las pr\u00f3ximas horas.<br \/>\n<strong>Pablo Salinas Sald\u00edas<\/strong><\/p>\n","protected":false},"excerpt":{"rendered":"<p>Condenado est\u00e1 en libertad y arriesga hasta siete a\u00f1os de presidio: Fiscal\u00eda de San Felipe persigue una pena privativa de libertad por el delito de violaci\u00f3n, luego que la terna de jueces&#8230;<\/p>\n","protected":false},"author":1,"featured_media":67754,"comment_status":"open","ping_status":"open","sticky":false,"template":"","format":"standard","meta":{"advanced_seo_description":"","jetpack_seo_html_title":"","jetpack_seo_noindex":false,"_jetpack_memberships_contains_paid_content":false,"footnotes":""},"categories":[21],"tags":[],"class_list":["post-67753","post","type-post","status-publish","format-standard","has-post-thumbnail","hentry","category-policial"],"jetpack_featured_media_url":"https:\/\/i0.wp.com\/eltrabajo.cl\/portal\/wp-content\/uploads\/2016\/03\/Fiscal-Alejandro-Bustos-2.jpg?fit=530%2C348&ssl=1","jetpack_sharing_enabled":true,"jetpack_likes_enabled":true,"jetpack-related-posts":[],"_links":{"self":[{"href":"https:\/\/eltrabajo.cl\/portal\/wp-json\/wp\/v2\/posts\/67753","targetHints":{"allow":["GET"]}}],"collection":[{"href":"https:\/\/eltrabajo.cl\/portal\/wp-json\/wp\/v2\/posts"}],"about":[{"href":"https:\/\/eltrabajo.cl\/portal\/wp-json\/wp\/v2\/types\/post"}],"author":[{"embeddable":true,"href":"https:\/\/eltrabajo.cl\/portal\/wp-json\/wp\/v2\/users\/1"}],"replies":[{"embeddable":true,"href":"https:\/\/eltrabajo.cl\/portal\/wp-json\/wp\/v2\/comments?post=67753"}],"version-history":[{"count":0,"href":"https:\/\/eltrabajo.cl\/portal\/wp-json\/wp\/v2\/posts\/67753\/revisions"}],"wp:featuredmedia":[{"embeddable":true,"href":"https:\/\/eltrabajo.cl\/portal\/wp-json\/wp\/v2\/media\/67754"}],"wp:attachment":[{"href":"https:\/\/eltrabajo.cl\/portal\/wp-json\/wp\/v2\/media?parent=67753"}],"wp:term":[{"taxonomy":"category","embeddable":true,"href":"https:\/\/eltrabajo.cl\/portal\/wp-json\/wp\/v2\/categories?post=67753"},{"taxonomy":"post_tag","embeddable":true,"href":"https:\/\/eltrabajo.cl\/portal\/wp-json\/wp\/v2\/tags?post=67753"}],"curies":[{"name":"wp","href":"https:\/\/api.w.org\/{rel}","templated":true}]}}