{"id":67757,"date":"2016-03-15T08:18:03","date_gmt":"2016-03-15T11:18:03","guid":{"rendered":"http:\/\/www.eltrabajo.cl\/portal\/?p=67757"},"modified":"2016-03-15T19:20:25","modified_gmt":"2016-03-15T22:20:25","slug":"corte-libera-a-detenidos-acusados-de-asaltar-con-cuchilla-a-taxista","status":"publish","type":"post","link":"https:\/\/eltrabajo.cl\/portal\/corte-libera-a-detenidos-acusados-de-asaltar-con-cuchilla-a-taxista\/","title":{"rendered":"Corte libera a detenidos acusados de asaltar con cuchilla a taxista"},"content":{"rendered":"<figure id=\"attachment_67758\" aria-describedby=\"caption-attachment-67758\" style=\"width: 300px\" class=\"wp-caption alignleft\"><a href=\"http:\/\/www.eltrabajo.cl\/portal\/corte-libera-a-detenidos-acusados-de-asaltar-con-cuchilla-a-taxista\/maicol-sebastian-espinoza-dote\/\" rel=\"attachment wp-att-67758\"><img data-recalc-dims=\"1\" loading=\"lazy\" decoding=\"async\" class=\"size-medium wp-image-67758\" src=\"https:\/\/i0.wp.com\/www.eltrabajo.cl\/portal\/wp-content\/uploads\/2016\/03\/MAicol-Sebastian-Espinoza-Dote-300x198.jpg?resize=300%2C198\" alt=\"Los imputados que permanec\u00edan en custodia de Gendarmer\u00eda, recuperaron su libertad de acuerdo a la resoluci\u00f3n de la Corte de Apelaciones de Valpara\u00edso que confirma el fallo del Tribunal de San Felipe.\" width=\"300\" height=\"198\" \/><\/a><figcaption id=\"caption-attachment-67758\" class=\"wp-caption-text\">Los imputados que permanec\u00edan en custodia de Gendarmer\u00eda, recuperaron su libertad de acuerdo a la resoluci\u00f3n de la Corte de Apelaciones de Valpara\u00edso que confirma el fallo del Tribunal de San Felipe.<\/figcaption><\/figure>\n<p><strong>Fallo obedece a dudas sobre vestimentas se\u00f1aladas por la v\u00edctima:<\/strong><br \/>\nEl afectado habr\u00eda descrito vestuario de los delincuentes que no concordaban con los detenidos que se encontraban en la sala del Juzgado de Garant\u00eda de San Felipe, prevaleciendo el principio de inocencia. Adem\u00e1s durante la aprehensi\u00f3n de Carabineros no se logr\u00f3 la recuperaci\u00f3n de las especies.<br \/>\nLa Corte de Apelaciones de Valpara\u00edso confirm\u00f3 el fallo judicial del Juzgado de Garant\u00eda de San Felipe, que desestim\u00f3 la cautelar de prisi\u00f3n preventiva concediendo la libertad a dos sujetos acusados de robo con intimidaci\u00f3n a un taxista que fue asaltado con cuchillas. El conductor sufri\u00f3 el robo de $60.000 y un tel\u00e9fono celular el pasado domingo en esta comuna.<br \/>\nSin embargo, una inconsistencia en el relato del afectado ante Carabineros, de acuerdo a la descripci\u00f3n de las vestimentas que utilizaban los delincuentes, abrieron las dudas ante el Juez de Garant\u00eda dado a que los dos detenidos por este grave delito vest\u00edan con otras prendas, resolviendo proporcionar la libertad de los acusados por el principio de inocencia.<br \/>\nTras la audiencia de control de detenci\u00f3n efectuada la ma\u00f1ana de este domingo, la Fiscal\u00eda requer\u00eda de acuerdo a la gravedad del delito (robo con intimidaci\u00f3n) que se decretara la cautelar de prisi\u00f3n preventiva. No obstante, el Tribunal decret\u00f3 su libertad, pero el ministerio P\u00fablico apel\u00f3 verbalmente ante la Corte de Apelaciones de Valpara\u00edso para su pronunciamiento sobre este fallo.<br \/>\nAsimismo durante la tarde ayer lunes, la Ilustr\u00edsima ratific\u00f3 la resoluci\u00f3n del tribunal de San Felipe, concediendo la libertad de los imputados que se manten\u00edan en custodia de Gendarmer\u00eda, sin medidas cautelares.<br \/>\nEl Fiscal Alejandro Bustos, inform\u00f3 que tras la medida de la Corte de Apelaciones, el Ministerio P\u00fablico deber\u00e1 requerir una audiencia de fijaci\u00f3n de medidas cautelares hacia los imputados, \u201cquedan libres sin medidas cautelares por resoluci\u00f3n de la Corte de Apelaciones, ahora se debe requerir audiencia de fijaci\u00f3n de medidas cautelares que quedar\u00e1 en manos del Fiscal especializado en robos. El fallo que confirma la Corte se refiere a la resoluci\u00f3n del Juzgado de Garant\u00eda de San Felipe cuyos argumentos se sustentan en que de acuerdo a las vestimentas de los delincuentes se\u00f1alados por la v\u00edctima ante Carabineros, no coincid\u00edan con los imputados que se encontraban en la sala durante el control de detenci\u00f3n. La detenci\u00f3n de Carabineros se produce una hora despu\u00e9s de los hechos sin la recuperaci\u00f3n de las especies\u201d.<br \/>\nLos imputados por este robo con intimidaci\u00f3n fueron individualizados como M.S.E.D. de 21 a\u00f1os de edad, sin antecedentes penales policiales y Fernando Abel Cordero Olgu\u00edn de 33 a\u00f1os con un prontuario delictivo por delitos de robo en lugar habitado y robo con intimidaci\u00f3n.<br \/>\n<strong>Pablo Salinas Sald\u00edas<\/strong><\/p>\n","protected":false},"excerpt":{"rendered":"<p>Fallo obedece a dudas sobre vestimentas se\u00f1aladas por la v\u00edctima: El afectado habr\u00eda descrito vestuario de los delincuentes que no concordaban con los detenidos que se encontraban en la sala del Juzgado&#8230;<\/p>\n","protected":false},"author":1,"featured_media":67796,"comment_status":"open","ping_status":"open","sticky":false,"template":"","format":"standard","meta":{"advanced_seo_description":"","jetpack_seo_html_title":"","jetpack_seo_noindex":false,"_jetpack_memberships_contains_paid_content":false,"footnotes":""},"categories":[21],"tags":[],"class_list":["post-67757","post","type-post","status-publish","format-standard","has-post-thumbnail","hentry","category-policial"],"jetpack_featured_media_url":"https:\/\/i0.wp.com\/eltrabajo.cl\/portal\/wp-content\/uploads\/2016\/03\/MAicol-Sebastian-Espinoza-Dote.jpg?fit=530%2C350&ssl=1","jetpack_sharing_enabled":true,"jetpack_likes_enabled":true,"jetpack-related-posts":[],"_links":{"self":[{"href":"https:\/\/eltrabajo.cl\/portal\/wp-json\/wp\/v2\/posts\/67757","targetHints":{"allow":["GET"]}}],"collection":[{"href":"https:\/\/eltrabajo.cl\/portal\/wp-json\/wp\/v2\/posts"}],"about":[{"href":"https:\/\/eltrabajo.cl\/portal\/wp-json\/wp\/v2\/types\/post"}],"author":[{"embeddable":true,"href":"https:\/\/eltrabajo.cl\/portal\/wp-json\/wp\/v2\/users\/1"}],"replies":[{"embeddable":true,"href":"https:\/\/eltrabajo.cl\/portal\/wp-json\/wp\/v2\/comments?post=67757"}],"version-history":[{"count":0,"href":"https:\/\/eltrabajo.cl\/portal\/wp-json\/wp\/v2\/posts\/67757\/revisions"}],"wp:featuredmedia":[{"embeddable":true,"href":"https:\/\/eltrabajo.cl\/portal\/wp-json\/wp\/v2\/media\/67796"}],"wp:attachment":[{"href":"https:\/\/eltrabajo.cl\/portal\/wp-json\/wp\/v2\/media?parent=67757"}],"wp:term":[{"taxonomy":"category","embeddable":true,"href":"https:\/\/eltrabajo.cl\/portal\/wp-json\/wp\/v2\/categories?post=67757"},{"taxonomy":"post_tag","embeddable":true,"href":"https:\/\/eltrabajo.cl\/portal\/wp-json\/wp\/v2\/tags?post=67757"}],"curies":[{"name":"wp","href":"https:\/\/api.w.org\/{rel}","templated":true}]}}