{"id":67761,"date":"2016-03-15T08:21:38","date_gmt":"2016-03-15T11:21:38","guid":{"rendered":"http:\/\/www.eltrabajo.cl\/portal\/?p=67761"},"modified":"2016-03-15T08:21:38","modified_gmt":"2016-03-15T11:21:38","slug":"con-diversas-actividades-se-llevo-a-cabo-la-tercera-jornada-de-calles-abiertas","status":"publish","type":"post","link":"https:\/\/eltrabajo.cl\/portal\/con-diversas-actividades-se-llevo-a-cabo-la-tercera-jornada-de-calles-abiertas\/","title":{"rendered":"Con diversas actividades se llev\u00f3 a cabo la Tercera jornada de \u2018Calles Abiertas\u2019"},"content":{"rendered":"<figure id=\"attachment_67762\" aria-describedby=\"caption-attachment-67762\" style=\"width: 530px\" class=\"wp-caption alignleft\"><a href=\"http:\/\/www.eltrabajo.cl\/portal\/con-diversas-actividades-se-llevo-a-cabo-la-tercera-jornada-de-calles-abiertas\/calles-abiertas-2-2\/\" rel=\"attachment wp-att-67762\"><img data-recalc-dims=\"1\" loading=\"lazy\" decoding=\"async\" class=\"size-full wp-image-67762\" src=\"https:\/\/i0.wp.com\/www.eltrabajo.cl\/portal\/wp-content\/uploads\/2016\/03\/Calles-Abiertas-2.jpg?resize=530%2C350\" alt=\"Diversas actividades se llevaron a cabo este s\u00e1bado en calle Salinas de San Felipe.\" width=\"530\" height=\"350\" srcset=\"https:\/\/i0.wp.com\/eltrabajo.cl\/portal\/wp-content\/uploads\/2016\/03\/Calles-Abiertas-2.jpg?w=530&amp;ssl=1 530w, https:\/\/i0.wp.com\/eltrabajo.cl\/portal\/wp-content\/uploads\/2016\/03\/Calles-Abiertas-2.jpg?resize=200%2C132&amp;ssl=1 200w, https:\/\/i0.wp.com\/eltrabajo.cl\/portal\/wp-content\/uploads\/2016\/03\/Calles-Abiertas-2.jpg?resize=300%2C198&amp;ssl=1 300w, https:\/\/i0.wp.com\/eltrabajo.cl\/portal\/wp-content\/uploads\/2016\/03\/Calles-Abiertas-2.jpg?resize=227%2C150&amp;ssl=1 227w, https:\/\/i0.wp.com\/eltrabajo.cl\/portal\/wp-content\/uploads\/2016\/03\/Calles-Abiertas-2.jpg?resize=400%2C264&amp;ssl=1 400w\" sizes=\"auto, (max-width: 530px) 100vw, 530px\" \/><\/a><figcaption id=\"caption-attachment-67762\" class=\"wp-caption-text\">Diversas actividades se llevaron a cabo este s\u00e1bado en calle Salinas de San Felipe.<\/figcaption><\/figure>\n<p><strong>La pr\u00f3xima edici\u00f3n de este programa ejecutado en conjunto por la municipalidad y el IND, se realizar\u00e1 en la villa El Carmen, este 2 de abril.<\/strong><br \/>\nLa calle Salinas se llen\u00f3 de colores y deporte en la tarde del s\u00e1bado, con la tercera jornada del programa del IND \u2018Calles Abiertas\u2019, iniciativa que ejecuta en conjunto con el departamento de Deportes y Actividad F\u00edsica de la Municipalidad de San Felipe.<br \/>\nA las actividades de mini f\u00fatbol, mini b\u00e1squetbol, zumba y ping pong, que el Instituto Nacional del Deporte com\u00fanmente realiza; se sum\u00f3 un concurso de dibujos con tiza; una clase de stretching (estiramiento) y un segundo concurso que consisti\u00f3 en patear el bal\u00f3n desde el escenario (ubicado a un costado de la Plaza C\u00edvica) hasta un peque\u00f1o arco (ubicado al otro extremo de la calle, frente al orfe\u00f3n).<br \/>\nAdem\u00e1s, el Club de Escalada Newen se hizo presente con su muro y el apoyo de la instructora Damaris Navia, por lo que muchos de los que asistieron pudieron participar y practicar esta disciplina.<br \/>\nCabe destacar la presencia del Club de Tenis de Mesa Aconcagua, que ofreci\u00f3 una exhibici\u00f3n a cargo de V\u00edctor Moraga, quien representar\u00e1 a Chile en el pr\u00f3ximo \u2018ITTF World Tour Chile Open\u2019, programado para abril pr\u00f3ximo en Santiago y donde competir\u00e1 con tenimesistas de Argentina, Uruguay, Cuba, Francia, Alemania y Rumania.<br \/>\nEn la ocasi\u00f3n, el alcalde Patricio Freire relev\u00f3 la importancia de la alianza estrat\u00e9gica establecida con el IND y que ha permitido desde 2015 desarrollar este programa, que favorece la pr\u00e1ctica de actividad f\u00edsica por parte de la comunidad sanfelipe\u00f1a.<br \/>\n\u201cAgradecemos al IND porque nos ha favorecido por segundo a\u00f1o con el programa Calles Abiertas, para nosotros es muy importante generar estas iniciativas porque a trav\u00e9s de ellas instalamos una pol\u00edtica de comuna saludable y por medio de acciones concretas favorecemos la pr\u00e1ctica de actividad f\u00edsica\u201d, manifest\u00f3 la autoridad comunal.<br \/>\nLa pr\u00f3xima edici\u00f3n del Programa Calles Abierta se realizar\u00e1 este 2 de abril, en la villa El Carmen de la comuna.<\/p>\n<figure id=\"attachment_67763\" aria-describedby=\"caption-attachment-67763\" style=\"width: 530px\" class=\"wp-caption alignleft\"><a href=\"http:\/\/www.eltrabajo.cl\/portal\/con-diversas-actividades-se-llevo-a-cabo-la-tercera-jornada-de-calles-abiertas\/calles-abiertas-1\/\" rel=\"attachment wp-att-67763\"><img data-recalc-dims=\"1\" loading=\"lazy\" decoding=\"async\" class=\"size-full wp-image-67763\" src=\"https:\/\/i0.wp.com\/www.eltrabajo.cl\/portal\/wp-content\/uploads\/2016\/03\/Calles-Abiertas-1.jpg?resize=530%2C350\" alt=\"Juegos para ni\u00f1os, concursos de dibujos con tiza y clases de stretching (estiramiento) fueron algunas de las actividades que se realizaron este fin de semana.\" width=\"530\" height=\"350\" srcset=\"https:\/\/i0.wp.com\/eltrabajo.cl\/portal\/wp-content\/uploads\/2016\/03\/Calles-Abiertas-1.jpg?w=530&amp;ssl=1 530w, https:\/\/i0.wp.com\/eltrabajo.cl\/portal\/wp-content\/uploads\/2016\/03\/Calles-Abiertas-1.jpg?resize=200%2C132&amp;ssl=1 200w, https:\/\/i0.wp.com\/eltrabajo.cl\/portal\/wp-content\/uploads\/2016\/03\/Calles-Abiertas-1.jpg?resize=300%2C198&amp;ssl=1 300w, https:\/\/i0.wp.com\/eltrabajo.cl\/portal\/wp-content\/uploads\/2016\/03\/Calles-Abiertas-1.jpg?resize=227%2C150&amp;ssl=1 227w, https:\/\/i0.wp.com\/eltrabajo.cl\/portal\/wp-content\/uploads\/2016\/03\/Calles-Abiertas-1.jpg?resize=400%2C264&amp;ssl=1 400w\" sizes=\"auto, (max-width: 530px) 100vw, 530px\" \/><\/a><figcaption id=\"caption-attachment-67763\" class=\"wp-caption-text\">Juegos para ni\u00f1os, concursos de dibujos con tiza y clases de stretching (estiramiento) fueron algunas de las actividades que se realizaron este fin de semana.<\/figcaption><\/figure>\n","protected":false},"excerpt":{"rendered":"<p>La pr\u00f3xima edici\u00f3n de este programa ejecutado en conjunto por la municipalidad y el IND, se realizar\u00e1 en la villa El Carmen, este 2 de abril. La calle Salinas se llen\u00f3 de&#8230;<\/p>\n","protected":false},"author":1,"featured_media":67763,"comment_status":"open","ping_status":"open","sticky":false,"template":"","format":"standard","meta":{"advanced_seo_description":"","jetpack_seo_html_title":"","jetpack_seo_noindex":false,"_jetpack_memberships_contains_paid_content":false,"footnotes":""},"categories":[1],"tags":[],"class_list":["post-67761","post","type-post","status-publish","format-standard","has-post-thumbnail","hentry","category-cronica"],"jetpack_featured_media_url":"https:\/\/i0.wp.com\/eltrabajo.cl\/portal\/wp-content\/uploads\/2016\/03\/Calles-Abiertas-1.jpg?fit=530%2C350&ssl=1","jetpack_sharing_enabled":true,"jetpack_likes_enabled":true,"jetpack-related-posts":[],"_links":{"self":[{"href":"https:\/\/eltrabajo.cl\/portal\/wp-json\/wp\/v2\/posts\/67761","targetHints":{"allow":["GET"]}}],"collection":[{"href":"https:\/\/eltrabajo.cl\/portal\/wp-json\/wp\/v2\/posts"}],"about":[{"href":"https:\/\/eltrabajo.cl\/portal\/wp-json\/wp\/v2\/types\/post"}],"author":[{"embeddable":true,"href":"https:\/\/eltrabajo.cl\/portal\/wp-json\/wp\/v2\/users\/1"}],"replies":[{"embeddable":true,"href":"https:\/\/eltrabajo.cl\/portal\/wp-json\/wp\/v2\/comments?post=67761"}],"version-history":[{"count":0,"href":"https:\/\/eltrabajo.cl\/portal\/wp-json\/wp\/v2\/posts\/67761\/revisions"}],"wp:featuredmedia":[{"embeddable":true,"href":"https:\/\/eltrabajo.cl\/portal\/wp-json\/wp\/v2\/media\/67763"}],"wp:attachment":[{"href":"https:\/\/eltrabajo.cl\/portal\/wp-json\/wp\/v2\/media?parent=67761"}],"wp:term":[{"taxonomy":"category","embeddable":true,"href":"https:\/\/eltrabajo.cl\/portal\/wp-json\/wp\/v2\/categories?post=67761"},{"taxonomy":"post_tag","embeddable":true,"href":"https:\/\/eltrabajo.cl\/portal\/wp-json\/wp\/v2\/tags?post=67761"}],"curies":[{"name":"wp","href":"https:\/\/api.w.org\/{rel}","templated":true}]}}