{"id":67771,"date":"2016-03-15T08:26:25","date_gmt":"2016-03-15T11:26:25","guid":{"rendered":"http:\/\/www.eltrabajo.cl\/portal\/?p=67771"},"modified":"2016-03-15T08:26:25","modified_gmt":"2016-03-15T11:26:25","slug":"estudiante-fue-acosada-por-degenerado-que-se-masturbaba-cerca-del-liceo-mixto-de-san-felipe","status":"publish","type":"post","link":"https:\/\/eltrabajo.cl\/portal\/estudiante-fue-acosada-por-degenerado-que-se-masturbaba-cerca-del-liceo-mixto-de-san-felipe\/","title":{"rendered":"Estudiante fue acosada por degenerado que se masturbaba cerca del Liceo Mixto de San Felipe"},"content":{"rendered":"<figure id=\"attachment_67772\" aria-describedby=\"caption-attachment-67772\" style=\"width: 300px\" class=\"wp-caption alignleft\"><a href=\"http:\/\/www.eltrabajo.cl\/portal\/estudiante-fue-acosada-por-degenerado-que-se-masturbaba-cerca-del-liceo-mixto-de-san-felipe\/liceo-mixto-san-felipe\/\" rel=\"attachment wp-att-67772\"><img data-recalc-dims=\"1\" loading=\"lazy\" decoding=\"async\" class=\"size-medium wp-image-67772\" src=\"https:\/\/i0.wp.com\/www.eltrabajo.cl\/portal\/wp-content\/uploads\/2016\/03\/Liceo-Mixto-San-Felipe-300x198.jpg?resize=300%2C198\" alt=\"Una menor putaendina fue acosada por un degenerado en las inmediaciones del Liceo Mixto de San Felipe.\" width=\"300\" height=\"198\" srcset=\"https:\/\/i0.wp.com\/eltrabajo.cl\/portal\/wp-content\/uploads\/2016\/03\/Liceo-Mixto-San-Felipe.jpg?resize=300%2C198&amp;ssl=1 300w, https:\/\/i0.wp.com\/eltrabajo.cl\/portal\/wp-content\/uploads\/2016\/03\/Liceo-Mixto-San-Felipe.jpg?resize=200%2C132&amp;ssl=1 200w, https:\/\/i0.wp.com\/eltrabajo.cl\/portal\/wp-content\/uploads\/2016\/03\/Liceo-Mixto-San-Felipe.jpg?resize=227%2C150&amp;ssl=1 227w, https:\/\/i0.wp.com\/eltrabajo.cl\/portal\/wp-content\/uploads\/2016\/03\/Liceo-Mixto-San-Felipe.jpg?resize=400%2C264&amp;ssl=1 400w, https:\/\/i0.wp.com\/eltrabajo.cl\/portal\/wp-content\/uploads\/2016\/03\/Liceo-Mixto-San-Felipe.jpg?w=530&amp;ssl=1 530w\" sizes=\"auto, (max-width: 300px) 100vw, 300px\" \/><\/a><figcaption id=\"caption-attachment-67772\" class=\"wp-caption-text\">Una menor putaendina fue acosada por un degenerado en las inmediaciones del Liceo Mixto de San Felipe.<\/figcaption><\/figure>\n<p>Un escolar caminaba rumbo al establecimiento cuando fue abordada por un sujeto que se movilizaba en un autom\u00f3vil.<br \/>\nUna estudiante de 15 a\u00f1os de edad, domiciliada en la comuna de Putaendo, fue v\u00edctima del actuar de un degenerado que al interior de su veh\u00edculo comenz\u00f3 a masturbarse cuando la escolar caminaba hacia el Liceo Mixto de San Felipe.<br \/>\nLa menor de edad, cuyo nombre se mantiene en reserva, en compa\u00f1\u00eda de su madre, asegur\u00f3 a nuestro medio que la ma\u00f1ana de este lunes a eso de las 08:20 horas, un familiar la llev\u00f3 hasta el establecimiento educacional y la dej\u00f3 en calle Miraflores, al costado de una plazoleta, donde luego de descender del veh\u00edculo y mientras se dispon\u00eda a cruzar la calle, se detuvo en medio de la calzada un autom\u00f3vil color blanco, donde su conductor baj\u00f3 el vidrio y le pidi\u00f3 que se acercara, lo que la estudiante rechaz\u00f3 y pas\u00f3 tras el m\u00f3vil. Sin embargo, al subir a la otra vereda y en forma inesperada, el sujeto abri\u00f3 la puerta y comenz\u00f3 a masturbarse.<br \/>\nLa v\u00edctima sostuvo que el individuo, de unos 45 a\u00f1os de edad, se encontraba desnudo de la cintura para abajo y no paraba de masturbarse, por lo que ella lo increp\u00f3 y corri\u00f3 r\u00e1pidamente hacia el liceo, donde fue auxiliada por los inspectores y la psic\u00f3loga del establecimiento.<br \/>\nLa madre de la menor indic\u00f3 que apenas fue avisada se traslad\u00f3 r\u00e1pidamente el lugar donde se interioriz\u00f3 de lo ocurrido, mostrando toda su indignaci\u00f3n por el actuar del degenerado.<br \/>\nLa mujer agradeci\u00f3 la preocupaci\u00f3n del personal del Liceo Mixto, que en todo momento acompa\u00f1aron a su hija y la orientaron en los pasos a seguir desde el punto de vista legal, pues como el hecho ocurri\u00f3 en las inmediaciones del colegio deb\u00eda trasladarse a Carabineros para estampar la denuncia correspondiente.<br \/>\nLa madre de la v\u00edctima critic\u00f3 duramente el trato recibido por Carabineros de San Felipe en la sala de guardia de la comisar\u00eda, ya que la atendieron de mala manera, en forma despectiva y no le acogieron la denuncia, porque uno de los funcionarios policiales insist\u00eda en que para denunciar a un sujeto deb\u00eda tener alg\u00fan indicio m\u00ednimo, lo que calific\u00f3 como incre\u00edble, pues su hija lo \u00fanico que recuerda es el color del autom\u00f3vil, raz\u00f3n por la cual se retir\u00f3 indignada de las dependencias de Carabineros sin realizar la denuncia.<br \/>\nFinalmente, la mujer hizo un llamado a los padres y apoderados de los estudiantes a estar atentos, pues si este degenerado fue capaz de masturbarse delante de su hija en las inmediaciones del Liceo Mixto, probablemente tambi\u00e9n puede hacerlo cerca de otros colegios.<br \/>\n<strong>Patricio Gallardo M.<\/strong><\/p>\n","protected":false},"excerpt":{"rendered":"<p>Un escolar caminaba rumbo al establecimiento cuando fue abordada por un sujeto que se movilizaba en un autom\u00f3vil. Una estudiante de 15 a\u00f1os de edad, domiciliada en la comuna de Putaendo, fue&#8230;<\/p>\n","protected":false},"author":1,"featured_media":67772,"comment_status":"open","ping_status":"open","sticky":false,"template":"","format":"standard","meta":{"advanced_seo_description":"","jetpack_seo_html_title":"","jetpack_seo_noindex":false,"_jetpack_memberships_contains_paid_content":false,"footnotes":""},"categories":[21],"tags":[],"class_list":["post-67771","post","type-post","status-publish","format-standard","has-post-thumbnail","hentry","category-policial"],"jetpack_featured_media_url":"https:\/\/i0.wp.com\/eltrabajo.cl\/portal\/wp-content\/uploads\/2016\/03\/Liceo-Mixto-San-Felipe.jpg?fit=530%2C350&ssl=1","jetpack_sharing_enabled":true,"jetpack_likes_enabled":true,"jetpack-related-posts":[],"_links":{"self":[{"href":"https:\/\/eltrabajo.cl\/portal\/wp-json\/wp\/v2\/posts\/67771","targetHints":{"allow":["GET"]}}],"collection":[{"href":"https:\/\/eltrabajo.cl\/portal\/wp-json\/wp\/v2\/posts"}],"about":[{"href":"https:\/\/eltrabajo.cl\/portal\/wp-json\/wp\/v2\/types\/post"}],"author":[{"embeddable":true,"href":"https:\/\/eltrabajo.cl\/portal\/wp-json\/wp\/v2\/users\/1"}],"replies":[{"embeddable":true,"href":"https:\/\/eltrabajo.cl\/portal\/wp-json\/wp\/v2\/comments?post=67771"}],"version-history":[{"count":0,"href":"https:\/\/eltrabajo.cl\/portal\/wp-json\/wp\/v2\/posts\/67771\/revisions"}],"wp:featuredmedia":[{"embeddable":true,"href":"https:\/\/eltrabajo.cl\/portal\/wp-json\/wp\/v2\/media\/67772"}],"wp:attachment":[{"href":"https:\/\/eltrabajo.cl\/portal\/wp-json\/wp\/v2\/media?parent=67771"}],"wp:term":[{"taxonomy":"category","embeddable":true,"href":"https:\/\/eltrabajo.cl\/portal\/wp-json\/wp\/v2\/categories?post=67771"},{"taxonomy":"post_tag","embeddable":true,"href":"https:\/\/eltrabajo.cl\/portal\/wp-json\/wp\/v2\/tags?post=67771"}],"curies":[{"name":"wp","href":"https:\/\/api.w.org\/{rel}","templated":true}]}}