{"id":67775,"date":"2016-03-15T08:31:34","date_gmt":"2016-03-15T11:31:34","guid":{"rendered":"http:\/\/www.eltrabajo.cl\/portal\/?p=67775"},"modified":"2016-03-15T08:31:34","modified_gmt":"2016-03-15T11:31:34","slug":"vecinos-sector-oriente-demandan-urgencia-de-tener-recorrido-de-micros","status":"publish","type":"post","link":"https:\/\/eltrabajo.cl\/portal\/vecinos-sector-oriente-demandan-urgencia-de-tener-recorrido-de-micros\/","title":{"rendered":"Vecinos sector Oriente demandan urgencia de tener recorrido de micros"},"content":{"rendered":"<figure id=\"attachment_67776\" aria-describedby=\"caption-attachment-67776\" style=\"width: 300px\" class=\"wp-caption alignleft\"><a href=\"http:\/\/www.eltrabajo.cl\/portal\/vecinos-sector-oriente-demandan-urgencia-de-tener-recorrido-de-micros\/foto-8-erika-alvarez-presidenta-junta-de-vecinos-el-senorial-2\/\" rel=\"attachment wp-att-67776\"><img data-recalc-dims=\"1\" loading=\"lazy\" decoding=\"async\" class=\"size-medium wp-image-67776\" src=\"https:\/\/i0.wp.com\/www.eltrabajo.cl\/portal\/wp-content\/uploads\/2016\/03\/FOTO-8-Erika-Alvarez-presidenta-Junta-de-Vecinos-El-Senorial-300x197.jpg?resize=300%2C197\" alt=\"\u00c9rika \u00c1lvarez presidenta de la junta de vecinos de villa El Se\u00f1orial.\" width=\"300\" height=\"197\" srcset=\"https:\/\/i0.wp.com\/eltrabajo.cl\/portal\/wp-content\/uploads\/2016\/03\/FOTO-8-Erika-Alvarez-presidenta-Junta-de-Vecinos-El-Senorial.jpg?resize=300%2C197&amp;ssl=1 300w, https:\/\/i0.wp.com\/eltrabajo.cl\/portal\/wp-content\/uploads\/2016\/03\/FOTO-8-Erika-Alvarez-presidenta-Junta-de-Vecinos-El-Senorial.jpg?resize=200%2C131&amp;ssl=1 200w, https:\/\/i0.wp.com\/eltrabajo.cl\/portal\/wp-content\/uploads\/2016\/03\/FOTO-8-Erika-Alvarez-presidenta-Junta-de-Vecinos-El-Senorial.jpg?resize=228%2C150&amp;ssl=1 228w, https:\/\/i0.wp.com\/eltrabajo.cl\/portal\/wp-content\/uploads\/2016\/03\/FOTO-8-Erika-Alvarez-presidenta-Junta-de-Vecinos-El-Senorial.jpg?resize=400%2C263&amp;ssl=1 400w, https:\/\/i0.wp.com\/eltrabajo.cl\/portal\/wp-content\/uploads\/2016\/03\/FOTO-8-Erika-Alvarez-presidenta-Junta-de-Vecinos-El-Senorial.jpg?w=530&amp;ssl=1 530w\" sizes=\"auto, (max-width: 300px) 100vw, 300px\" \/><\/a><figcaption id=\"caption-attachment-67776\" class=\"wp-caption-text\">\u00c9rika \u00c1lvarez presidenta de la junta de vecinos de villa El Se\u00f1orial.<\/figcaption><\/figure>\n<p><strong>S\u00f3lo cuentan con opci\u00f3n de colectivos locales e interurbanos:<\/strong><br \/>\nEl alto costo de los pasajes termin\u00f3 por agotar la paciencia de los vecinos de El Se\u00f1orial, quienes a trav\u00e9s de su presidenta \u00c9rika \u00c1lvarez est\u00e1n gestionando otra alternativa de traslado.<br \/>\nPreocupaci\u00f3n y un dejo de malestar es lo que est\u00e1n sintiendo los vecinos del sector Oriente de San Felipe, en particular los de villa El Se\u00f1orial, quienes aseguran que sus opciones de transporte se han visto reducidas y su gasto en locomoci\u00f3n ha aumentado considerablemente, al no contar con micros que los puedan trasladar desde su sector a otros puntos de la comuna.<br \/>\nAs\u00ed lo manifest\u00f3 la presidenta de la junta de vecinos de El Se\u00f1orial, \u00c9rika \u00c1lvarez, quien afirm\u00f3 que \u201chace tiempo que estamos preocupados de este tema, nos sale muy caro realmente pagar colectivo 500 pesos para venir al centro, 500 para volver, en cambio las micros cuestan 300 pesos\u201d, declar\u00f3.<br \/>\nSeg\u00fan \u00c1lvarez, durante mucho tiempo, las micros de la empresa Puma y otras de El Almendral ten\u00edan su recorrido por villa El Se\u00f1orial, hecho que no ocurre desde el a\u00f1o 2012 aproximadamente. La dirigente asegura que esta problem\u00e1tica no afecta solamente a los vecinos de su poblaci\u00f3n, sino que tambi\u00e9n a las de otras villas circundantes.<br \/>\n\u201cNo somos los \u00fanicos afectados, el joven dirigente de Puertas del Inca, tambi\u00e9n por reclamos de los vecinos manifest\u00f3 su inquietud al alcalde, a la Gobernaci\u00f3n. Don Mario Pe\u00f1a de villa Las Acacias tambi\u00e9n est\u00e1 preocupado porque tampoco pasan micros. La villa Juan Pablo II tambi\u00e9n est\u00e1 sin micros, entonces, nosotros necesitamos que vuelvan lo antes posible\u201d, expres\u00f3 \u00c1lvarez<br \/>\nRespecto de qu\u00e9 cartas est\u00e1n tomando en el asunto, la representante vecinal, detall\u00f3 que \u201cahora vengo a la Gobernaci\u00f3n porque veo que pasan los a\u00f1os y no tenemos nada, se supon\u00eda que ya se hicieron todas las gestiones y ven\u00eda un cambio radical en el tema del trazado del transporte, que van a tener otros recorridos y va a beneficiar a m\u00e1s sectores, pero no hay nada concreto\u201d, reafirm\u00f3.<br \/>\nFinalmente \u00c1lvarez agreg\u00f3 que durante el per\u00edodo escolar la problem\u00e1tica se agudiza, pues la demanda de transporte es muy superior a la cobertura que pueden ofrecer s\u00f3lo los colectivos y que esto tambi\u00e9n implica una merma econ\u00f3mica superior para las familias de El Se\u00f1orial y sus alrededores.<\/p>\n<figure id=\"attachment_67777\" aria-describedby=\"caption-attachment-67777\" style=\"width: 530px\" class=\"wp-caption alignleft\"><a href=\"http:\/\/www.eltrabajo.cl\/portal\/vecinos-sector-oriente-demandan-urgencia-de-tener-recorrido-de-micros\/porta-erika-alvarez-junto-a-otros-representantes-vecinales\/\" rel=\"attachment wp-att-67777\"><img data-recalc-dims=\"1\" loading=\"lazy\" decoding=\"async\" class=\"size-full wp-image-67777\" src=\"https:\/\/i0.wp.com\/www.eltrabajo.cl\/portal\/wp-content\/uploads\/2016\/03\/porta-ERIKA-ALVAREZ-JUNTO-A-OTROS-REPRESENTANTES-VECINALES.jpg?resize=530%2C350\" alt=\"Profundo malestar expresaron vecinos del sector Oriente de San Felipe, en particular villa El Se\u00f1orial, por no contar con recorrido de micros.\" width=\"530\" height=\"350\" srcset=\"https:\/\/i0.wp.com\/eltrabajo.cl\/portal\/wp-content\/uploads\/2016\/03\/porta-ERIKA-ALVAREZ-JUNTO-A-OTROS-REPRESENTANTES-VECINALES.jpg?w=530&amp;ssl=1 530w, https:\/\/i0.wp.com\/eltrabajo.cl\/portal\/wp-content\/uploads\/2016\/03\/porta-ERIKA-ALVAREZ-JUNTO-A-OTROS-REPRESENTANTES-VECINALES.jpg?resize=200%2C132&amp;ssl=1 200w, https:\/\/i0.wp.com\/eltrabajo.cl\/portal\/wp-content\/uploads\/2016\/03\/porta-ERIKA-ALVAREZ-JUNTO-A-OTROS-REPRESENTANTES-VECINALES.jpg?resize=300%2C198&amp;ssl=1 300w, https:\/\/i0.wp.com\/eltrabajo.cl\/portal\/wp-content\/uploads\/2016\/03\/porta-ERIKA-ALVAREZ-JUNTO-A-OTROS-REPRESENTANTES-VECINALES.jpg?resize=227%2C150&amp;ssl=1 227w, https:\/\/i0.wp.com\/eltrabajo.cl\/portal\/wp-content\/uploads\/2016\/03\/porta-ERIKA-ALVAREZ-JUNTO-A-OTROS-REPRESENTANTES-VECINALES.jpg?resize=400%2C264&amp;ssl=1 400w\" sizes=\"auto, (max-width: 530px) 100vw, 530px\" \/><\/a><figcaption id=\"caption-attachment-67777\" class=\"wp-caption-text\">Profundo malestar expresaron vecinos del sector Oriente de San Felipe, en particular villa El Se\u00f1orial, por no contar con recorrido de micros.<\/figcaption><\/figure>\n<p>&nbsp;<\/p>\n","protected":false},"excerpt":{"rendered":"<p>S\u00f3lo cuentan con opci\u00f3n de colectivos locales e interurbanos: El alto costo de los pasajes termin\u00f3 por agotar la paciencia de los vecinos de El Se\u00f1orial, quienes a trav\u00e9s de su presidenta&#8230;<\/p>\n","protected":false},"author":1,"featured_media":67777,"comment_status":"open","ping_status":"open","sticky":false,"template":"","format":"standard","meta":{"advanced_seo_description":"","jetpack_seo_html_title":"","jetpack_seo_noindex":false,"_jetpack_memberships_contains_paid_content":false,"footnotes":""},"categories":[15],"tags":[],"class_list":["post-67775","post","type-post","status-publish","format-standard","has-post-thumbnail","hentry","category-comunidad"],"jetpack_featured_media_url":"https:\/\/i0.wp.com\/eltrabajo.cl\/portal\/wp-content\/uploads\/2016\/03\/porta-ERIKA-ALVAREZ-JUNTO-A-OTROS-REPRESENTANTES-VECINALES.jpg?fit=530%2C350&ssl=1","jetpack_sharing_enabled":true,"jetpack_likes_enabled":true,"jetpack-related-posts":[],"_links":{"self":[{"href":"https:\/\/eltrabajo.cl\/portal\/wp-json\/wp\/v2\/posts\/67775","targetHints":{"allow":["GET"]}}],"collection":[{"href":"https:\/\/eltrabajo.cl\/portal\/wp-json\/wp\/v2\/posts"}],"about":[{"href":"https:\/\/eltrabajo.cl\/portal\/wp-json\/wp\/v2\/types\/post"}],"author":[{"embeddable":true,"href":"https:\/\/eltrabajo.cl\/portal\/wp-json\/wp\/v2\/users\/1"}],"replies":[{"embeddable":true,"href":"https:\/\/eltrabajo.cl\/portal\/wp-json\/wp\/v2\/comments?post=67775"}],"version-history":[{"count":0,"href":"https:\/\/eltrabajo.cl\/portal\/wp-json\/wp\/v2\/posts\/67775\/revisions"}],"wp:featuredmedia":[{"embeddable":true,"href":"https:\/\/eltrabajo.cl\/portal\/wp-json\/wp\/v2\/media\/67777"}],"wp:attachment":[{"href":"https:\/\/eltrabajo.cl\/portal\/wp-json\/wp\/v2\/media?parent=67775"}],"wp:term":[{"taxonomy":"category","embeddable":true,"href":"https:\/\/eltrabajo.cl\/portal\/wp-json\/wp\/v2\/categories?post=67775"},{"taxonomy":"post_tag","embeddable":true,"href":"https:\/\/eltrabajo.cl\/portal\/wp-json\/wp\/v2\/tags?post=67775"}],"curies":[{"name":"wp","href":"https:\/\/api.w.org\/{rel}","templated":true}]}}