{"id":67780,"date":"2016-03-15T08:37:56","date_gmt":"2016-03-15T11:37:56","guid":{"rendered":"http:\/\/www.eltrabajo.cl\/portal\/?p=67780"},"modified":"2016-03-15T08:37:56","modified_gmt":"2016-03-15T11:37:56","slug":"en-arco-de-escala-bautizan-a-19-nuevos-bomberos-para-san-felipe","status":"publish","type":"post","link":"https:\/\/eltrabajo.cl\/portal\/en-arco-de-escala-bautizan-a-19-nuevos-bomberos-para-san-felipe\/","title":{"rendered":"En arco de escala bautizan a 19 nuevos bomberos para San Felipe"},"content":{"rendered":"<p>Contando con una dotaci\u00f3n total de los 389 bomberos, de los que unos 283 est\u00e1n activos, al filo del mediod\u00eda de este domingo se realiz\u00f3 en calle Merced, frente al Cuartel Central de Bomberos en San Felipe, la Ceremonia de Bautismo a 19 nuevos bomberos de nuestra comuna.<\/p>\n<p><strong>PUENTE ESCALA<\/strong><br \/>\nUn nutrido contingente bomberil que de ahora en adelante pondr\u00e1 alma vida y coraz\u00f3n en cada una de sus acciones de rescate y control de incendios. Se trata del tradicional puente de escala al que suben, uno por uno, los postulantes, recibiendo en ese instante un potente chorro de agua de cada una de las siete compa\u00f1\u00edas que componen nuestro Cuerpo de Bomberos de San Felipe.<br \/>\nDiario El Trabajo habl\u00f3 con varios de los nuevos bomberos, quienes debieron soportar los fuertes embates de agua, adem\u00e1s de recibir el aplauso del p\u00fablico y los honores de las autoridades bomberiles.<br \/>\nGabriela Oyarz\u00fan, nueva bombera, coment\u00f3 a nuestro medio que \u00abtengo 21 a\u00f1os, me incorpor\u00e9 a la 1\u00aa Compa\u00f1\u00eda de Bomberos de San Felipe, laboraba en un packing en Curim\u00f3n y estoy muy contenta de poder unirme a esta gran familia, espero poder contribuir positivamente a la sociedad como bombera\u00bb.<br \/>\nPor su parte el joven Bruno Barra, emocionado expres\u00f3 que \u00absoy sanfelipe\u00f1o, tengo 18 a\u00f1os, soy soltero y estoy muy motivado con este \u2018bautizo\u2019 bomberil, es una experiencia muy estimulante y espero ser de mucha utilidad para los vecinos de todo mi Valle de Aconcagua\u00bb.<\/p>\n<p><strong>YA SON BOMBEROS<\/strong><br \/>\nJulio Hardoy, Superintendente de Bomberos de San Felipe, inform\u00f3 que \u00abesta es una tradicional ceremonia que tiene ya 133 a\u00f1os, la que va dirigida a recibir y comprometer a los nuevos bomberos, es un puente escala que simboliza el entrar al servicio p\u00fablico, en donde se les ba\u00f1a o bautiza con los siete chorros de agua de cada una de las compa\u00f1\u00edas bomberiles de nuestra provincia\u00bb, dijo la autoridad.<br \/>\n\u00abEstos j\u00f3venes tienen poco m\u00e1s o menos de un a\u00f1o de entrenamiento, pronto se ir\u00e1n especializando en distintas capacidades operativas, como incendios estructurales y rescate. Estos nuevos bomberos, como el resto del Cuerpo, est\u00e1n ahora incorporados plenamente en los conceptos b\u00e1sicos de nuestra instituci\u00f3n, que son el respeto a la vida humana y a los m\u00e1s altos valores morales en todo nuestro proceder\u00bb, expres\u00f3 Hardoy a Diario El Trabajo.<br \/>\n<strong>Roberto Gonz\u00e1lez Short<\/strong><br \/>\n<strong>rgonzalez@eltrabajo.cl<\/strong><\/p>\n<div class=\"tiled-gallery type-rectangular tiled-gallery-unresized\" data-original-width=\"640\" data-carousel-extra='null' itemscope itemtype=\"http:\/\/schema.org\/ImageGallery\" > <div class=\"gallery-row\" style=\"width: 640px; height: 283px;\" data-original-width=\"640\" data-original-height=\"283\" > <div class=\"gallery-group images-1\" style=\"width: 427px; height: 283px;\" data-original-width=\"427\" data-original-height=\"283\" > <div class=\"tiled-gallery-item tiled-gallery-item-large\" itemprop=\"associatedMedia\" itemscope itemtype=\"http:\/\/schema.org\/ImageObject\"> <a href=\"https:\/\/eltrabajo.cl\/portal\/en-arco-de-escala-bautizan-a-19-nuevos-bomberos-para-san-felipe\/bautizo33\/\" border=\"0\" itemprop=\"url\"> <meta itemprop=\"width\" content=\"423\"> <meta itemprop=\"height\" content=\"279\"> <img decoding=\"async\" class=\"\" data-attachment-id=\"67781\" data-orig-file=\"https:\/\/eltrabajo.cl\/portal\/wp-content\/uploads\/2016\/03\/Bautizo33.jpg\" data-orig-size=\"530,350\" data-comments-opened=\"1\" data-image-meta=\"{&quot;aperture&quot;:&quot;0&quot;,&quot;credit&quot;:&quot;&quot;,&quot;camera&quot;:&quot;&quot;,&quot;caption&quot;:&quot;&quot;,&quot;created_timestamp&quot;:&quot;0&quot;,&quot;copyright&quot;:&quot;&quot;,&quot;focal_length&quot;:&quot;0&quot;,&quot;iso&quot;:&quot;0&quot;,&quot;shutter_speed&quot;:&quot;0&quot;,&quot;title&quot;:&quot;&quot;,&quot;orientation&quot;:&quot;0&quot;}\" data-image-title=\"BIEN MOJADOS.- As\u00ed bautizaron al nutrido contingente bomberil que de ahora en adelante pondr\u00e1n alma vida y coraz\u00f3n en cada una de sus acciones de rescate y control de incendios.\" data-image-description=\"&lt;p&gt;BIEN MOJADOS.- As\u00ed bautizaron al nutrido contingente bomberil que de ahora en adelante pondr\u00e1n alma vida y coraz\u00f3n en cada una de sus acciones de rescate y control de incendios.&lt;\/p&gt; \" data-medium-file=\"https:\/\/i0.wp.com\/eltrabajo.cl\/portal\/wp-content\/uploads\/2016\/03\/Bautizo33.jpg?fit=300%2C198&#038;ssl=1\" data-large-file=\"https:\/\/i0.wp.com\/eltrabajo.cl\/portal\/wp-content\/uploads\/2016\/03\/Bautizo33.jpg?fit=530%2C350&#038;ssl=1\" src=\"https:\/\/i0.wp.com\/eltrabajo.cl\/portal\/wp-content\/uploads\/2016\/03\/Bautizo33.jpg?w=423&#038;h=279&#038;ssl=1\" srcset=\"https:\/\/i0.wp.com\/eltrabajo.cl\/portal\/wp-content\/uploads\/2016\/03\/Bautizo33.jpg?w=530&amp;ssl=1 530w, https:\/\/i0.wp.com\/eltrabajo.cl\/portal\/wp-content\/uploads\/2016\/03\/Bautizo33.jpg?resize=200%2C132&amp;ssl=1 200w, https:\/\/i0.wp.com\/eltrabajo.cl\/portal\/wp-content\/uploads\/2016\/03\/Bautizo33.jpg?resize=300%2C198&amp;ssl=1 300w, https:\/\/i0.wp.com\/eltrabajo.cl\/portal\/wp-content\/uploads\/2016\/03\/Bautizo33.jpg?resize=227%2C150&amp;ssl=1 227w, https:\/\/i0.wp.com\/eltrabajo.cl\/portal\/wp-content\/uploads\/2016\/03\/Bautizo33.jpg?resize=400%2C264&amp;ssl=1 400w\" width=\"423\" height=\"279\" loading=\"lazy\" data-original-width=\"423\" data-original-height=\"279\" itemprop=\"http:\/\/schema.org\/image\" title=\"BIEN MOJADOS.- As\u00ed bautizaron al nutrido contingente bomberil que de ahora en adelante pondr\u00e1n alma vida y coraz\u00f3n en cada una de sus acciones de rescate y control de incendios.\" alt=\"BIEN MOJADOS.- As\u00ed bautizaron al nutrido contingente bomberil que de ahora en adelante pondr\u00e1n alma vida y coraz\u00f3n en cada una de sus acciones de rescate y control de incendios.\" style=\"width: 423px; height: 279px;\" \/> <\/a> <div class=\"tiled-gallery-caption\" itemprop=\"caption description\"> BIEN MOJADOS.- As\u00ed bautizaron al nutrido contingente bomberil que de ahora en adelante pondr\u00e1n alma vida y coraz\u00f3n en cada una de sus acciones de rescate y control de incendios. <\/div> <\/div> <\/div> <!-- close group --> <div class=\"gallery-group images-2\" style=\"width: 213px; height: 283px;\" data-original-width=\"213\" data-original-height=\"283\" > <div class=\"tiled-gallery-item tiled-gallery-item-small\" itemprop=\"associatedMedia\" itemscope itemtype=\"http:\/\/schema.org\/ImageObject\"> <a href=\"https:\/\/eltrabajo.cl\/portal\/en-arco-de-escala-bautizan-a-19-nuevos-bomberos-para-san-felipe\/bomberos1-11\/\" border=\"0\" itemprop=\"url\"> <meta itemprop=\"width\" content=\"209\"> <meta itemprop=\"height\" content=\"138\"> <img decoding=\"async\" class=\"\" data-attachment-id=\"67782\" data-orig-file=\"https:\/\/eltrabajo.cl\/portal\/wp-content\/uploads\/2016\/03\/Bomberos1.jpg\" data-orig-size=\"530,350\" data-comments-opened=\"1\" data-image-meta=\"{&quot;aperture&quot;:&quot;0&quot;,&quot;credit&quot;:&quot;&quot;,&quot;camera&quot;:&quot;&quot;,&quot;caption&quot;:&quot;&quot;,&quot;created_timestamp&quot;:&quot;0&quot;,&quot;copyright&quot;:&quot;&quot;,&quot;focal_length&quot;:&quot;0&quot;,&quot;iso&quot;:&quot;0&quot;,&quot;shutter_speed&quot;:&quot;0&quot;,&quot;title&quot;:&quot;&quot;,&quot;orientation&quot;:&quot;0&quot;}\" data-image-title=\"LOS RELEVOS.- Ellos son los 19 nuevos bomberos ya disponibles para todas las siete compa\u00f1\u00edas que atienden emergencias en San Felipe.\" data-image-description=\"&lt;p&gt;LOS RELEVOS.- Ellos son los 19 nuevos bomberos ya disponibles para todas las siete compa\u00f1\u00edas que atienden emergencias en San Felipe.&lt;\/p&gt; \" data-medium-file=\"https:\/\/i0.wp.com\/eltrabajo.cl\/portal\/wp-content\/uploads\/2016\/03\/Bomberos1.jpg?fit=300%2C198&#038;ssl=1\" data-large-file=\"https:\/\/i0.wp.com\/eltrabajo.cl\/portal\/wp-content\/uploads\/2016\/03\/Bomberos1.jpg?fit=530%2C350&#038;ssl=1\" src=\"https:\/\/i0.wp.com\/eltrabajo.cl\/portal\/wp-content\/uploads\/2016\/03\/Bomberos1.jpg?w=209&#038;h=138&#038;ssl=1\" srcset=\"https:\/\/i0.wp.com\/eltrabajo.cl\/portal\/wp-content\/uploads\/2016\/03\/Bomberos1.jpg?w=530&amp;ssl=1 530w, https:\/\/i0.wp.com\/eltrabajo.cl\/portal\/wp-content\/uploads\/2016\/03\/Bomberos1.jpg?resize=200%2C132&amp;ssl=1 200w, https:\/\/i0.wp.com\/eltrabajo.cl\/portal\/wp-content\/uploads\/2016\/03\/Bomberos1.jpg?resize=300%2C198&amp;ssl=1 300w, https:\/\/i0.wp.com\/eltrabajo.cl\/portal\/wp-content\/uploads\/2016\/03\/Bomberos1.jpg?resize=227%2C150&amp;ssl=1 227w, https:\/\/i0.wp.com\/eltrabajo.cl\/portal\/wp-content\/uploads\/2016\/03\/Bomberos1.jpg?resize=400%2C264&amp;ssl=1 400w\" width=\"209\" height=\"138\" loading=\"lazy\" data-original-width=\"209\" data-original-height=\"138\" itemprop=\"http:\/\/schema.org\/image\" title=\"LOS RELEVOS.- Ellos son los 19 nuevos bomberos ya disponibles para todas las siete compa\u00f1\u00edas que atienden emergencias en San Felipe.\" alt=\"LOS RELEVOS.- Ellos son los 19 nuevos bomberos ya disponibles para todas las siete compa\u00f1\u00edas que atienden emergencias en San Felipe.\" style=\"width: 209px; height: 138px;\" \/> <\/a> <div class=\"tiled-gallery-caption\" itemprop=\"caption description\"> LOS RELEVOS.- Ellos son los 19 nuevos bomberos ya disponibles para todas las siete compa\u00f1\u00edas que atienden emergencias en San Felipe. <\/div> <\/div> <div class=\"tiled-gallery-item tiled-gallery-item-small\" itemprop=\"associatedMedia\" itemscope itemtype=\"http:\/\/schema.org\/ImageObject\"> <a href=\"https:\/\/eltrabajo.cl\/portal\/en-arco-de-escala-bautizan-a-19-nuevos-bomberos-para-san-felipe\/bruno-barra\/\" border=\"0\" itemprop=\"url\"> <meta itemprop=\"width\" content=\"209\"> <meta itemprop=\"height\" content=\"137\"> <img decoding=\"async\" class=\"\" data-attachment-id=\"67783\" data-orig-file=\"https:\/\/eltrabajo.cl\/portal\/wp-content\/uploads\/2016\/03\/Bruno-Barra.jpg\" data-orig-size=\"530,348\" data-comments-opened=\"1\" data-image-meta=\"{&quot;aperture&quot;:&quot;0&quot;,&quot;credit&quot;:&quot;&quot;,&quot;camera&quot;:&quot;&quot;,&quot;caption&quot;:&quot;&quot;,&quot;created_timestamp&quot;:&quot;0&quot;,&quot;copyright&quot;:&quot;&quot;,&quot;focal_length&quot;:&quot;0&quot;,&quot;iso&quot;:&quot;0&quot;,&quot;shutter_speed&quot;:&quot;0&quot;,&quot;title&quot;:&quot;&quot;,&quot;orientation&quot;:&quot;0&quot;}\" data-image-title=\"Bruno Barra, nuevo bombero sanfelipe\u00f1o de 18 a\u00f1os.\" data-image-description=\"&lt;p&gt;Bruno Barra, nuevo bombero sanfelipe\u00f1o de 18 a\u00f1os.&lt;\/p&gt; \" data-medium-file=\"https:\/\/i0.wp.com\/eltrabajo.cl\/portal\/wp-content\/uploads\/2016\/03\/Bruno-Barra.jpg?fit=300%2C197&#038;ssl=1\" data-large-file=\"https:\/\/i0.wp.com\/eltrabajo.cl\/portal\/wp-content\/uploads\/2016\/03\/Bruno-Barra.jpg?fit=530%2C348&#038;ssl=1\" src=\"https:\/\/i0.wp.com\/eltrabajo.cl\/portal\/wp-content\/uploads\/2016\/03\/Bruno-Barra.jpg?w=209&#038;h=137&#038;ssl=1\" srcset=\"https:\/\/i0.wp.com\/eltrabajo.cl\/portal\/wp-content\/uploads\/2016\/03\/Bruno-Barra.jpg?w=530&amp;ssl=1 530w, https:\/\/i0.wp.com\/eltrabajo.cl\/portal\/wp-content\/uploads\/2016\/03\/Bruno-Barra.jpg?resize=200%2C131&amp;ssl=1 200w, https:\/\/i0.wp.com\/eltrabajo.cl\/portal\/wp-content\/uploads\/2016\/03\/Bruno-Barra.jpg?resize=300%2C197&amp;ssl=1 300w, https:\/\/i0.wp.com\/eltrabajo.cl\/portal\/wp-content\/uploads\/2016\/03\/Bruno-Barra.jpg?resize=228%2C150&amp;ssl=1 228w, https:\/\/i0.wp.com\/eltrabajo.cl\/portal\/wp-content\/uploads\/2016\/03\/Bruno-Barra.jpg?resize=400%2C263&amp;ssl=1 400w\" width=\"209\" height=\"137\" loading=\"lazy\" data-original-width=\"209\" data-original-height=\"137\" itemprop=\"http:\/\/schema.org\/image\" title=\"Bruno Barra, nuevo bombero sanfelipe\u00f1o de 18 a\u00f1os.\" alt=\"Bruno Barra, nuevo bombero sanfelipe\u00f1o de 18 a\u00f1os.\" style=\"width: 209px; height: 137px;\" \/> <\/a> <div class=\"tiled-gallery-caption\" itemprop=\"caption description\"> Bruno Barra, nuevo bombero sanfelipe\u00f1o de 18 a\u00f1os. <\/div> <\/div> <\/div> <!-- close group --> <\/div> <!-- close row --> <div class=\"gallery-row\" style=\"width: 640px; height: 142px;\" data-original-width=\"640\" data-original-height=\"142\" > <div class=\"gallery-group images-1\" style=\"width: 214px; height: 142px;\" data-original-width=\"214\" data-original-height=\"142\" > <div class=\"tiled-gallery-item tiled-gallery-item-small\" itemprop=\"associatedMedia\" itemscope itemtype=\"http:\/\/schema.org\/ImageObject\"> <a href=\"https:\/\/eltrabajo.cl\/portal\/en-arco-de-escala-bautizan-a-19-nuevos-bomberos-para-san-felipe\/gabriela-oyarzun\/\" border=\"0\" itemprop=\"url\"> <meta itemprop=\"width\" content=\"210\"> <meta itemprop=\"height\" content=\"138\"> <img decoding=\"async\" class=\"\" data-attachment-id=\"67784\" data-orig-file=\"https:\/\/eltrabajo.cl\/portal\/wp-content\/uploads\/2016\/03\/Gabriela-Oyarzun.jpg\" data-orig-size=\"530,349\" data-comments-opened=\"1\" data-image-meta=\"{&quot;aperture&quot;:&quot;0&quot;,&quot;credit&quot;:&quot;&quot;,&quot;camera&quot;:&quot;&quot;,&quot;caption&quot;:&quot;&quot;,&quot;created_timestamp&quot;:&quot;0&quot;,&quot;copyright&quot;:&quot;&quot;,&quot;focal_length&quot;:&quot;0&quot;,&quot;iso&quot;:&quot;0&quot;,&quot;shutter_speed&quot;:&quot;0&quot;,&quot;title&quot;:&quot;&quot;,&quot;orientation&quot;:&quot;0&quot;}\" data-image-title=\"Gabriela Oyarz\u00fan, de 21 a\u00f1os, es una de nuestras nuevas bomberas.\" data-image-description=\"&lt;p&gt;Gabriela Oyarz\u00fan, de 21 a\u00f1os, es una de nuestras nuevas bomberas.&lt;\/p&gt; \" data-medium-file=\"https:\/\/i0.wp.com\/eltrabajo.cl\/portal\/wp-content\/uploads\/2016\/03\/Gabriela-Oyarzun.jpg?fit=300%2C198&#038;ssl=1\" data-large-file=\"https:\/\/i0.wp.com\/eltrabajo.cl\/portal\/wp-content\/uploads\/2016\/03\/Gabriela-Oyarzun.jpg?fit=530%2C349&#038;ssl=1\" src=\"https:\/\/i0.wp.com\/eltrabajo.cl\/portal\/wp-content\/uploads\/2016\/03\/Gabriela-Oyarzun.jpg?w=210&#038;h=138&#038;ssl=1\" srcset=\"https:\/\/i0.wp.com\/eltrabajo.cl\/portal\/wp-content\/uploads\/2016\/03\/Gabriela-Oyarzun.jpg?w=530&amp;ssl=1 530w, https:\/\/i0.wp.com\/eltrabajo.cl\/portal\/wp-content\/uploads\/2016\/03\/Gabriela-Oyarzun.jpg?resize=200%2C132&amp;ssl=1 200w, https:\/\/i0.wp.com\/eltrabajo.cl\/portal\/wp-content\/uploads\/2016\/03\/Gabriela-Oyarzun.jpg?resize=300%2C198&amp;ssl=1 300w, https:\/\/i0.wp.com\/eltrabajo.cl\/portal\/wp-content\/uploads\/2016\/03\/Gabriela-Oyarzun.jpg?resize=228%2C150&amp;ssl=1 228w, https:\/\/i0.wp.com\/eltrabajo.cl\/portal\/wp-content\/uploads\/2016\/03\/Gabriela-Oyarzun.jpg?resize=400%2C263&amp;ssl=1 400w\" width=\"210\" height=\"138\" loading=\"lazy\" data-original-width=\"210\" data-original-height=\"138\" itemprop=\"http:\/\/schema.org\/image\" title=\"Gabriela Oyarz\u00fan, de 21 a\u00f1os, es una de nuestras nuevas bomberas.\" alt=\"Gabriela Oyarz\u00fan, de 21 a\u00f1os, es una de nuestras nuevas bomberas.\" style=\"width: 210px; height: 138px;\" \/> <\/a> <div class=\"tiled-gallery-caption\" itemprop=\"caption description\"> Gabriela Oyarz\u00fan, de 21 a\u00f1os, es una de nuestras nuevas bomberas. <\/div> <\/div> <\/div> <!-- close group --> <div class=\"gallery-group images-1\" style=\"width: 213px; height: 142px;\" data-original-width=\"213\" data-original-height=\"142\" > <div class=\"tiled-gallery-item tiled-gallery-item-small\" itemprop=\"associatedMedia\" itemscope itemtype=\"http:\/\/schema.org\/ImageObject\"> <a href=\"https:\/\/eltrabajo.cl\/portal\/en-arco-de-escala-bautizan-a-19-nuevos-bomberos-para-san-felipe\/juramentados1\/\" border=\"0\" itemprop=\"url\"> <meta itemprop=\"width\" content=\"209\"> <meta itemprop=\"height\" content=\"138\"> <img decoding=\"async\" class=\"\" data-attachment-id=\"67785\" data-orig-file=\"https:\/\/eltrabajo.cl\/portal\/wp-content\/uploads\/2016\/03\/Juramentados1.jpg\" data-orig-size=\"530,350\" data-comments-opened=\"1\" data-image-meta=\"{&quot;aperture&quot;:&quot;0&quot;,&quot;credit&quot;:&quot;&quot;,&quot;camera&quot;:&quot;&quot;,&quot;caption&quot;:&quot;&quot;,&quot;created_timestamp&quot;:&quot;0&quot;,&quot;copyright&quot;:&quot;&quot;,&quot;focal_length&quot;:&quot;0&quot;,&quot;iso&quot;:&quot;0&quot;,&quot;shutter_speed&quot;:&quot;0&quot;,&quot;title&quot;:&quot;&quot;,&quot;orientation&quot;:&quot;0&quot;}\" data-image-title=\"JURAMENTADOS.- Cada uno de los 19 j\u00f3venes fue juramentado de acuerdo a los estatutos de Bomberos de Chile.\" data-image-description=\"&lt;p&gt;JURAMENTADOS.- Cada uno de los 19 j\u00f3venes fue juramentado de acuerdo a los estatutos de Bomberos de Chile.&lt;\/p&gt; \" data-medium-file=\"https:\/\/i0.wp.com\/eltrabajo.cl\/portal\/wp-content\/uploads\/2016\/03\/Juramentados1.jpg?fit=300%2C198&#038;ssl=1\" data-large-file=\"https:\/\/i0.wp.com\/eltrabajo.cl\/portal\/wp-content\/uploads\/2016\/03\/Juramentados1.jpg?fit=530%2C350&#038;ssl=1\" src=\"https:\/\/i0.wp.com\/eltrabajo.cl\/portal\/wp-content\/uploads\/2016\/03\/Juramentados1.jpg?w=209&#038;h=138&#038;ssl=1\" srcset=\"https:\/\/i0.wp.com\/eltrabajo.cl\/portal\/wp-content\/uploads\/2016\/03\/Juramentados1.jpg?w=530&amp;ssl=1 530w, https:\/\/i0.wp.com\/eltrabajo.cl\/portal\/wp-content\/uploads\/2016\/03\/Juramentados1.jpg?resize=200%2C132&amp;ssl=1 200w, https:\/\/i0.wp.com\/eltrabajo.cl\/portal\/wp-content\/uploads\/2016\/03\/Juramentados1.jpg?resize=300%2C198&amp;ssl=1 300w, https:\/\/i0.wp.com\/eltrabajo.cl\/portal\/wp-content\/uploads\/2016\/03\/Juramentados1.jpg?resize=227%2C150&amp;ssl=1 227w, https:\/\/i0.wp.com\/eltrabajo.cl\/portal\/wp-content\/uploads\/2016\/03\/Juramentados1.jpg?resize=400%2C264&amp;ssl=1 400w\" width=\"209\" height=\"138\" loading=\"lazy\" data-original-width=\"209\" data-original-height=\"138\" itemprop=\"http:\/\/schema.org\/image\" title=\"JURAMENTADOS.- Cada uno de los 19 j\u00f3venes fue juramentado de acuerdo a los estatutos de Bomberos de Chile.\" alt=\"JURAMENTADOS.- Cada uno de los 19 j\u00f3venes fue juramentado de acuerdo a los estatutos de Bomberos de Chile.\" style=\"width: 209px; height: 138px;\" \/> <\/a> <div class=\"tiled-gallery-caption\" itemprop=\"caption description\"> JURAMENTADOS.- Cada uno de los 19 j\u00f3venes fue juramentado de acuerdo a los estatutos de Bomberos de Chile. <\/div> <\/div> <\/div> <!-- close group --> <div class=\"gallery-group images-1\" style=\"width: 213px; height: 142px;\" data-original-width=\"213\" data-original-height=\"142\" > <div class=\"tiled-gallery-item tiled-gallery-item-small\" itemprop=\"associatedMedia\" itemscope itemtype=\"http:\/\/schema.org\/ImageObject\"> <a href=\"https:\/\/eltrabajo.cl\/portal\/en-arco-de-escala-bautizan-a-19-nuevos-bomberos-para-san-felipe\/peces1\/\" border=\"0\" itemprop=\"url\"> <meta itemprop=\"width\" content=\"209\"> <meta itemprop=\"height\" content=\"138\"> <img decoding=\"async\" class=\"\" data-attachment-id=\"67786\" data-orig-file=\"https:\/\/eltrabajo.cl\/portal\/wp-content\/uploads\/2016\/03\/Peces1.jpg\" data-orig-size=\"530,349\" data-comments-opened=\"1\" data-image-meta=\"{&quot;aperture&quot;:&quot;0&quot;,&quot;credit&quot;:&quot;&quot;,&quot;camera&quot;:&quot;&quot;,&quot;caption&quot;:&quot;&quot;,&quot;created_timestamp&quot;:&quot;0&quot;,&quot;copyright&quot;:&quot;&quot;,&quot;focal_length&quot;:&quot;0&quot;,&quot;iso&quot;:&quot;0&quot;,&quot;shutter_speed&quot;:&quot;0&quot;,&quot;title&quot;:&quot;&quot;,&quot;orientation&quot;:&quot;0&quot;}\" data-image-title=\"SIEMPRE NI\u00d1OS.- Los m\u00e1s peque\u00f1itos tambi\u00e9n \u2018se bautizaron\u2019 solitos, nadando y dando rienda suelta a su alegr\u00eda en plena calle.\" data-image-description=\"&lt;p&gt;SIEMPRE NI\u00d1OS.- Los m\u00e1s peque\u00f1itos tambi\u00e9n \u2018se bautizaron\u2019 solitos, nadando y dando rienda suelta a su alegr\u00eda en plena calle.&lt;\/p&gt; \" data-medium-file=\"https:\/\/i0.wp.com\/eltrabajo.cl\/portal\/wp-content\/uploads\/2016\/03\/Peces1.jpg?fit=300%2C198&#038;ssl=1\" data-large-file=\"https:\/\/i0.wp.com\/eltrabajo.cl\/portal\/wp-content\/uploads\/2016\/03\/Peces1.jpg?fit=530%2C349&#038;ssl=1\" src=\"https:\/\/i0.wp.com\/eltrabajo.cl\/portal\/wp-content\/uploads\/2016\/03\/Peces1.jpg?w=209&#038;h=138&#038;ssl=1\" srcset=\"https:\/\/i0.wp.com\/eltrabajo.cl\/portal\/wp-content\/uploads\/2016\/03\/Peces1.jpg?w=530&amp;ssl=1 530w, https:\/\/i0.wp.com\/eltrabajo.cl\/portal\/wp-content\/uploads\/2016\/03\/Peces1.jpg?resize=200%2C132&amp;ssl=1 200w, https:\/\/i0.wp.com\/eltrabajo.cl\/portal\/wp-content\/uploads\/2016\/03\/Peces1.jpg?resize=300%2C198&amp;ssl=1 300w, https:\/\/i0.wp.com\/eltrabajo.cl\/portal\/wp-content\/uploads\/2016\/03\/Peces1.jpg?resize=228%2C150&amp;ssl=1 228w, https:\/\/i0.wp.com\/eltrabajo.cl\/portal\/wp-content\/uploads\/2016\/03\/Peces1.jpg?resize=400%2C263&amp;ssl=1 400w\" width=\"209\" height=\"138\" loading=\"lazy\" data-original-width=\"209\" data-original-height=\"138\" itemprop=\"http:\/\/schema.org\/image\" title=\"SIEMPRE NI\u00d1OS.- Los m\u00e1s peque\u00f1itos tambi\u00e9n \u2018se bautizaron\u2019 solitos, nadando y dando rienda suelta a su alegr\u00eda en plena calle.\" alt=\"SIEMPRE NI\u00d1OS.- Los m\u00e1s peque\u00f1itos tambi\u00e9n \u2018se bautizaron\u2019 solitos, nadando y dando rienda suelta a su alegr\u00eda en plena calle.\" style=\"width: 209px; height: 138px;\" \/> <\/a> <div class=\"tiled-gallery-caption\" itemprop=\"caption description\"> SIEMPRE NI\u00d1OS.- Los m\u00e1s peque\u00f1itos tambi\u00e9n \u2018se bautizaron\u2019 solitos, nadando y dando rienda suelta a su alegr\u00eda en plena calle. <\/div> <\/div> <\/div> <!-- close group --> <\/div> <!-- close row --> <\/div>\n","protected":false},"excerpt":{"rendered":"<p>Contando con una dotaci\u00f3n total de los 389 bomberos, de los que unos 283 est\u00e1n activos, al filo del mediod\u00eda de este domingo se realiz\u00f3 en calle Merced, frente al Cuartel Central&#8230;<\/p>\n","protected":false},"author":1,"featured_media":67781,"comment_status":"open","ping_status":"open","sticky":false,"template":"","format":"standard","meta":{"advanced_seo_description":"","jetpack_seo_html_title":"","jetpack_seo_noindex":false,"_jetpack_memberships_contains_paid_content":false,"footnotes":""},"categories":[15],"tags":[],"class_list":["post-67780","post","type-post","status-publish","format-standard","has-post-thumbnail","hentry","category-comunidad"],"jetpack_featured_media_url":"https:\/\/i0.wp.com\/eltrabajo.cl\/portal\/wp-content\/uploads\/2016\/03\/Bautizo33.jpg?fit=530%2C350&ssl=1","jetpack_sharing_enabled":true,"jetpack_likes_enabled":true,"jetpack-related-posts":[],"_links":{"self":[{"href":"https:\/\/eltrabajo.cl\/portal\/wp-json\/wp\/v2\/posts\/67780","targetHints":{"allow":["GET"]}}],"collection":[{"href":"https:\/\/eltrabajo.cl\/portal\/wp-json\/wp\/v2\/posts"}],"about":[{"href":"https:\/\/eltrabajo.cl\/portal\/wp-json\/wp\/v2\/types\/post"}],"author":[{"embeddable":true,"href":"https:\/\/eltrabajo.cl\/portal\/wp-json\/wp\/v2\/users\/1"}],"replies":[{"embeddable":true,"href":"https:\/\/eltrabajo.cl\/portal\/wp-json\/wp\/v2\/comments?post=67780"}],"version-history":[{"count":0,"href":"https:\/\/eltrabajo.cl\/portal\/wp-json\/wp\/v2\/posts\/67780\/revisions"}],"wp:featuredmedia":[{"embeddable":true,"href":"https:\/\/eltrabajo.cl\/portal\/wp-json\/wp\/v2\/media\/67781"}],"wp:attachment":[{"href":"https:\/\/eltrabajo.cl\/portal\/wp-json\/wp\/v2\/media?parent=67780"}],"wp:term":[{"taxonomy":"category","embeddable":true,"href":"https:\/\/eltrabajo.cl\/portal\/wp-json\/wp\/v2\/categories?post=67780"},{"taxonomy":"post_tag","embeddable":true,"href":"https:\/\/eltrabajo.cl\/portal\/wp-json\/wp\/v2\/tags?post=67780"}],"curies":[{"name":"wp","href":"https:\/\/api.w.org\/{rel}","templated":true}]}}