{"id":67806,"date":"2016-03-16T08:58:29","date_gmt":"2016-03-16T11:58:29","guid":{"rendered":"http:\/\/www.eltrabajo.cl\/portal\/?p=67806"},"modified":"2016-03-16T08:58:29","modified_gmt":"2016-03-16T11:58:29","slug":"certifican-a-22-vecinos-en-cursos-de-operador-de-frutales-mayores-y-cultivos-de-hortalizas","status":"publish","type":"post","link":"https:\/\/eltrabajo.cl\/portal\/certifican-a-22-vecinos-en-cursos-de-operador-de-frutales-mayores-y-cultivos-de-hortalizas\/","title":{"rendered":"Certifican a 22 vecinos en cursos de operador de frutales mayores y cultivos de hortalizas"},"content":{"rendered":"<figure id=\"attachment_67807\" aria-describedby=\"caption-attachment-67807\" style=\"width: 530px\" class=\"wp-caption alignleft\"><a href=\"http:\/\/www.eltrabajo.cl\/portal\/certifican-a-22-vecinos-en-cursos-de-operador-de-frutales-mayores-y-cultivos-de-hortalizas\/invernaderos\/\" rel=\"attachment wp-att-67807\"><img data-recalc-dims=\"1\" loading=\"lazy\" decoding=\"async\" class=\"size-full wp-image-67807\" src=\"https:\/\/i0.wp.com\/www.eltrabajo.cl\/portal\/wp-content\/uploads\/2016\/03\/invernaderos.jpg?resize=530%2C349\" alt=\"Recibieron certificaci\u00f3n las personas que participaron de la capacitaci\u00f3n \u2018Operador de Cultivos de Hortalizas bajo Invernadero\u2019.\" width=\"530\" height=\"349\" srcset=\"https:\/\/i0.wp.com\/eltrabajo.cl\/portal\/wp-content\/uploads\/2016\/03\/invernaderos.jpg?w=530&amp;ssl=1 530w, https:\/\/i0.wp.com\/eltrabajo.cl\/portal\/wp-content\/uploads\/2016\/03\/invernaderos.jpg?resize=200%2C132&amp;ssl=1 200w, https:\/\/i0.wp.com\/eltrabajo.cl\/portal\/wp-content\/uploads\/2016\/03\/invernaderos.jpg?resize=300%2C198&amp;ssl=1 300w, https:\/\/i0.wp.com\/eltrabajo.cl\/portal\/wp-content\/uploads\/2016\/03\/invernaderos.jpg?resize=228%2C150&amp;ssl=1 228w, https:\/\/i0.wp.com\/eltrabajo.cl\/portal\/wp-content\/uploads\/2016\/03\/invernaderos.jpg?resize=400%2C263&amp;ssl=1 400w\" sizes=\"auto, (max-width: 530px) 100vw, 530px\" \/><\/a><figcaption id=\"caption-attachment-67807\" class=\"wp-caption-text\">Recibieron certificaci\u00f3n las personas que participaron de la capacitaci\u00f3n \u2018Operador de Cultivos de Hortalizas bajo Invernadero\u2019.<\/figcaption><\/figure>\n<p><strong>En Calle Larga y Los Andes:<\/strong><br \/>\n<strong>LOS ANDES.-<\/strong> Con la idea de aumentar las competencias y habilidades de los vecinos para mejorar las oportunidades de inserci\u00f3n laboral o el desarrollo de un emprendimiento personal, 22 vecinos participaron de los cursos \u2018Operador de Frutales Mayores\u2019 y \u2018Operador de Cultivos de Hortalizas bajo Invernadero\u2019 que se desarrollaron gracias a los remanentes de capacitaci\u00f3n Sence de Codelco Divisi\u00f3n Andina.<br \/>\nLos cursos se implementaron a trav\u00e9s del programa Becas Laborales que el Estado pone a disposici\u00f3n de las personas para la entrega de capacidades verdaderas y s\u00f3lidas herramientas en el campo laboral.<br \/>\nLos alumnos de ambos m\u00f3dulos aprendieron de preparaci\u00f3n de suelo, confecci\u00f3n de invernadero en escala real, labores de cosecha, podas de frutales, mantenimiento de frutales en verde y labores complementarias mantenci\u00f3n de campo.<\/p>\n<p><strong>Testimonio: Mejor empleabilidad y oportunidades<\/strong><\/p>\n<p>Gloria De la Paz, Los Andes:\u00a0\u201cMe gust\u00f3 mucho el curso, aprend\u00ed sobre cultivo. Una experiencia que nos va ayudar a poder tener nuestro propio invernadero y que sea algo productivo. Me gustar\u00eda seguir capacit\u00e1ndome\u201d.<\/p>\n<p>Betty Palma, Los Andes:\u00a0\u201cLa experiencia fue positiva. Aprend\u00ed de cultivo, algo que siempre quise. Ya confeccion\u00e9 mi invernadero gracias a las herramientas que ac\u00e1 nos entregaron\u201d.<\/p>\n<p>Marisel S\u00e1nchez, sector Los Rosales:\u00a0\u201cAprend\u00ed muchas cosas. Sobre todo para que los frutales crecieran mejor y fueran m\u00e1s productivos. Tener m\u00e1s trabajo ese es la idea\u201d.<\/p>\n<p>Sonia Colipe, presidenta Junta Vecinos Los Rosales:\u00a0\u201cEn el curso de operaci\u00f3n de frutales mayores, muchas de nosotras no ten\u00edamos idea qu\u00e9 era una poda y por ejemplo, aprendimos hacer injertos. Nos llevaron a terreno, fue buen\u00edsimo\u201d.<\/p>\n<div class=\"tiled-gallery type-rectangular tiled-gallery-unresized\" data-original-width=\"640\" data-carousel-extra='null' itemscope itemtype=\"http:\/\/schema.org\/ImageGallery\" > <div class=\"gallery-row\" style=\"width: 640px; height: 282px;\" data-original-width=\"640\" data-original-height=\"282\" > <div class=\"gallery-group images-1\" style=\"width: 427px; height: 282px;\" data-original-width=\"427\" data-original-height=\"282\" > <div class=\"tiled-gallery-item tiled-gallery-item-large\" itemprop=\"associatedMedia\" itemscope itemtype=\"http:\/\/schema.org\/ImageObject\"> <a href=\"https:\/\/eltrabajo.cl\/portal\/certifican-a-22-vecinos-en-cursos-de-operador-de-frutales-mayores-y-cultivos-de-hortalizas\/sonia-colipe\/\" border=\"0\" itemprop=\"url\"> <meta itemprop=\"width\" content=\"423\"> <meta itemprop=\"height\" content=\"278\"> <img decoding=\"async\" class=\"\" data-attachment-id=\"67809\" data-orig-file=\"https:\/\/eltrabajo.cl\/portal\/wp-content\/uploads\/2016\/03\/Sonia-Colipe.jpg\" data-orig-size=\"530,348\" data-comments-opened=\"1\" data-image-meta=\"{&quot;aperture&quot;:&quot;0&quot;,&quot;credit&quot;:&quot;&quot;,&quot;camera&quot;:&quot;&quot;,&quot;caption&quot;:&quot;&quot;,&quot;created_timestamp&quot;:&quot;1457524946&quot;,&quot;copyright&quot;:&quot;&quot;,&quot;focal_length&quot;:&quot;0&quot;,&quot;iso&quot;:&quot;0&quot;,&quot;shutter_speed&quot;:&quot;0&quot;,&quot;title&quot;:&quot;&quot;,&quot;orientation&quot;:&quot;0&quot;}\" data-image-title=\"Sonia Colipe, presidenta Junta Vecinos Los Rosales.\" data-image-description=\"&lt;p&gt;Sonia Colipe, presidenta Junta Vecinos Los Rosales.&lt;\/p&gt; \" data-medium-file=\"https:\/\/i0.wp.com\/eltrabajo.cl\/portal\/wp-content\/uploads\/2016\/03\/Sonia-Colipe.jpg?fit=300%2C197&#038;ssl=1\" data-large-file=\"https:\/\/i0.wp.com\/eltrabajo.cl\/portal\/wp-content\/uploads\/2016\/03\/Sonia-Colipe.jpg?fit=530%2C348&#038;ssl=1\" src=\"https:\/\/i0.wp.com\/eltrabajo.cl\/portal\/wp-content\/uploads\/2016\/03\/Sonia-Colipe.jpg?w=423&#038;h=278&#038;ssl=1\" srcset=\"https:\/\/i0.wp.com\/eltrabajo.cl\/portal\/wp-content\/uploads\/2016\/03\/Sonia-Colipe.jpg?w=530&amp;ssl=1 530w, https:\/\/i0.wp.com\/eltrabajo.cl\/portal\/wp-content\/uploads\/2016\/03\/Sonia-Colipe.jpg?resize=200%2C131&amp;ssl=1 200w, https:\/\/i0.wp.com\/eltrabajo.cl\/portal\/wp-content\/uploads\/2016\/03\/Sonia-Colipe.jpg?resize=300%2C197&amp;ssl=1 300w, https:\/\/i0.wp.com\/eltrabajo.cl\/portal\/wp-content\/uploads\/2016\/03\/Sonia-Colipe.jpg?resize=228%2C150&amp;ssl=1 228w, https:\/\/i0.wp.com\/eltrabajo.cl\/portal\/wp-content\/uploads\/2016\/03\/Sonia-Colipe.jpg?resize=400%2C263&amp;ssl=1 400w\" width=\"423\" height=\"278\" loading=\"lazy\" data-original-width=\"423\" data-original-height=\"278\" itemprop=\"http:\/\/schema.org\/image\" title=\"Sonia Colipe, presidenta Junta Vecinos Los Rosales.\" alt=\"Sonia Colipe, presidenta Junta Vecinos Los Rosales.\" style=\"width: 423px; height: 278px;\" \/> <\/a> <div class=\"tiled-gallery-caption\" itemprop=\"caption description\"> Sonia Colipe, presidenta Junta Vecinos Los Rosales. <\/div> <\/div> <\/div> <!-- close group --> <div class=\"gallery-group images-2\" style=\"width: 213px; height: 282px;\" data-original-width=\"213\" data-original-height=\"282\" > <div class=\"tiled-gallery-item tiled-gallery-item-small\" itemprop=\"associatedMedia\" itemscope itemtype=\"http:\/\/schema.org\/ImageObject\"> <a href=\"https:\/\/eltrabajo.cl\/portal\/certifican-a-22-vecinos-en-cursos-de-operador-de-frutales-mayores-y-cultivos-de-hortalizas\/gloria-de-la-paz\/\" border=\"0\" itemprop=\"url\"> <meta itemprop=\"width\" content=\"209\"> <meta itemprop=\"height\" content=\"137\"> <img decoding=\"async\" class=\"\" data-attachment-id=\"67810\" data-orig-file=\"https:\/\/eltrabajo.cl\/portal\/wp-content\/uploads\/2016\/03\/Gloria-De-la-Paz.jpg\" data-orig-size=\"530,348\" data-comments-opened=\"1\" data-image-meta=\"{&quot;aperture&quot;:&quot;0&quot;,&quot;credit&quot;:&quot;&quot;,&quot;camera&quot;:&quot;&quot;,&quot;caption&quot;:&quot;&quot;,&quot;created_timestamp&quot;:&quot;1457524545&quot;,&quot;copyright&quot;:&quot;&quot;,&quot;focal_length&quot;:&quot;0&quot;,&quot;iso&quot;:&quot;0&quot;,&quot;shutter_speed&quot;:&quot;0&quot;,&quot;title&quot;:&quot;&quot;,&quot;orientation&quot;:&quot;0&quot;}\" data-image-title=\"Gloria De la Paz, vecina de Los Andes.\" data-image-description=\"&lt;p&gt;Gloria De la Paz, vecina de Los Andes.&lt;\/p&gt; \" data-medium-file=\"https:\/\/i0.wp.com\/eltrabajo.cl\/portal\/wp-content\/uploads\/2016\/03\/Gloria-De-la-Paz.jpg?fit=300%2C197&#038;ssl=1\" data-large-file=\"https:\/\/i0.wp.com\/eltrabajo.cl\/portal\/wp-content\/uploads\/2016\/03\/Gloria-De-la-Paz.jpg?fit=530%2C348&#038;ssl=1\" src=\"https:\/\/i0.wp.com\/eltrabajo.cl\/portal\/wp-content\/uploads\/2016\/03\/Gloria-De-la-Paz.jpg?w=209&#038;h=137&#038;ssl=1\" srcset=\"https:\/\/i0.wp.com\/eltrabajo.cl\/portal\/wp-content\/uploads\/2016\/03\/Gloria-De-la-Paz.jpg?w=530&amp;ssl=1 530w, https:\/\/i0.wp.com\/eltrabajo.cl\/portal\/wp-content\/uploads\/2016\/03\/Gloria-De-la-Paz.jpg?resize=200%2C131&amp;ssl=1 200w, https:\/\/i0.wp.com\/eltrabajo.cl\/portal\/wp-content\/uploads\/2016\/03\/Gloria-De-la-Paz.jpg?resize=300%2C197&amp;ssl=1 300w, https:\/\/i0.wp.com\/eltrabajo.cl\/portal\/wp-content\/uploads\/2016\/03\/Gloria-De-la-Paz.jpg?resize=228%2C150&amp;ssl=1 228w, https:\/\/i0.wp.com\/eltrabajo.cl\/portal\/wp-content\/uploads\/2016\/03\/Gloria-De-la-Paz.jpg?resize=400%2C263&amp;ssl=1 400w\" width=\"209\" height=\"137\" loading=\"lazy\" data-original-width=\"209\" data-original-height=\"137\" itemprop=\"http:\/\/schema.org\/image\" title=\"Gloria De la Paz, vecina de Los Andes.\" alt=\"Gloria De la Paz, vecina de Los Andes.\" style=\"width: 209px; height: 137px;\" \/> <\/a> <div class=\"tiled-gallery-caption\" itemprop=\"caption description\"> Gloria De la Paz, vecina de Los Andes. <\/div> <\/div> <div class=\"tiled-gallery-item tiled-gallery-item-small\" itemprop=\"associatedMedia\" itemscope itemtype=\"http:\/\/schema.org\/ImageObject\"> <a href=\"https:\/\/eltrabajo.cl\/portal\/certifican-a-22-vecinos-en-cursos-de-operador-de-frutales-mayores-y-cultivos-de-hortalizas\/marisel-sanchez\/\" border=\"0\" itemprop=\"url\"> <meta itemprop=\"width\" content=\"209\"> <meta itemprop=\"height\" content=\"137\"> <img decoding=\"async\" class=\"\" data-attachment-id=\"67808\" data-orig-file=\"https:\/\/eltrabajo.cl\/portal\/wp-content\/uploads\/2016\/03\/Marisel-Sanchez.jpg\" data-orig-size=\"530,348\" data-comments-opened=\"1\" data-image-meta=\"{&quot;aperture&quot;:&quot;0&quot;,&quot;credit&quot;:&quot;&quot;,&quot;camera&quot;:&quot;&quot;,&quot;caption&quot;:&quot;&quot;,&quot;created_timestamp&quot;:&quot;1457524813&quot;,&quot;copyright&quot;:&quot;&quot;,&quot;focal_length&quot;:&quot;0&quot;,&quot;iso&quot;:&quot;0&quot;,&quot;shutter_speed&quot;:&quot;0&quot;,&quot;title&quot;:&quot;&quot;,&quot;orientation&quot;:&quot;0&quot;}\" data-image-title=\"Marisel S\u00e1nchez, vecina de sector Los Rosales.\" data-image-description=\"&lt;p&gt;Marisel S\u00e1nchez, vecina de sector Los Rosales.&lt;\/p&gt; \" data-medium-file=\"https:\/\/i0.wp.com\/eltrabajo.cl\/portal\/wp-content\/uploads\/2016\/03\/Marisel-Sanchez.jpg?fit=300%2C197&#038;ssl=1\" data-large-file=\"https:\/\/i0.wp.com\/eltrabajo.cl\/portal\/wp-content\/uploads\/2016\/03\/Marisel-Sanchez.jpg?fit=530%2C348&#038;ssl=1\" src=\"https:\/\/i0.wp.com\/eltrabajo.cl\/portal\/wp-content\/uploads\/2016\/03\/Marisel-Sanchez.jpg?w=209&#038;h=137&#038;ssl=1\" srcset=\"https:\/\/i0.wp.com\/eltrabajo.cl\/portal\/wp-content\/uploads\/2016\/03\/Marisel-Sanchez.jpg?w=530&amp;ssl=1 530w, https:\/\/i0.wp.com\/eltrabajo.cl\/portal\/wp-content\/uploads\/2016\/03\/Marisel-Sanchez.jpg?resize=200%2C131&amp;ssl=1 200w, https:\/\/i0.wp.com\/eltrabajo.cl\/portal\/wp-content\/uploads\/2016\/03\/Marisel-Sanchez.jpg?resize=300%2C197&amp;ssl=1 300w, https:\/\/i0.wp.com\/eltrabajo.cl\/portal\/wp-content\/uploads\/2016\/03\/Marisel-Sanchez.jpg?resize=228%2C150&amp;ssl=1 228w, https:\/\/i0.wp.com\/eltrabajo.cl\/portal\/wp-content\/uploads\/2016\/03\/Marisel-Sanchez.jpg?resize=400%2C263&amp;ssl=1 400w\" width=\"209\" height=\"137\" loading=\"lazy\" data-original-width=\"209\" data-original-height=\"137\" itemprop=\"http:\/\/schema.org\/image\" title=\"Marisel S\u00e1nchez, vecina de sector Los Rosales.\" alt=\"Marisel S\u00e1nchez, vecina de sector Los Rosales.\" style=\"width: 209px; height: 137px;\" \/> <\/a> <div class=\"tiled-gallery-caption\" itemprop=\"caption description\"> Marisel S\u00e1nchez, vecina de sector Los Rosales. <\/div> <\/div> <\/div> <!-- close group --> <\/div> <!-- close row --> <\/div>\n","protected":false},"excerpt":{"rendered":"<p>En Calle Larga y Los Andes: LOS ANDES.- Con la idea de aumentar las competencias y habilidades de los vecinos para mejorar las oportunidades de inserci\u00f3n laboral o el desarrollo de un&#8230;<\/p>\n","protected":false},"author":1,"featured_media":67807,"comment_status":"open","ping_status":"open","sticky":false,"template":"","format":"standard","meta":{"advanced_seo_description":"","jetpack_seo_html_title":"","jetpack_seo_noindex":false,"_jetpack_memberships_contains_paid_content":false,"footnotes":""},"categories":[1],"tags":[],"class_list":["post-67806","post","type-post","status-publish","format-standard","has-post-thumbnail","hentry","category-cronica"],"jetpack_featured_media_url":"https:\/\/i0.wp.com\/eltrabajo.cl\/portal\/wp-content\/uploads\/2016\/03\/invernaderos.jpg?fit=530%2C349&ssl=1","jetpack_sharing_enabled":true,"jetpack_likes_enabled":true,"jetpack-related-posts":[],"_links":{"self":[{"href":"https:\/\/eltrabajo.cl\/portal\/wp-json\/wp\/v2\/posts\/67806","targetHints":{"allow":["GET"]}}],"collection":[{"href":"https:\/\/eltrabajo.cl\/portal\/wp-json\/wp\/v2\/posts"}],"about":[{"href":"https:\/\/eltrabajo.cl\/portal\/wp-json\/wp\/v2\/types\/post"}],"author":[{"embeddable":true,"href":"https:\/\/eltrabajo.cl\/portal\/wp-json\/wp\/v2\/users\/1"}],"replies":[{"embeddable":true,"href":"https:\/\/eltrabajo.cl\/portal\/wp-json\/wp\/v2\/comments?post=67806"}],"version-history":[{"count":0,"href":"https:\/\/eltrabajo.cl\/portal\/wp-json\/wp\/v2\/posts\/67806\/revisions"}],"wp:featuredmedia":[{"embeddable":true,"href":"https:\/\/eltrabajo.cl\/portal\/wp-json\/wp\/v2\/media\/67807"}],"wp:attachment":[{"href":"https:\/\/eltrabajo.cl\/portal\/wp-json\/wp\/v2\/media?parent=67806"}],"wp:term":[{"taxonomy":"category","embeddable":true,"href":"https:\/\/eltrabajo.cl\/portal\/wp-json\/wp\/v2\/categories?post=67806"},{"taxonomy":"post_tag","embeddable":true,"href":"https:\/\/eltrabajo.cl\/portal\/wp-json\/wp\/v2\/tags?post=67806"}],"curies":[{"name":"wp","href":"https:\/\/api.w.org\/{rel}","templated":true}]}}